{"id":957,"date":"2025-09-29T20:37:08","date_gmt":"2025-09-29T20:37:08","guid":{"rendered":"https:\/\/cts-chile.cl\/xiiiencuentro\/?p=957"},"modified":"2025-12-20T19:41:37","modified_gmt":"2025-12-20T19:41:37","slug":"postula","status":"publish","type":"post","link":"https:\/\/cts-chile.cl\/xiiiencuentro\/postula\/","title":{"rendered":"Postula"},"content":{"rendered":"\n<p>Siguiendo la tradici\u00f3n de los Encuentros CTS-Chile, se invita a la comunidad acad\u00e9mica, investigadora, profesional y estudiantil, a participar en el XIII Encuentro CTS-Chile, que llevar\u00e1 por t\u00edtulo\u202f\u00ab Arqueolog\u00eda del futuro y epistemolog\u00edas del porvenir\u00bb. Este lema pone foco en la necesidad de analizar c\u00f3mo nuestras ideas sobre el futuro inciden en los conocimientos y saberes (y viceversa), y se espera que las contribuciones vayan con el esp\u00edritu transdisciplinar de nuestra universidad. Dicho esto, el XIII Encuentro CTS \u2013 Chile propone mirar c\u00f3mo nuestras ideas e imaginarios de futuros posibles inciden en c\u00f3mo pensamos, investigamos y habitamos el presente&nbsp;y&nbsp;el&nbsp;pasado.<\/p>\n\n\n\n<p class=\"has-larger-font-size\"><strong>PLAZOS Y CONSIDERACIONES<\/strong>&nbsp;<\/p>\n\n\n\n<ul class=\"wp-block-list\">\n<li>El plazo para la presentaci\u00f3n de contribuciones es el mi\u00e9rcoles <strong>5 de noviembre de 2025<\/strong>. Los resultados ser\u00e1n informados a m\u00e1s tardar el d\u00eda\u202f<strong> lunes 1 de diciembre<\/strong><\/li>\n<\/ul>\n\n\n\n<ul class=\"wp-block-list\">\n<li>Cada participante puede postular<strong> hasta con dos (2) diferentes contribuciones como autor\/a principal<\/strong>, que deben ser registradas como diferentes respuestas en el\u202fformulario de inscripci\u00f3n.&nbsp;<\/li>\n<\/ul>\n\n\n\n<ul class=\"wp-block-list\">\n<li>La informaci\u00f3n solicitada en torno al trabajo considera: <strong>modalidad de presentaci\u00f3n, t\u00edtulo, resumen de m\u00e1ximo 350 palabras, palabras claves y \u202fl\u00edneas tem\u00e1ticas\u202frelacionadas<\/strong>. Esta informaci\u00f3n es obligatoria para postular.&nbsp;<\/li>\n<\/ul>\n\n\n\n<ul class=\"wp-block-list\">\n<li><strong>Aquellos trabajos seleccionados para formato ponencia deber\u00e1n pagar un monto de $25.000 todos aquellos autores que participen en la exposici\u00f3n de la ponencia con tal de confirmar su participaci\u00f3n.<\/strong> En el caso de las mesas tem\u00e1ticas, se debe pagar dicho monto por cada investigador\/a que integre la misma. <strong>Estudiantes de pregrado que sean seleccionados bajo alguna de las modalidades de presentaci\u00f3n quedan eximidos de cancelar este monto adjuntando un certificado de alumno regular.<\/strong> Con este cobro se busca comprometer la participaci\u00f3n en el encuentro de las personas asociadas a los trabajos seleccionados.\u00a0<\/li>\n<\/ul>\n\n\n\n<ul class=\"wp-block-list\">\n<li>Los recursos generados por esta inscripci\u00f3n <strong>se dividir\u00e1n en tres partes<\/strong>: una destinada a apoyar los gastos operativos del encuentro, otra para apoyar costos de participantes asociados al\u202fprograma de mentor\u00edas\u202fde la Red, y la \u00faltima, quedar\u00e1 a disposici\u00f3n de la organizaci\u00f3n del siguiente encuentro.\u00a0<\/li>\n<\/ul>\n\n\n\n<ul class=\"wp-block-list\">\n<li>Las personas que participen presentando durante el encuentro, obtendr\u00e1n m\u00e1s tarde su <strong>respectivo certificado de participaci\u00f3n.&nbsp;<\/strong><\/li>\n<\/ul>\n\n\n\n<ul class=\"wp-block-list\">\n<li>Las presentaciones en modalidad ponencia y mesa tem\u00e1tica pueden realizarse de forma h\u00edbrida, No obstante,\u202fl<strong>a organizaci\u00f3n no puede hacerse responsable en caso de problemas de la se\u00f1al <\/strong>por lo que se priorizar\u00e1 el formato presencial.<\/li>\n<\/ul>\n\n\n\n<ul class=\"wp-block-list\">\n<li><mark style=\"background-color:#d4e7f7\" class=\"has-inline-color\"><strong>IMPORTANTE:<\/strong> Las presentaciones en <strong>modalidad proyecto making &amp; doing y co creaci\u00f3n<\/strong> estar\u00e1n sujetos a otros montos que se comunicar\u00e1n oportunamente. Adem\u00e1s, se informa que no pasar\u00e1n por evaluaci\u00f3n de un comit\u00e9 cient\u00edfico y su selecci\u00f3n se realizar\u00e1 en base a pertinencia territorial. Las experiencias  deber\u00e1n ser llevadas a cabo obligatoriamente de manera presencial.&nbsp;<\/mark><\/li>\n<\/ul>\n\n\n\n<p>Dudas, consultas y comentarios pueden realizarse al correo electr\u00f3nico\u202f<a href=\"mailto:admin@cts-chile.cl\" target=\"_blank\" rel=\"noreferrer noopener\"><strong>admin@cts-chile.cl<\/strong><\/a>.&nbsp;<\/p>\n\n\n\n<iframe loading=\"lazy\" src=\"https:\/\/docs.google.com\/forms\/d\/e\/1FAIpQLSdYvSff7RfeDpagJcXdZrqicB6I7LjiyUFIGu5ayjDWuXglJQ\/viewform?embedded=true\" width=\"700\" height=\"640\" frameborder=\"0\" marginheight=\"0\" marginwidth=\"0\">Cargando\u2026<\/iframe>\n\n\n\n<p><\/p>\n","protected":false},"excerpt":{"rendered":"<p>Siguiendo la tradici\u00f3n de los Encuentros CTS-Chile, se invita a la comunidad acad\u00e9mica, investigadora, profesional y estudiantil, a participar en el XIII Encuentro CTS-Chile, que llevar\u00e1 por t\u00edtulo\u202f\u00ab Arqueolog\u00eda del futuro y epistemolog\u00edas del porvenir\u00bb. Este lema pone foco en la necesidad de analizar c\u00f3mo nuestras ideas sobre el futuro inciden en los conocimientos y&hellip;<\/p>\n<a class=\"read-more-link\" href=\" https:\/\/cts-chile.cl\/xiiiencuentro\/postula\/ \">Read More<\/a>","protected":false},"author":2,"featured_media":0,"comment_status":"closed","ping_status":"closed","sticky":false,"template":"","format":"standard","meta":{"_jetpack_memberships_contains_paid_content":false,"footnotes":""},"categories":[1],"tags":[],"class_list":["post-957","post","type-post","status-publish","format-standard","hentry","category-uncategorized","col-lg-4 col-sm-6"],"jetpack_featured_media_url":"","jetpack_sharing_enabled":true,"_links":{"self":[{"href":"https:\/\/cts-chile.cl\/xiiiencuentro\/wp-json\/wp\/v2\/posts\/957","targetHints":{"allow":["GET"]}}],"collection":[{"href":"https:\/\/cts-chile.cl\/xiiiencuentro\/wp-json\/wp\/v2\/posts"}],"about":[{"href":"https:\/\/cts-chile.cl\/xiiiencuentro\/wp-json\/wp\/v2\/types\/post"}],"author":[{"embeddable":true,"href":"https:\/\/cts-chile.cl\/xiiiencuentro\/wp-json\/wp\/v2\/users\/2"}],"replies":[{"embeddable":true,"href":"https:\/\/cts-chile.cl\/xiiiencuentro\/wp-json\/wp\/v2\/comments?post=957"}],"version-history":[{"count":11,"href":"https:\/\/cts-chile.cl\/xiiiencuentro\/wp-json\/wp\/v2\/posts\/957\/revisions"}],"predecessor-version":[{"id":1167,"href":"https:\/\/cts-chile.cl\/xiiiencuentro\/wp-json\/wp\/v2\/posts\/957\/revisions\/1167"}],"wp:attachment":[{"href":"https:\/\/cts-chile.cl\/xiiiencuentro\/wp-json\/wp\/v2\/media?parent=957"}],"wp:term":[{"taxonomy":"category","embeddable":true,"href":"https:\/\/cts-chile.cl\/xiiiencuentro\/wp-json\/wp\/v2\/categories?post=957"},{"taxonomy":"post_tag","embeddable":true,"href":"https:\/\/cts-chile.cl\/xiiiencuentro\/wp-json\/wp\/v2\/tags?post=957"}],"curies":[{"name":"wp","href":"https:\/\/api.w.org\/{rel}","templated":true}]}}