{"id":159,"date":"2022-10-31T20:00:00","date_gmt":"2022-10-31T20:00:00","guid":{"rendered":"https:\/\/aparato.tkdemos.co\/?p=159"},"modified":"2023-03-27T01:23:03","modified_gmt":"2023-03-27T01:23:03","slug":"inicio","status":"publish","type":"post","link":"https:\/\/cts-chile.cl\/xencuentro\/inicio\/","title":{"rendered":"X Encuentro CTS-Chile"},"content":{"rendered":"\n<p class=\"has-text-align-center has-luminous-vivid-orange-color has-text-color\">  <\/p>\n\n\n\n<p><\/p>\n\n\n\n<p>Este encuentro conmemora los 10 a\u00f1os de la <strong>Red CTS Chile<\/strong>, y ser\u00e1 una instancia para reflexionar en el territorio austral, en torno a temas propios de los estudios CTS y sus expresiones locales en las regiones de <strong>Ays\u00e9n del General Carlos Ib\u00e1\u00f1ez del Campo <\/strong>y <strong>Magallanes y de la Ant\u00e1rtica Chilena.<\/strong>\u00a0<\/p>\n\n\n\n<p>El territorio austral supone pensar en una espacialidad constituida por arquitecturas normativas, actor\u00edas y relaciones de colaboraci\u00f3n, que se ensamblan en un marco contextual, desarrollando modos de hacer conocimiento, ciencia y tecnolog\u00eda heterog\u00e9neas; modelando un espacio amplio, complejo e interdisciplinario que articula preocupaciones locales con dilemas globales. Emerge un territorio propicio para la colaboraci\u00f3n acad\u00e9mica, abriendo un escenario que asume su especificidad en la imbricaci\u00f3n siempre compleja entre ciencia (geo)pol\u00edtica\u00a0 y sociedad.<\/p>\n\n\n\n<!--more-->\n\n\n\n<p>Invitamos a la comunidad chilena CTS a reflexionar, difundir y compartir la realizaci\u00f3n de nuestro <strong>X Encuentro CTS-Chile<\/strong>, y pensar en traves\u00edas en los maritorios y territorios de la ciencia, la tecnolog\u00eda y el conocimiento austral -los cuales han captado la atenci\u00f3n de distintos agentes a nivel nacional y global. Explorar y caracterizar el desarrollo de estas agendas locales\/nacionales\/globales de CTCI, supone cartografiar parte de rutas hist\u00f3ricas de circulaci\u00f3n de conocimientos, poniendo en tensi\u00f3n la relaci\u00f3n centro-periferia (local, nacional e internacional). El resultado de este recorrido habilita la reflexi\u00f3n sobre la co-construcci\u00f3n de pol\u00edticas p\u00fablicas, el redise\u00f1o de prioridades cient\u00edficas y las formas en que el Estado enfrenta los desaf\u00edos contempor\u00e1neos en esta parte del planeta. Esto \u00faltimo, toma especial inter\u00e9s en el contexto de la reciente creaci\u00f3n de la nueva institucionalidad de la ciencia, la tecnolog\u00eda y el conocimiento en Chile.\u00a0<\/p>\n\n\n\n<p>Como ha sido tradici\u00f3n en los \u00faltimos diez a\u00f1os, este encuentro invita a las personas, colectivos y grupos a dialogar y reflexionar sobre los v\u00ednculos, influencias y afecciones entre desarrollos tecnol\u00f3gicos, cient\u00edficos y formaciones sociales.<\/p>\n\n\n\n<figure class=\"wp-block-image size-full\"><img data-recalc-dims=\"1\" loading=\"lazy\" decoding=\"async\" width=\"1024\" height=\"768\" src=\"https:\/\/i0.wp.com\/cts-chile.cl\/xencuentro\/wp-content\/uploads\/2022\/11\/WhatsApp-Image-2022-10-31-at-9.19.00-PM.jpeg?resize=1024%2C768&ssl=1\" alt=\"\" class=\"wp-image-1127\" srcset=\"https:\/\/i0.wp.com\/cts-chile.cl\/xencuentro\/wp-content\/uploads\/2022\/11\/WhatsApp-Image-2022-10-31-at-9.19.00-PM.jpeg?w=1024&ssl=1 1024w, https:\/\/i0.wp.com\/cts-chile.cl\/xencuentro\/wp-content\/uploads\/2022\/11\/WhatsApp-Image-2022-10-31-at-9.19.00-PM.jpeg?resize=300%2C225&ssl=1 300w, https:\/\/i0.wp.com\/cts-chile.cl\/xencuentro\/wp-content\/uploads\/2022\/11\/WhatsApp-Image-2022-10-31-at-9.19.00-PM.jpeg?resize=768%2C576&ssl=1 768w, https:\/\/i0.wp.com\/cts-chile.cl\/xencuentro\/wp-content\/uploads\/2022\/11\/WhatsApp-Image-2022-10-31-at-9.19.00-PM.jpeg?resize=690%2C518&ssl=1 690w, https:\/\/i0.wp.com\/cts-chile.cl\/xencuentro\/wp-content\/uploads\/2022\/11\/WhatsApp-Image-2022-10-31-at-9.19.00-PM.jpeg?resize=800%2C600&ssl=1 800w\" sizes=\"auto, (max-width: 1024px) 100vw, 1024px\" \/><\/figure>\n\n\n\n<p><\/p>\n\n\n\n<p class=\"has-vivid-green-cyan-color has-text-color has-large-font-size\"><strong>Modalidad de participaci\u00f3n e inscripciones<\/strong><\/p>\n\n\n\n<p>Est\u00e1 abierto el per\u00edodo de inscripci\u00f3n. Todas las actividades se realizar\u00e1n de <strong>manera presencial<\/strong> en la ciudad de <strong>Punta Arenas.<\/strong><\/p>\n\n\n\n<p class=\"has-luminous-vivid-orange-color has-text-color\">Periodo de recepci\u00f3n<strong>: CERRADO.<\/strong><\/p>\n\n\n\n<p class=\"has-black-color has-text-color\"><strong>Enlace:<\/strong> https:\/\/cts-chile.cl\/xencuentro\/registro-de-asistencia\/<\/p>\n\n\n\n<p><\/p>\n\n\n\n<p class=\"has-vivid-green-cyan-color has-text-color has-large-font-size\"><strong>Mesas tem\u00e1ticas abiertas o cerradas<\/strong><\/p>\n\n\n\n<p>Propuesta abierta o cerrada sustentada por un conjunto de colegas acad\u00e9micos y\/o no acad\u00e9micos que proponen una reflexi\u00f3n y un m\u00e1ximo de cinco (5) trabajos que reflexionan en com\u00fan sobre el tema que se propone. Los proponentes, podr\u00e1n invitar (modalidad abierta) o no (modalidad cerrada) a la presentaci\u00f3n de ponencias a dichas mesas.<\/p>\n\n\n\n<p class=\"has-luminous-vivid-orange-color has-text-color\"><strong>Fecha l\u00edmite de env\u00edo: CERRADO<\/strong><\/p>\n\n\n\n<p><strong>Enlace: <\/strong><a href=\"https:\/\/docs.google.com\/forms\/d\/e\/1FAIpQLSdnTO8Uao2YLdXx7uJOdOtPBHBdj0KwTO55utDJKcBTqQt0Tw\/viewform\">https:\/\/docs.google.com\/forms\/d\/e\/1FAIpQLSdnTO8Uao2YLdXx7uJOdOtPBHBdj0KwTO55utDJKcBTqQt0Tw\/viewform<\/a><\/p>\n\n\n\n<p class=\"has-vivid-green-cyan-color has-text-color has-large-font-size\"><strong>Acciones de vinculaci\u00f3n con el entorno<\/strong><\/p>\n\n\n\n<p>Presentaci\u00f3n de acciones de intervenci\u00f3n urbana, presentaciones de libros, acciones-proyectos de ciencia y arte, talleres abiertos a la comunidad y toda clase de formas de vinculaci\u00f3n de las reflexiones CTS y la sociedad. En este caso, se solicita se indique: (i) descripci\u00f3n de la actividad; (ii) p\u00fablico objetivo; (iii) capacidades log\u00edsticas disponibles y requerimientos para la organizaci\u00f3n.<\/p>\n\n\n\n<p class=\"has-luminous-vivid-orange-color has-text-color\"><strong>Fecha l\u00edmite para env\u00edo de propuestas: CERRADO.<\/strong><\/p>\n\n\n\n<p><strong>Enlace: <\/strong> <a href=\"https:\/\/cts-chile.cl\/xencuentro\/vinculacionconentorno\/\">https:\/\/cts-chile.cl\/xencuentro\/vinculacionconentorno\/<\/a><\/p>\n\n\n\n<p class=\"has-vivid-green-cyan-color has-text-color has-large-font-size\"><strong>Ponencias<\/strong><\/p>\n\n\n\n<p>Presentaci\u00f3n de trabajos individuales o colaborativos, cuya evaluaci\u00f3n podr\u00e1 proponer su inclusi\u00f3n en mesas de trabajo existentes o nuevas.<\/p>\n\n\n\n<p class=\"has-luminous-vivid-orange-color has-text-color\"><strong>Periodo de recepci\u00f3n: CERRADO.<\/strong><\/p>\n\n\n\n<p><strong>Enlace:<\/strong> <a href=\"https:\/\/cts-chile.cl\/xencuentro\/ponencias\/\">https:\/\/cts-chile.cl\/xencuentro\/ponencias\/<\/a><\/p>\n\n\n\n<p class=\"has-vivid-green-cyan-color has-text-color has-large-font-size\"><\/p>\n\n\n\n<p class=\"has-large-font-size\"><\/p>\n\n\n\n<p class=\"has-vivid-green-cyan-color has-text-color has-large-font-size\"><\/p>\n\n\n\n<p><\/p>\n\n\n\n<p><\/p>\n\n\n\n<p><\/p>\n","protected":false},"excerpt":{"rendered":"<p>Este encuentro conmemora los 10 a\u00f1os de la Red CTS Chile, y ser\u00e1 una instancia para reflexionar en el territorio austral, en torno a temas propios de los estudios CTS y sus expresiones locales en las regiones de Ays\u00e9n del General Carlos Ib\u00e1\u00f1ez del Campo y Magallanes y de la Ant\u00e1rtica Chilena.\u00a0 El territorio austral&hellip;<\/p>\n<a class=\"read-more-link\" href=\" https:\/\/cts-chile.cl\/xencuentro\/inicio\/ \">Read More<\/a>","protected":false},"author":2,"featured_media":1075,"comment_status":"closed","ping_status":"closed","sticky":false,"template":"","format":"standard","meta":{"_jetpack_memberships_contains_paid_content":false,"footnotes":""},"categories":[22],"tags":[16,15,17],"class_list":["post-159","post","type-post","status-publish","format-standard","has-post-thumbnail","hentry","category-presentacion","tag-convocatoria","tag-informacion","tag-participa","col-md-4 col-sm-6"],"jetpack_featured_media_url":"https:\/\/i0.wp.com\/cts-chile.cl\/xencuentro\/wp-content\/uploads\/2022\/01\/Artboard-1-copia-3-100.jpeg?fit=1921%2C1740&ssl=1","jetpack_sharing_enabled":true,"_links":{"self":[{"href":"https:\/\/cts-chile.cl\/xencuentro\/wp-json\/wp\/v2\/posts\/159","targetHints":{"allow":["GET"]}}],"collection":[{"href":"https:\/\/cts-chile.cl\/xencuentro\/wp-json\/wp\/v2\/posts"}],"about":[{"href":"https:\/\/cts-chile.cl\/xencuentro\/wp-json\/wp\/v2\/types\/post"}],"author":[{"embeddable":true,"href":"https:\/\/cts-chile.cl\/xencuentro\/wp-json\/wp\/v2\/users\/2"}],"replies":[{"embeddable":true,"href":"https:\/\/cts-chile.cl\/xencuentro\/wp-json\/wp\/v2\/comments?post=159"}],"version-history":[{"count":46,"href":"https:\/\/cts-chile.cl\/xencuentro\/wp-json\/wp\/v2\/posts\/159\/revisions"}],"predecessor-version":[{"id":1537,"href":"https:\/\/cts-chile.cl\/xencuentro\/wp-json\/wp\/v2\/posts\/159\/revisions\/1537"}],"wp:featuredmedia":[{"embeddable":true,"href":"https:\/\/cts-chile.cl\/xencuentro\/wp-json\/wp\/v2\/media\/1075"}],"wp:attachment":[{"href":"https:\/\/cts-chile.cl\/xencuentro\/wp-json\/wp\/v2\/media?parent=159"}],"wp:term":[{"taxonomy":"category","embeddable":true,"href":"https:\/\/cts-chile.cl\/xencuentro\/wp-json\/wp\/v2\/categories?post=159"},{"taxonomy":"post_tag","embeddable":true,"href":"https:\/\/cts-chile.cl\/xencuentro\/wp-json\/wp\/v2\/tags?post=159"}],"curies":[{"name":"wp","href":"https:\/\/api.w.org\/{rel}","templated":true}]}}