{"id":929,"date":"2015-12-16T09:03:30","date_gmt":"2015-12-16T12:03:30","guid":{"rendered":"http:\/\/cts-chile.cl\/?p=929"},"modified":"2015-12-16T09:03:30","modified_gmt":"2015-12-16T12:03:30","slug":"call-for-papers-4seasst-barcelona-2015","status":"publish","type":"post","link":"https:\/\/cts-chile.cl\/weblog\/2015\/12\/16\/call-for-papers-4seasst-barcelona-2015\/","title":{"rendered":"Call for Papers 4S\/EASST Barcelona 2015"},"content":{"rendered":"<p class=\"p1\"><img data-recalc-dims=\"1\" loading=\"lazy\" decoding=\"async\" class=\" size-full wp-image-935 aligncenter\" src=\"https:\/\/i0.wp.com\/cts-chile.cl\/wp-content\/uploads\/2014\/09\/cropped-Photo-Jun-07-11-31-45-AM.jpg?resize=640%2C140&#038;quality=99\" alt=\"Screen Shot 2015-12-16 at 9.01.53\" width=\"640\" height=\"140\" \/><\/p>\n<p class=\"p1\"><span class=\"s1\">Se encuentra abierta la convocatoria par el env\u00edo de res\u00famenes y propuestas de sesiones cerradas al encuentro <a href=\"http:\/\/www.sts2016bcn.org\" target=\"_blank\" rel=\"noopener noreferrer\">4S\/EASST Barcelona 2015<\/a>. En el siguiente enlace puede encontrarse m\u00e1s informaci\u00f3n, as\u00ed como el listado de tracks y sus orientaciones.<\/span><\/p>\n<p class=\"p1\">[iframe style=&#8221;width: 100%; height: 1200px; border: none;&#8221; src=&#8221;http:\/\/www.sts2016bcn.org\/call-for-papers\/&#8221; width=&#8221;300&#8243; height=&#8221;150&#8243; frameborder=&#8221;0&#8243; scrolling=&#8221;yes&#8221;]<\/p>\n","protected":false},"excerpt":{"rendered":"<p>Se encuentra abierta la convocatoria par el env\u00edo de res\u00famenes y propuestas de sesiones cerradas al encuentro 4S\/EASST Barcelona 2015. En el siguiente enlace puede encontrarse m\u00e1s informaci\u00f3n, as\u00ed como el listado de tracks y sus orientaciones. [iframe style=&#8221;width: 100%; height: 1200px; border: none;&#8221; src=&#8221;http:\/\/www.sts2016bcn.org\/call-for-papers\/&#8221; width=&#8221;300&#8243; height=&#8221;150&#8243; frameborder=&#8221;0&#8243; scrolling=&#8221;yes&#8221;]<\/p>\n","protected":false},"author":1,"featured_media":1398,"comment_status":"closed","ping_status":"closed","sticky":false,"template":"","format":"standard","meta":{"jetpack_post_was_ever_published":false,"_jetpack_newsletter_access":"","_jetpack_dont_email_post_to_subs":false,"_jetpack_newsletter_tier_id":0,"_jetpack_memberships_contains_paywalled_content":false,"_jetpack_memberships_contains_paid_content":false,"footnotes":"","jetpack_publicize_message":"","jetpack_publicize_feature_enabled":true,"jetpack_social_post_already_shared":true,"jetpack_social_options":{"image_generator_settings":{"template":"highway","default_image_id":0,"font":"","enabled":false},"version":2}},"categories":[26,5],"tags":[],"class_list":["post-929","post","type-post","status-publish","format-standard","has-post-thumbnail","hentry","category-convocatorias","category-events"],"jetpack_publicize_connections":[],"jetpack_featured_media_url":"","jetpack_sharing_enabled":true,"jetpack-related-posts":[{"id":840,"url":"https:\/\/cts-chile.cl\/weblog\/2015\/10\/26\/extension-plazo-envio-paneles-4seasst-conference-bcn-2016\/","url_meta":{"origin":929,"position":0},"title":"Extensi\u00f3n plazo env\u00edo paneles 4S\/EASST CONFERENCE BCN-2016","author":"admin","date":"Octubre 26, 2015","format":false,"excerpt":"Informaci\u00f3n sobre el env\u00edo de Paneles a la 4S\/EASST CONFERENCE BCN-2016: El plazo l\u00edmite para enviar propuestas de tracks se ha extendido 10 d\u00edas. La nueva fecha l\u00edmite es el 5 de noviembre. Hay 10 d\u00edas m\u00e1s para preparar los tracks si a\u00fan no lo ha hecho y no ten\u00eda\u2026","rel":"","context":"En &quot;Convocatorias&quot;","block_context":{"text":"Convocatorias","link":"https:\/\/cts-chile.cl\/weblog\/category\/convocatorias\/"},"img":{"alt_text":"","src":"","width":0,"height":0},"classes":[]},{"id":2581,"url":"https:\/\/cts-chile.cl\/weblog\/2016\/01\/17\/call-for-papers-revue-danthropologie-des-connaissances-rac-y-fronteras-iii-encuentro-cts-chile\/","url_meta":{"origin":929,"position":1},"title":"Call for Papers &#8211; Revue d&#8217;anthropologie des connaissances (RAC) y Fronteras, III Encuentro CTS-Chile","author":"admin","date":"Enero 17, 2016","format":false,"excerpt":"CONVOCATORIA CERRADA EL 20 DE ENERO . Revue d'Anthropologie des Connaissances (RAC) Revue d'anthropologie des connaissances (RAC) Quienes deseen postular su ponencia a la publicaci\u00f3n del n\u00famero especial de la revista Anthropologie des Connaissances (RAC), les recordamos que esperamos sus ponencias para el 20\u00a0de enero [nueva fecha], en versi\u00f3n castellano\u2026","rel":"","context":"En &quot;Convocatorias&quot;","block_context":{"text":"Convocatorias","link":"https:\/\/cts-chile.cl\/weblog\/category\/convocatorias\/"},"img":{"alt_text":"Screen Shot 2016-01-17 at 17.06.36","src":"http:\/\/cts-chile.cl\/wp-content\/uploads\/2014\/09\/cropped-Photo-Jun-07-11-31-45-AM.jpg","width":320,"height":0,"srcset":"http:\/\/cts-chile.cl\/wp-content\/uploads\/2014\/09\/cropped-Photo-Jun-07-11-31-45-AM.jpg 1x, http:\/\/cts-chile.cl\/wp-content\/uploads\/2014\/09\/cropped-Photo-Jun-07-11-31-45-AM.jpg 1.5x, http:\/\/cts-chile.cl\/wp-content\/uploads\/2014\/09\/cropped-Photo-Jun-07-11-31-45-AM.jpg 2x"},"classes":[]},{"id":2017,"url":"https:\/\/cts-chile.cl\/weblog\/2017\/06\/23\/llamado-a-contribuciones-para-la-conferencia-internacional-anual-de-coes\/","url_meta":{"origin":929,"position":2},"title":"Llamado a contribuciones para la conferencia internacional anual de COES","author":"admin","date":"Junio 23, 2017","format":false,"excerpt":"Llamado a publicaciones \/ Call for papers Conferencia Anual COES 2017 V\u00ednculos sociales y Ciudadan\u00eda: Interacciones y cohesi\u00f3n social 9 y 10 noviembre Vi\u00f1a del Mar, Chile En Chile y Latinoam\u00e9rica existen brechas espaciales y socioecon\u00f3micas que operan como fronteras de segregaci\u00f3n, limitando las experiencias de interacci\u00f3n entre diferentes grupos\u2026","rel":"","context":"En &quot;Convocatorias&quot;","block_context":{"text":"Convocatorias","link":"https:\/\/cts-chile.cl\/weblog\/category\/convocatorias\/"},"img":{"alt_text":"","src":"","width":0,"height":0},"classes":[]},{"id":2434,"url":"https:\/\/cts-chile.cl\/weblog\/2018\/08\/25\/cts-chile-a-la-4s-sydney-2018\/","url_meta":{"origin":929,"position":3},"title":"\u00a1CTS-Chile a la 4S &#8211; Sydney, 2018!","author":"admin","date":"Agosto 25, 2018","format":false,"excerpt":"Por Nicol\u00e1s Sanhueza La pr\u00f3xima semana comienza el esperado Encuentro Anual de la Sociedad para el Estudio Social de la Ciencia (Society for Social Studies of Science\/4S) en la ciudad de Sydney (Australia) y nuevamente la\u00a0 comunidad Chilena y en especial miembros de nuestra comunidad CTS-Chile se hacen presente a\u2026","rel":"","context":"En &quot;Eventos&quot;","block_context":{"text":"Eventos","link":"https:\/\/cts-chile.cl\/weblog\/category\/events\/"},"img":{"alt_text":"","src":"","width":0,"height":0},"classes":[]},{"id":2087,"url":"https:\/\/cts-chile.cl\/weblog\/2017\/08\/31\/cts-chile-en-4s-boston\/","url_meta":{"origin":929,"position":4},"title":"CTS-CHILE en 4S Boston","author":"admin","date":"Agosto 31, 2017","format":false,"excerpt":"Miembros de la red CTS-Chile presentan sus trabajos en\u00a0la Conferencia anual de la Society for SocialStudies of Science, 4S, que este a\u00f1o se realiza en Boston, Massachusetts del 30 de Agosto al 2 de Septiembre.","rel":"","context":"En &quot;Eventos&quot;","block_context":{"text":"Eventos","link":"https:\/\/cts-chile.cl\/weblog\/category\/events\/"},"img":{"alt_text":"","src":"","width":0,"height":0},"classes":[]},{"id":1811,"url":"https:\/\/cts-chile.cl\/weblog\/2017\/02\/28\/llamado-a-resumenes-encuentro-anual-de-la-sociedad-de-estudios-sociales-de-la-ciencia-4s-boston-massachusetts-agosto-30-septiembre-2-2017-fecha-limite-para-envios-marzo-1-2017\/","url_meta":{"origin":929,"position":5},"title":"Llamado a res\u00famenes Encuentro Anual de la Sociedad de Estudios Sociales de la Ciencia (4S). Boston, Massachusetts 2017","author":"admin","date":"Febrero 28, 2017","format":false,"excerpt":"LLAMADO ESPECIAL A PARTICIPAR EN PANELES ORGANIZADOS POR PARTICIPANTES DE CTS-CHILE PANEL 88:\u00a0\u201cIn the making, on the move\u201d: perspectivas globales sobre la apropiaci\u00f3n tecnol\u00f3gica. PANEL 50. Can the Subaltern Research? Panel: \u201cIn the making, on the move\u201d: perspectivas globales sobre la apropiaci\u00f3n tecnol\u00f3gica. Organizado por: Mart\u00edn P\u00e9rez Comisso, Universidad de\u2026","rel":"","context":"En &quot;Convocatorias&quot;","block_context":{"text":"Convocatorias","link":"https:\/\/cts-chile.cl\/weblog\/category\/convocatorias\/"},"img":{"alt_text":"","src":"","width":0,"height":0},"classes":[]}],"_links":{"self":[{"href":"https:\/\/cts-chile.cl\/weblog\/wp-json\/wp\/v2\/posts\/929","targetHints":{"allow":["GET"]}}],"collection":[{"href":"https:\/\/cts-chile.cl\/weblog\/wp-json\/wp\/v2\/posts"}],"about":[{"href":"https:\/\/cts-chile.cl\/weblog\/wp-json\/wp\/v2\/types\/post"}],"author":[{"embeddable":true,"href":"https:\/\/cts-chile.cl\/weblog\/wp-json\/wp\/v2\/users\/1"}],"replies":[{"embeddable":true,"href":"https:\/\/cts-chile.cl\/weblog\/wp-json\/wp\/v2\/comments?post=929"}],"version-history":[{"count":0,"href":"https:\/\/cts-chile.cl\/weblog\/wp-json\/wp\/v2\/posts\/929\/revisions"}],"wp:featuredmedia":[{"embeddable":true,"href":"https:\/\/cts-chile.cl\/weblog\/wp-json\/"}],"wp:attachment":[{"href":"https:\/\/cts-chile.cl\/weblog\/wp-json\/wp\/v2\/media?parent=929"}],"wp:term":[{"taxonomy":"category","embeddable":true,"href":"https:\/\/cts-chile.cl\/weblog\/wp-json\/wp\/v2\/categories?post=929"},{"taxonomy":"post_tag","embeddable":true,"href":"https:\/\/cts-chile.cl\/weblog\/wp-json\/wp\/v2\/tags?post=929"}],"curies":[{"name":"wp","href":"https:\/\/api.w.org\/{rel}","templated":true}]}}