{"id":920,"date":"2015-11-16T23:32:26","date_gmt":"2015-11-17T02:32:26","guid":{"rendered":"http:\/\/cts-chile.cl\/?p=920"},"modified":"2015-11-16T23:32:26","modified_gmt":"2015-11-17T02:32:26","slug":"nikolas-rose-coloquio-internacional-biopolitica-biociencia-y-gubernamentalidad","status":"publish","type":"post","link":"https:\/\/cts-chile.cl\/weblog\/2015\/11\/16\/nikolas-rose-coloquio-internacional-biopolitica-biociencia-y-gubernamentalidad\/","title":{"rendered":"Nikolas Rose: Coloquio Internacional Biopol\u00edtica, Biociencia y Gubernamentalidad."},"content":{"rendered":"<p>El <strong>Director del Departamento de Sociolog\u00eda en King\u2019s College de Londres <\/strong>(Inglaterra) dictar\u00e1 dos conferencias y participar\u00e1 en un Coloquio organizado por la Facultad de Ciencias Jur\u00eddicas y Sociales de la Universidad de Talca en conjunto con el Doctorado en Psicolog\u00eda UDP, los d\u00edas, 17, 18 y 19 de noviembre de 2015.<\/p>\n<p>Para muchos <strong>Nikolas Rose<\/strong> \u201ces un pensador brit\u00e1nico imprescindible para entender el mundo en el que vivimos\u201d, estudi\u00f3 primero psicolog\u00eda, luego biolog\u00eda, centrando sus \u00faltimos estudios en las neurociencias y el estudio del cerebro humano. Ahora por primera vez en Chile, invitado por el profesor Ricardo Camargo de la Facultad de Ciencia Jur\u00eddicas y Sociales de la Universidad de Talca en el marco de su Fondecyt Regular N\u00ba 1140901, en conjunto con el Doctorado en Psicolog\u00eda UDP. El profesor Rose dictar\u00e1 un Ciclo de Conferencias abiertas y gratuitas, los d\u00edas 17 y 18 de noviembre, concluyendo su visita a Chile con la participaci\u00f3n en un Coloquio internacional sobre Biopol\u00edtica, Biociencia y Gubernamentalidad el d\u00eda 19 de noviembre.<br \/>Ciclo de Conferencias con Nikolas Rose, director del Departamento de Sociolog\u00eda en King\u2019s College de Londres:<\/p>\n<p>Conferencia<strong> \u201cBeyond the division between the social sciences and the life sciencies: Mental life and mental health in the metropolis\u201d<\/strong>. Martes 17 de noviembre, 18 horas. Auditorio Centro de Extensi\u00f3n, Universidad de Talca en Santiago. Calle Quebec 415, Providencia.<\/p>\n<p>Conferencia <strong>\u201cGoverning conduct in the area of the brain\u201d<\/strong>. Mi\u00e9rcoles 18 de noviembre , de 11:30 hrs. hasta 13:00 horas. Biblioteca Nicanor Parra, Vergara 324, Universidad Diego Portales.<\/p>\n<p><strong>Coloquio Internacional Biopol\u00edtica, Biociencia y Gubernamentalidad con la participaci\u00f3n de Nikolas Rose, \u201cBiopol\u00edtica, Biociencia, Gubernamentalidad\u201d<\/strong>. Jueves 19 de Noviembre a las 14:00 horas. Sala 301, Vergara 275. Facultad de Psicolog\u00eda Universidad Diego Portales.<\/p>\n<p><strong>Coloquio Internacional Biopol\u00edtica, Biociencia y Gubernamentalidad.<\/strong><\/p>\n<p>Jueves 19 de Noviembre.<\/p>\n<p>Sala \u201cauditorio DEC\u201d, Facultad de Ingenier\u00eda Universidad Diego Portales (Vergara # 432, Santiago).<\/p>\n<p>Este Coloquio tiene como objetivo la discusi\u00f3n de las perspectivas actuales sobre Biopol\u00edtica y sus intersecciones con la biociencia, la farmacolog\u00eda y la medicina. Las discusiones buscar\u00e1n las relaciones de estas perspectivas con el individuo y las gubernamentalidad, especialmente en el contexto de Am\u00e9rica Latina y de Chile.<\/p>\n<p><strong>Programa.<\/strong><\/p>\n<p><strong>Mesa 1 (14:00 a 15:45 hrs):<\/strong><\/p>\n<ul>\n<li>Claudio Maino y \u00c1lvaro Jim\u00e9nez (Universidad Paris 5 (Descartes)): Desaf\u00edos para pensar la salud mental en las sociedades democr\u00e1ticas: \u00bfQu\u00e9 pueden ofrecer los enfoques biopol\u00edticos?<\/li>\n<li>Mauricio Sep\u00falveda, Sebasti\u00e1n de la Fuente y Jorge Lucero (Universidad de Chile): El poppers como tecnolog\u00eda del cuerpo en las pr\u00e1cticas (contra) sexuales: Placer, contra \u2013 conducta y ficci\u00f3n som\u00e1tica.<\/li>\n<li>Jimena Carrasco (Universidad Austral de Chile) y Arthur Arruda (Universidade Federale Rio de Janeiro): Las Reformas Psiqui\u00e1tricas Brasile\u00f1a &amp; Chilena y la gesti\u00f3n por la Libertad \u2013 una historia de los modos de gobierno en las practicas vinculadas a salud mental.<\/li>\n<\/ul>\n<p>Intermedio de Caf\u00e9.<\/p>\n<p><strong>Mesa 2 (16:00 a 17: 45): <\/strong><\/p>\n<ul>\n<li>Jorge Castillo (Universidad de Santiago de Chile): Bio-gubernamentalidad: reg\u00edmenes de subjetivaci\u00f3n, corporizaci\u00f3n y biosocialidad en el GES. Aproximaci\u00f3n a los repertorios expertos.<\/li>\n<li>Sebasti\u00e1n Rojas (King\u2019s College London): \u00bfHibridaci\u00f3n biom\u00e9dica de la infancia?: Nuevos modos de agencia y destellos de voluntad de acuerdo a una etnograf\u00eda en una escuela de Santiago, Chile.<\/li>\n<li>Ricardo Camargo (Universidad de Talca) y Nicol\u00e1s Ried (Universidad de Chile): Biopol\u00edtica y verdad en el dispositivo judicial chileno: el caso de la enfermedad de Marchiafava Bignami.<\/li>\n<\/ul>\n<p>Intermedio de Caf\u00e9.<\/p>\n<p><strong>Conferencia de Cierre de Nikolas Rose \u201cBiopolitics in the Twenty First Century\u201d<\/strong> (18: 00 hrs).<\/p>\n<p>Inscripciones para el Conversatorio en <a href=\"mailto:jornadabios@gmail.com\">jornadabios@gmail.com<\/a><\/p>\n<p>Entrada Liberada y Cupos limitados.<\/p>\n<p>Organizan: Facultad de Ciencia Jur\u00eddicas y Sociales de la Universidad de Talca, Fondecyt Regular N\u00ba 1140901 y Doctorado en Psicolog\u00eda UDP,<\/p>\n<p>Patrocina: N\u00facleo de Investigaci\u00f3n en Biopol\u00edtica e Ideolog\u00eda (NIBI), Facultad de Derecho de la Universidad de Chile<\/p>\n<p>&#8212;&#8212;&#8212;&#8212;&#8212;&#8212;&#8212;&#8212;<\/p>\n<p>Jornada Biopol\u00edtica, Biociencia y Gubernamentalidad <br \/>19 de noviembre 2015<br \/><a href=\"http:\/\/jornadabios.blogspot.com\/\">http:\/\/jornadabios.blogspot.com\/<\/a><\/p>\n<p><img data-recalc-dims=\"1\" loading=\"lazy\" decoding=\"async\" style=\"display: block; margin-left: auto; margin-right: auto;\" title=\"http:\/\/cts-chile.cl\/wp-content\/uploads\/2014\/09\/cropped-Photo-Jun-07-11-31-45-AM.jpg\" src=\"https:\/\/i0.wp.com\/cts-chile.cl\/wp-content\/uploads\/2014\/09\/cropped-Photo-Jun-07-11-31-45-AM.jpg?resize=335%2C600&#038;quality=99\" alt=\"Screen Shot 2015 11 16 at 23 31 18\" width=\"335\" height=\"600\" border=\"0\" \/><\/p>\n","protected":false},"excerpt":{"rendered":"<p>El Director del Departamento de Sociolog\u00eda en King\u2019s College de Londres (Inglaterra) dictar\u00e1 dos conferencias y participar\u00e1 en un Coloquio organizado por la Facultad de Ciencias Jur\u00eddicas y Sociales de la Universidad de Talca en conjunto con el Doctorado en Psicolog\u00eda UDP, los d\u00edas, 17, 18 y 19 de noviembre de 2015. Para muchos Nikolas<\/p>\n","protected":false},"author":1,"featured_media":1397,"comment_status":"closed","ping_status":"closed","sticky":false,"template":"","format":"image","meta":{"jetpack_post_was_ever_published":false,"_jetpack_newsletter_access":"","_jetpack_dont_email_post_to_subs":false,"_jetpack_newsletter_tier_id":0,"_jetpack_memberships_contains_paywalled_content":false,"_jetpack_memberships_contains_paid_content":false,"footnotes":"","jetpack_publicize_message":"","jetpack_publicize_feature_enabled":true,"jetpack_social_post_already_shared":true,"jetpack_social_options":{"image_generator_settings":{"template":"highway","default_image_id":0,"font":"","enabled":false},"version":2}},"categories":[5],"tags":[43,44,38],"class_list":["post-920","post","type-post","status-publish","format-image","has-post-thumbnail","hentry","category-events","tag-biociencia","tag-biopolitica","tag-gubernamentalidad","post_format-post-format-image"],"jetpack_publicize_connections":[],"jetpack_featured_media_url":"","jetpack_sharing_enabled":true,"jetpack-related-posts":[{"id":2342,"url":"https:\/\/cts-chile.cl\/weblog\/2018\/05\/29\/martes-29-coloquio-isuc-el-problema-de-lo-humano-en-el-debate-sobre-el-antropoceno-13-hrs\/","url_meta":{"origin":920,"position":0},"title":"Martes 29 &#8211; Coloquio ISUC &#8220;El problema de lo humano en el debate sobre el Antropoceno&#8221; &#8211; 13 hrs","author":"admin","date":"Mayo 29, 2018","format":false,"excerpt":"D\u00eda: martes\u00a029 de mayo de 2018 Lugar: Auditorio Psicolog\u00eda, Tercer piso, Facultad de Ciencias Sociales, Campus San Joaqu\u00edn.\u00a0 Hora: 13 hrs a 14:30 hrs. Coloquio ISUC: La cuesti\u00f3n de lo humano en el debate sobre el antropoceno El debate sobre el Antropoceno se presenta como uno de los programas cient\u00edficos\u2026","rel":"","context":"En &quot;Eventos&quot;","block_context":{"text":"Eventos","link":"https:\/\/cts-chile.cl\/weblog\/category\/events\/"},"img":{"alt_text":"","src":"","width":0,"height":0},"classes":[]},{"id":2012,"url":"https:\/\/cts-chile.cl\/weblog\/2017\/06\/23\/invitacion-a-coloquio-en-colombia\/","url_meta":{"origin":920,"position":1},"title":"Invitaci\u00f3n a Coloquio en Colombia","author":"admin","date":"Junio 23, 2017","format":false,"excerpt":"Segundo Coloquio Nacional de Estudios Sociales de las Ciencias y las Tecnolog\u00edas HACER LA PAZ EN UN MUNDO POSVERDAD Convocatoria: 21, 22, 23 y 25 de septiembre, 2017 \u00a0 Los estudios sociales de las ciencias y las tecnolog\u00edas (ESCT) a trav\u00e9s del estudio de la coproducci\u00f3n de la tecnociencia contempor\u00e1nea\u2026","rel":"","context":"En &quot;Eventos&quot;","block_context":{"text":"Eventos","link":"https:\/\/cts-chile.cl\/weblog\/category\/events\/"},"img":{"alt_text":"","src":"","width":0,"height":0},"classes":[]},{"id":2349,"url":"https:\/\/cts-chile.cl\/weblog\/2018\/05\/29\/cts-peru\/","url_meta":{"origin":920,"position":2},"title":"CTS Per\u00fa","author":"admin","date":"Mayo 29, 2018","format":false,"excerpt":"\u00a0 Primer Encuentro CTS-Per\u00fa \u00a0 Del 19 al 21 de Setiembre de 2018,ser\u00e1 la primera edici\u00f3n del Encuentro Ciencia, Tecnolog\u00eda y Sociedad Per\u00fa \"Retomando el debate: replanteando desaf\u00edos de caminos trazados\", en la Facultad de Ciencias Sociales de la Universidad Nacional Mayor de San Marcos. Esta primera edici\u00f3n busca retomar\u2026","rel":"","context":"En &quot;Eventos&quot;","block_context":{"text":"Eventos","link":"https:\/\/cts-chile.cl\/weblog\/category\/events\/"},"img":{"alt_text":"","src":"","width":0,"height":0},"classes":[]},{"id":1660,"url":"https:\/\/cts-chile.cl\/weblog\/2016\/11\/03\/coloquios-isuc-noviembre-2016\/","url_meta":{"origin":920,"position":3},"title":"Coloquios ISUC noviembre 2016","author":"admin","date":"Noviembre 3, 2016","format":false,"excerpt":"La serie Coloquios ISUC invita a tres presentaciones a llevarse a cabo en el mes de noviembre, en que participar\u00e1n Oriana Bernasconi, Beltr\u00e1n Undurraga y Manuel Tironi. Todos\/as est\u00e1n cordialmente invitados\/as: 9 de noviembre: Dispositivos de registro y denuncia del terrorismo de Estado por la dictadura c\u00edvico militar chilena, Oriana\u2026","rel":"","context":"En &quot;Eventos&quot;","block_context":{"text":"Eventos","link":"https:\/\/cts-chile.cl\/weblog\/category\/events\/"},"img":{"alt_text":"","src":"","width":0,"height":0},"classes":[]},{"id":1993,"url":"https:\/\/cts-chile.cl\/weblog\/2017\/06\/22\/curico-sera-anfitrion-del-v-encuentro-cts-chile\/","url_meta":{"origin":920,"position":4},"title":"Curic\u00f3 ser\u00e1 anfitri\u00f3n del V Encuentro CTS-Chile","author":"admin","date":"Junio 22, 2017","format":false,"excerpt":"Ya comenzaron los preparativos del V Encuentro de la Red Chilena de Ciencia, Tecnolog\u00eda y Sociedad CTS-Chile, que se desarrollar\u00e1 en la Universidad Cat\u00f3lica del Maule (UCM), en su Sede Curic\u00f3, los pr\u00f3ximos 17, 18 y 19 de enero del 2018. \"Esta propuesta surge en el marco de dar mayor\u2026","rel":"","context":"En &quot;Eventos&quot;","block_context":{"text":"Eventos","link":"https:\/\/cts-chile.cl\/weblog\/category\/events\/"},"img":{"alt_text":"","src":"","width":0,"height":0},"classes":[]},{"id":874,"url":"https:\/\/cts-chile.cl\/weblog\/2015\/10\/31\/seminario-evidencia-y-eficacia-en-medicina-gobernabilidad-a-traves-de-conocimiento-y-estandares\/","url_meta":{"origin":920,"position":5},"title":"Seminario: &#8220;Evidencia y eficacia en medicina: gobernabilidad a trav\u00e9s de conocimiento y est\u00e1ndares&#8221;","author":"admin","date":"Octubre 31, 2015","format":"image","excerpt":"El d\u00eda 5 de noviembre, a las 15:00 horas, se llevar\u00e1 a cabo el seminario titulado \"Evidencia y eficacia en medicina: gobernabilidad a trav\u00e9s de conocimiento y est\u00e1ndares\u201d, en que participar\u00e1n las acad\u00e9micas del Departamento de Sociolog\u00eda de Goldsmiths College, Marsha Rosengarten y Monica Greco. La actividad pretende abordar desde\u2026","rel":"","context":"En &quot;Eventos&quot;","block_context":{"text":"Eventos","link":"https:\/\/cts-chile.cl\/weblog\/category\/events\/"},"img":{"alt_text":"Afiche SPA","src":"http:\/\/cts-chile.cl\/wp-content\/uploads\/2014\/09\/cropped-Photo-Jun-07-11-31-45-AM.jpg","width":320,"height":0},"classes":[]}],"_links":{"self":[{"href":"https:\/\/cts-chile.cl\/weblog\/wp-json\/wp\/v2\/posts\/920","targetHints":{"allow":["GET"]}}],"collection":[{"href":"https:\/\/cts-chile.cl\/weblog\/wp-json\/wp\/v2\/posts"}],"about":[{"href":"https:\/\/cts-chile.cl\/weblog\/wp-json\/wp\/v2\/types\/post"}],"author":[{"embeddable":true,"href":"https:\/\/cts-chile.cl\/weblog\/wp-json\/wp\/v2\/users\/1"}],"replies":[{"embeddable":true,"href":"https:\/\/cts-chile.cl\/weblog\/wp-json\/wp\/v2\/comments?post=920"}],"version-history":[{"count":0,"href":"https:\/\/cts-chile.cl\/weblog\/wp-json\/wp\/v2\/posts\/920\/revisions"}],"wp:featuredmedia":[{"embeddable":true,"href":"https:\/\/cts-chile.cl\/weblog\/wp-json\/"}],"wp:attachment":[{"href":"https:\/\/cts-chile.cl\/weblog\/wp-json\/wp\/v2\/media?parent=920"}],"wp:term":[{"taxonomy":"category","embeddable":true,"href":"https:\/\/cts-chile.cl\/weblog\/wp-json\/wp\/v2\/categories?post=920"},{"taxonomy":"post_tag","embeddable":true,"href":"https:\/\/cts-chile.cl\/weblog\/wp-json\/wp\/v2\/tags?post=920"}],"curies":[{"name":"wp","href":"https:\/\/api.w.org\/{rel}","templated":true}]}}