{"id":907,"date":"2015-11-16T15:34:58","date_gmt":"2015-11-16T18:34:58","guid":{"rendered":"http:\/\/cts-chile.cl\/?p=907"},"modified":"2015-11-16T15:34:58","modified_gmt":"2015-11-16T18:34:58","slug":"conversatorio-condiciones-de-posibilidad-social-del-conocimiento-la-ciencia-periferica-sur-sur","status":"publish","type":"post","link":"https:\/\/cts-chile.cl\/weblog\/2015\/11\/16\/conversatorio-condiciones-de-posibilidad-social-del-conocimiento-la-ciencia-periferica-sur-sur\/","title":{"rendered":"Conversatorio &#8220;Condiciones de posibilidad social del conocimiento, la ciencia perif\u00e9rica sur-sur&#8221;"},"content":{"rendered":"<p>Estimados(as) miembros de la red, Andr\u00e9s G\u00f3mez Seguel invita junto a Jorge Giber a un conservatorio cuyo prop\u00f3sito ser\u00e1 de abordar, bajo un esquema distendido (no menos riguroso), las condiciones de posibilidad social del conocimiento en la periferia. La ocasi\u00f3n pretende conectar con la tambaleante condici\u00f3n de nuestro sistema ciencia chileno&#8230;<\/p>\n<p><strong>Fecha y hora:<\/strong> 20\/11\/2015 al 20\/11\/2015 &#8211; viernes &#8211; 12:00 hrs.<br \/><strong>Lugar:<\/strong> Auditorio Pedro Ortiz (Avenida Ignacio Carrera Pinto N\u00ba1045 Campus Juan G\u00f3mez Millas \u00d1u\u00f1oa)<\/p>\n<p><strong>Organiza:<\/strong> Departamento de Antropolog\u00eda de la Universidad de Chile.<\/p>\n<p>M\u00e1s detalles a continuaci\u00f3n:<\/p>\n<p>El Conversatorio <strong>\u201cCondiciones de posibilidad social del conocimiento, la ciencia perif\u00e9rica sur-sur\u201d<\/strong>, contar\u00e1 con las ponencias de los acad\u00e9micos invitador Dr. Pablo Kreimer, de la Universidad de Quilmes; Dra. Hebe Vessuri, de la Universidad Nacional Aut\u00f3noma de M\u00e9xico, y la Doctora Rosalba Casas, de la UNA. Modera el Doctor Andr\u00e9s G\u00f3mez, acad\u00e9mico del Departamento de Antropolog\u00eda de la Facultad de Ciencias Sociales de la Universidad de Chile.<\/p>\n<p>Contacto: Andr\u00e9s G\u00f3mez &#8211; <a href=\"mailto:agseguel@gmail.com\">agseguel@gmail.com<\/a><\/p>\n<p><img data-recalc-dims=\"1\" loading=\"lazy\" decoding=\"async\" style=\"display: block; margin-left: auto; margin-right: auto;\" title=\"http:\/\/cts-chile.cl\/wp-content\/uploads\/2014\/09\/cropped-Photo-Jun-07-11-31-45-AM.jpg\" src=\"https:\/\/i0.wp.com\/cts-chile.cl\/wp-content\/uploads\/2014\/09\/cropped-Photo-Jun-07-11-31-45-AM.jpg?resize=599%2C337&#038;quality=99\" alt=\"Invitaci\u00f3n 3 Tecnolog\u00eda\" width=\"599\" height=\"337\" border=\"0\" \/><\/p>\n","protected":false},"excerpt":{"rendered":"<p>Estimados(as) miembros de la red, Andr\u00e9s G\u00f3mez Seguel invita junto a Jorge Giber a un conservatorio cuyo prop\u00f3sito ser\u00e1 de abordar, bajo un esquema distendido (no menos riguroso), las condiciones de posibilidad social del conocimiento en la periferia. La ocasi\u00f3n pretende conectar con la tambaleante condici\u00f3n de nuestro sistema ciencia chileno&#8230; Fecha y hora: 20\/11\/2015<\/p>\n","protected":false},"author":1,"featured_media":915,"comment_status":"closed","ping_status":"closed","sticky":false,"template":"","format":"image","meta":{"jetpack_post_was_ever_published":false,"_jetpack_newsletter_access":"","_jetpack_dont_email_post_to_subs":false,"_jetpack_newsletter_tier_id":0,"_jetpack_memberships_contains_paywalled_content":false,"_jetpack_memberships_contains_paid_content":false,"footnotes":"","jetpack_publicize_message":"","jetpack_publicize_feature_enabled":true,"jetpack_social_post_already_shared":true,"jetpack_social_options":{"image_generator_settings":{"template":"highway","default_image_id":0,"font":"","enabled":false},"version":2}},"categories":[5],"tags":[42],"class_list":["post-907","post","type-post","status-publish","format-image","has-post-thumbnail","hentry","category-events","tag-conversatorio","post_format-post-format-image"],"jetpack_publicize_connections":[],"jetpack_featured_media_url":"","jetpack_sharing_enabled":true,"jetpack-related-posts":[{"id":886,"url":"https:\/\/cts-chile.cl\/weblog\/2015\/11\/06\/convocatoria-revista-estudios-social-dossier-internacionalizacion-y-movilidad-academica-trayectorias-programas-agencias\/","url_meta":{"origin":907,"position":0},"title":"Convocatoria Revista Estudios Sociales, Dossier &#8220;Internacionalizaci\u00f3n y movilidad acad\u00e9mica: trayectorias, programas, agencias&#8221;","author":"admin","date":"Noviembre 6, 2015","format":false,"excerpt":"Llamado a la presentaci\u00f3n de art\u00edculos cient\u00edficos para la Revista Estudios Sociales Contempor\u00e1neos N\u00b013 Instituto Multidisciplinario de Estudios Sociales Contempor\u00e1neos IMESC - IDEHESI \u2013 CONICET\u00a0 Dossier:\u00a0\u00a0Internacionalizaci\u00f3n y movilidad acad\u00e9mica: trayectorias, programas, agencias Coordinadores: Fernando Quesada y Osvaldo Gallardo La\u00a0Revista Estudios Sociales Contempor\u00e1neos\u00a0es una publicaci\u00f3n del Instituto Multidisciplinario de Estudios Sociales\u2026","rel":"","context":"En &quot;Convocatorias&quot;","block_context":{"text":"Convocatorias","link":"https:\/\/cts-chile.cl\/weblog\/category\/convocatorias\/"},"img":{"alt_text":"Logo est soc cont 1","src":"http:\/\/cts-chile.cl\/wp-content\/uploads\/2014\/09\/cropped-Photo-Jun-07-11-31-45-AM.jpg","width":320,"height":0},"classes":[]},{"id":1870,"url":"https:\/\/cts-chile.cl\/weblog\/2017\/05\/03\/ciencia-para-el-bien-comun-los-desafios-de-la-transparencia-y-el-acceso-a-informacion-en-chile\/","url_meta":{"origin":907,"position":1},"title":"\u00bfCiencia para el bien com\u00fan? los desaf\u00edos de la transparencia y el acceso a informaci\u00f3n en Chile","author":"admin","date":"Mayo 3, 2017","format":false,"excerpt":"El N\u00facleo Milenio en Biolog\u00eda Sint\u00e9tica y Sistemas Vegetales invita a los integrantes de la Red CTS-Chile\u00a0al conversatorio \u201c\u00bfCiencia para el bien com\u00fan? los desaf\u00edos de la transparencia y el acceso a informaci\u00f3n en Chil FECHA: 4 de mayo 2017\u00a0 HORA: 9:30-12:30 AM\u00a0 LUGAR: Auditorio Abate Molina, Casa Central de\u2026","rel":"","context":"En &quot;Eventos&quot;","block_context":{"text":"Eventos","link":"https:\/\/cts-chile.cl\/weblog\/category\/events\/"},"img":{"alt_text":"","src":"","width":0,"height":0},"classes":[]},{"id":920,"url":"https:\/\/cts-chile.cl\/weblog\/2015\/11\/16\/nikolas-rose-coloquio-internacional-biopolitica-biociencia-y-gubernamentalidad\/","url_meta":{"origin":907,"position":2},"title":"Nikolas Rose: Coloquio Internacional Biopol\u00edtica, Biociencia y Gubernamentalidad.","author":"admin","date":"Noviembre 16, 2015","format":"image","excerpt":"El Director del Departamento de Sociolog\u00eda en King\u2019s College de Londres (Inglaterra) dictar\u00e1 dos conferencias y participar\u00e1 en un Coloquio organizado por la Facultad de Ciencias Jur\u00eddicas y Sociales de la Universidad de Talca en conjunto con el Doctorado en Psicolog\u00eda UDP, los d\u00edas, 17, 18 y 19 de noviembre\u2026","rel":"","context":"En &quot;Eventos&quot;","block_context":{"text":"Eventos","link":"https:\/\/cts-chile.cl\/weblog\/category\/events\/"},"img":{"alt_text":"Screen Shot 2015 11 16 at 23 31 18","src":"http:\/\/cts-chile.cl\/wp-content\/uploads\/2014\/09\/cropped-Photo-Jun-07-11-31-45-AM.jpg","width":320,"height":0},"classes":[]},{"id":1668,"url":"https:\/\/cts-chile.cl\/weblog\/2016\/11\/04\/primavera-hacker-2016\/","url_meta":{"origin":907,"position":3},"title":"Primavera Hacker 2016","author":"admin","date":"Noviembre 4, 2016","format":false,"excerpt":"Ma\u00f1ana 5 de noviembre, en el Auditorio de la Facultad de Arquitectura y Urbanismo de la Universidad de Chile (Marcoleta\u00a0 248),\u00a0 se realizar\u00e1 el encuentro Primavera Hacker 2016,\u00a0 por Hacker\u00eda con la colaboraci\u00f3n de Fundaci\u00f3n Datos Protegidos, Derechos Digitales, Wikimedia, la Facultad de Arquitectura y Urbanismos de la Universidad de\u2026","rel":"","context":"En &quot;Eventos&quot;","block_context":{"text":"Eventos","link":"https:\/\/cts-chile.cl\/weblog\/category\/events\/"},"img":{"alt_text":"","src":"","width":0,"height":0},"classes":[]},{"id":2579,"url":"https:\/\/cts-chile.cl\/weblog\/2015\/08\/17\/hacia-el-ensamblaje-de-estudios-cts-en-chile-notas-del-ii-encuentro-cts-chile-en-temuco\/","url_meta":{"origin":907,"position":4},"title":"Hacia el ensamblaje de Estudios CTS en Chile: Notas del II Encuentro CTS-Chile en Temuco","author":"admin","date":"Agosto 17, 2015","format":"image","excerpt":"En v\u00edas del desarrollo del III Encuentro CTS-Chile, en la ciudad de Valpara\u00edso, difundimos una columna elaborada por Ronald Cancino y Helder Binimelis, sobre el II Encuentro desarrollado en Temuco. Se ha publicado hace unos d\u00edas en el Blog de la Society for Social Studies of Science (4S), y dice\u2026","rel":"","context":"En &quot;Columnas&quot;","block_context":{"text":"Columnas","link":"https:\/\/cts-chile.cl\/weblog\/category\/columnas\/"},"img":{"alt_text":"","src":"http:\/\/img.youtube.com\/vi\/GCgbeObGYxk\/0.jpg","width":320,"height":0},"classes":[]},{"id":2012,"url":"https:\/\/cts-chile.cl\/weblog\/2017\/06\/23\/invitacion-a-coloquio-en-colombia\/","url_meta":{"origin":907,"position":5},"title":"Invitaci\u00f3n a Coloquio en Colombia","author":"admin","date":"Junio 23, 2017","format":false,"excerpt":"Segundo Coloquio Nacional de Estudios Sociales de las Ciencias y las Tecnolog\u00edas HACER LA PAZ EN UN MUNDO POSVERDAD Convocatoria: 21, 22, 23 y 25 de septiembre, 2017 \u00a0 Los estudios sociales de las ciencias y las tecnolog\u00edas (ESCT) a trav\u00e9s del estudio de la coproducci\u00f3n de la tecnociencia contempor\u00e1nea\u2026","rel":"","context":"En &quot;Eventos&quot;","block_context":{"text":"Eventos","link":"https:\/\/cts-chile.cl\/weblog\/category\/events\/"},"img":{"alt_text":"","src":"","width":0,"height":0},"classes":[]}],"_links":{"self":[{"href":"https:\/\/cts-chile.cl\/weblog\/wp-json\/wp\/v2\/posts\/907","targetHints":{"allow":["GET"]}}],"collection":[{"href":"https:\/\/cts-chile.cl\/weblog\/wp-json\/wp\/v2\/posts"}],"about":[{"href":"https:\/\/cts-chile.cl\/weblog\/wp-json\/wp\/v2\/types\/post"}],"author":[{"embeddable":true,"href":"https:\/\/cts-chile.cl\/weblog\/wp-json\/wp\/v2\/users\/1"}],"replies":[{"embeddable":true,"href":"https:\/\/cts-chile.cl\/weblog\/wp-json\/wp\/v2\/comments?post=907"}],"version-history":[{"count":0,"href":"https:\/\/cts-chile.cl\/weblog\/wp-json\/wp\/v2\/posts\/907\/revisions"}],"wp:featuredmedia":[{"embeddable":true,"href":"https:\/\/cts-chile.cl\/weblog\/wp-json\/"}],"wp:attachment":[{"href":"https:\/\/cts-chile.cl\/weblog\/wp-json\/wp\/v2\/media?parent=907"}],"wp:term":[{"taxonomy":"category","embeddable":true,"href":"https:\/\/cts-chile.cl\/weblog\/wp-json\/wp\/v2\/categories?post=907"},{"taxonomy":"post_tag","embeddable":true,"href":"https:\/\/cts-chile.cl\/weblog\/wp-json\/wp\/v2\/tags?post=907"}],"curies":[{"name":"wp","href":"https:\/\/api.w.org\/{rel}","templated":true}]}}