{"id":874,"date":"2015-10-31T19:46:13","date_gmt":"2015-10-31T22:46:13","guid":{"rendered":"http:\/\/cts-chile.cl\/?p=874"},"modified":"2015-10-31T19:46:13","modified_gmt":"2015-10-31T22:46:13","slug":"seminario-evidencia-y-eficacia-en-medicina-gobernabilidad-a-traves-de-conocimiento-y-estandares","status":"publish","type":"post","link":"https:\/\/cts-chile.cl\/weblog\/2015\/10\/31\/seminario-evidencia-y-eficacia-en-medicina-gobernabilidad-a-traves-de-conocimiento-y-estandares\/","title":{"rendered":"Seminario: &#8220;Evidencia y eficacia en medicina: gobernabilidad a trav\u00e9s de conocimiento y est\u00e1ndares&#8221;"},"content":{"rendered":"<p>El d\u00eda 5 de noviembre, a las 15:00 horas, se llevar\u00e1 a cabo el seminario titulado &#8220;Evidencia y eficacia en medicina: gobernabilidad a trav\u00e9s de conocimiento y est\u00e1ndares\u201d, en que participar\u00e1n las acad\u00e9micas del Departamento de Sociolog\u00eda de Goldsmiths College, <a href=\"http:\/\/www.gold.ac.uk\/sociology\/staff\/rosengarten\/\">Marsha Rosengarten<\/a> y <a href=\"http:\/\/www.gold.ac.uk\/sociology\/staff\/greco\/\">Monica Greco<\/a>.<\/p>\n<p>La actividad pretende abordar desde una perspectiva que involucra los estudios de ciencia y tecnolog\u00eda, estudios de gubernamentalidad y subjetivaci\u00f3n, y la filosof\u00eda Isabelle Stengers y A. N. Whitehead, fen\u00f3menos involucrados en las pr\u00e1cticas de conocimiento y de gesti\u00f3n de la verdad en \u00e1mbitos biom\u00e9dicos.<\/p>\n<p>Se llevar\u00e1 a cabo en el Auditorio del edificio CITECAMP, en la Universidad de Santiago de Chile, Las Sophoras 175. Se contar\u00e1 con traducci\u00f3n simult\u00e1nea.<\/p>\n<p>El registro puede realizarse en el siguiente <a href=\"https:\/\/docs.google.com\/forms\/d\/1z9vnowDJIcpIpbPazFlo2kThJyqE_2o4n3DkxY5mTOg\/viewform?usp=send_form\">link<\/a>.<\/p>\n<p>Invita Jorge Castillo Sep\u00falveda y el proyecto Fondecyt N\u00ba 11140590, &#8220;Aportes de los Estudios de Ciencia y Tecnolog\u00eda a la comprensi\u00f3n de enfermedades abordadas por la medicina basada en la evidencia: reg\u00edmenes de subjetivaci\u00f3n, corporizaci\u00f3n y biosocialidad en el GES&#8221;.<\/p>\n<p><img data-recalc-dims=\"1\" loading=\"lazy\" decoding=\"async\" style=\"display: block; margin-left: auto; margin-right: auto;\" title=\"http:\/\/cts-chile.cl\/wp-content\/uploads\/2014\/09\/cropped-Photo-Jun-07-11-31-45-AM.jpg\" src=\"https:\/\/i0.wp.com\/cts-chile.cl\/wp-content\/uploads\/2014\/09\/cropped-Photo-Jun-07-11-31-45-AM.jpg?resize=463%2C600&#038;quality=99\" alt=\"Afiche SPA\" width=\"463\" height=\"600\" border=\"0\"><\/p>\n<p><img data-recalc-dims=\"1\" loading=\"lazy\" decoding=\"async\" style=\"display: block; margin-left: auto; margin-right: auto;\" title=\"http:\/\/cts-chile.cl\/wp-content\/uploads\/2014\/09\/cropped-Photo-Jun-07-11-31-45-AM.jpg\" src=\"https:\/\/i0.wp.com\/cts-chile.cl\/wp-content\/uploads\/2014\/09\/cropped-Photo-Jun-07-11-31-45-AM.jpg?resize=463%2C600&#038;quality=99\" alt=\"Afiche SPA Bio\" width=\"463\" height=\"600\" border=\"0\"><\/p>\n","protected":false},"excerpt":{"rendered":"<p>El d\u00eda 5 de noviembre, a las 15:00 horas, se llevar\u00e1 a cabo el seminario titulado &#8220;Evidencia y eficacia en medicina: gobernabilidad a trav\u00e9s de conocimiento y est\u00e1ndares\u201d, en que participar\u00e1n las acad\u00e9micas del Departamento de Sociolog\u00eda de Goldsmiths College, Marsha Rosengarten y Monica Greco. La actividad pretende abordar desde una perspectiva que involucra los<\/p>\n","protected":false},"author":1,"featured_media":1391,"comment_status":"open","ping_status":"closed","sticky":false,"template":"","format":"image","meta":{"jetpack_post_was_ever_published":false,"_jetpack_newsletter_access":"","_jetpack_dont_email_post_to_subs":false,"_jetpack_newsletter_tier_id":0,"_jetpack_memberships_contains_paywalled_content":false,"_jetpack_memberships_contains_paid_content":false,"footnotes":"","jetpack_publicize_message":"","jetpack_publicize_feature_enabled":true,"jetpack_social_post_already_shared":true,"jetpack_social_options":{"image_generator_settings":{"template":"highway","default_image_id":0,"font":"","enabled":false},"version":2}},"categories":[5],"tags":[37,38,39,40],"class_list":["post-874","post","type-post","status-publish","format-image","has-post-thumbnail","hentry","category-events","tag-biomedicina","tag-gubernamentalidad","tag-medicina","tag-seminario","post_format-post-format-image"],"jetpack_publicize_connections":[],"jetpack_featured_media_url":"","jetpack_sharing_enabled":true,"jetpack-related-posts":[{"id":496,"url":"https:\/\/cts-chile.cl\/weblog\/2015\/06\/14\/coloquio-y-seminario-13-de-julio-2015\/","url_meta":{"origin":874,"position":0},"title":"Coloquio y Seminario 13 de Julio, 2015","author":"admin","date":"Junio 14, 2015","format":"image","excerpt":"Compartimos con ustedes dos eventos que se organizan por miembros de la red y se llevar\u00e1n a cabo en el mes de Julio de 2015.","rel":"","context":"En &quot;Eventos&quot;","block_context":{"text":"Eventos","link":"https:\/\/cts-chile.cl\/weblog\/category\/events\/"},"img":{"alt_text":"afiche_MA\u00d1ANA (3)","src":"http:\/\/cts-chile.cl\/wp-content\/uploads\/2014\/09\/cropped-Photo-Jun-07-11-31-45-AM.jpg","width":320,"height":0,"srcset":"http:\/\/cts-chile.cl\/wp-content\/uploads\/2014\/09\/cropped-Photo-Jun-07-11-31-45-AM.jpg 1x, http:\/\/cts-chile.cl\/wp-content\/uploads\/2014\/09\/cropped-Photo-Jun-07-11-31-45-AM.jpg 1.5x, http:\/\/cts-chile.cl\/wp-content\/uploads\/2014\/09\/cropped-Photo-Jun-07-11-31-45-AM.jpg 2x"},"classes":[]},{"id":829,"url":"https:\/\/cts-chile.cl\/weblog\/2015\/10\/21\/seminario-ecologias-en-beta-ciudad-y-protopoliticas-con-alberto-cosin\/","url_meta":{"origin":874,"position":1},"title":"Seminario: &#8220;Ecolog\u00edas en Beta: Ciudad y protopol\u00edticas&#8221;, con Alberto Cos\u00edn.","author":"admin","date":"Octubre 21, 2015","format":"image","excerpt":"El d\u00eda 23 de Octubre de 2015, a las 10:00 hrs., Alberto Cos\u00edn Jim\u00e9nez, Investigador Cient\u00edfico en el Departamento de Historia de la Ciencia del Consejo Superior de Investigaciones Cient\u00edficas de Madrid, llevar\u00e1 a cabo el seminario \"Ecolog\u00edas en Beta: Ciudad y protopol\u00edticas\". Ser\u00e1 en el Sal\u00f3n Sergio Larra\u00edn de\u2026","rel":"","context":"En &quot;Eventos&quot;","block_context":{"text":"Eventos","link":"https:\/\/cts-chile.cl\/weblog\/category\/events\/"},"img":{"alt_text":"10472784_10153641773555460_4171968906151197846_o","src":"http:\/\/cts-chile.cl\/wp-content\/uploads\/2014\/09\/cropped-Photo-Jun-07-11-31-45-AM.jpg","width":320,"height":0,"srcset":"http:\/\/cts-chile.cl\/wp-content\/uploads\/2014\/09\/cropped-Photo-Jun-07-11-31-45-AM.jpg 1x, http:\/\/cts-chile.cl\/wp-content\/uploads\/2014\/09\/cropped-Photo-Jun-07-11-31-45-AM.jpg 1.5x, http:\/\/cts-chile.cl\/wp-content\/uploads\/2014\/09\/cropped-Photo-Jun-07-11-31-45-AM.jpg 2x"},"classes":[]},{"id":569,"url":"https:\/\/cts-chile.cl\/weblog\/2015\/06\/23\/invitacion-seminario-numies-energia-y-sociedad-en-chile-nuevos-desafios-para-una-nueva-ciudadania\/","url_meta":{"origin":874,"position":2},"title":"Invitaci\u00f3n Seminario NUMIES &#8220;Energ\u00eda y Sociedad en Chile: Nuevos desaf\u00edos para una nueva ciudadan\u00eda&#8221;","author":"admin","date":"Junio 23, 2015","format":"image","excerpt":"El N\u00facleo Milenio de Investigaci\u00f3n sobre Energ\u00eda y Sociedad (NUMIES) invita\u00a0al seminario\u00a0\u201cEnerg\u00eda y Sociedad en Chile: Nuevos desaf\u00edos para una nueva ciudadan\u00eda\u201d,\u00a0a realizarse\u00a0el viernes 3 de Julio entre las 9:00 y las 18:30 en la Universidad Alberto Hurtado (Erasmo Escala 1822,\u00a0Santiago). Este seminario tiene por objetivo poder conversar sobre las\u2026","rel":"","context":"En &quot;Eventos&quot;","block_context":{"text":"Eventos","link":"https:\/\/cts-chile.cl\/weblog\/category\/events\/"},"img":{"alt_text":"Mail Attachment-1","src":"http:\/\/cts-chile.cl\/wp-content\/uploads\/2014\/09\/cropped-Photo-Jun-07-11-31-45-AM.jpg","width":320,"height":0},"classes":[]},{"id":2702,"url":"https:\/\/cts-chile.cl\/weblog\/2019\/12\/03\/mas-alla-de-describir\/","url_meta":{"origin":874,"position":3},"title":"M\u00e1s all\u00e1 de describir","author":"admin","date":"Diciembre 3, 2019","format":false,"excerpt":"La Sociedad Civil por la Acci\u00f3n Clim\u00e1tica (SCAC), el Centro de Investigaci\u00f3n para la Gesti\u00f3n Integrada del Riesgo de Desastres (CIGIDEN), el N\u00facleo Milenio de Investigaci\u00f3n en Energ\u00eda y Sociedad (NUMIES) y\u00a0CareNet, invitan al seminario \"M\u00e1s all\u00e1 de describir\", que se llevar\u00e1 a cabo el d\u00eda Jueves 5 de diciembre,\u2026","rel":"","context":"En &quot;Eventos&quot;","block_context":{"text":"Eventos","link":"https:\/\/cts-chile.cl\/weblog\/category\/events\/"},"img":{"alt_text":"","src":"https:\/\/i0.wp.com\/cts-chile.cl\/weblog\/wp-content\/uploads\/cambio-climatico.jpg?fit=330%2C330&quality=99&ssl=1","width":320,"height":0},"classes":[]},{"id":904,"url":"https:\/\/cts-chile.cl\/weblog\/2015\/07\/14\/672-2\/","url_meta":{"origin":874,"position":4},"title":"Ciencia, Ciudadan\u00eda y Experticia en la Evaluaci\u00f3n de Impactos Ambientales","author":"admin","date":"Julio 14, 2015","format":false,"excerpt":"El d\u00eda 13 de Julio de 2015, se llev\u00f3 a cabo el\u00a0\u00a0Seminario y Coloquio \"Ciencia, Ciudadan\u00eda y Experticia en la Evaluaci\u00f3n de Impactos Ambientales\", organizado por Gloria Baigorrotegui. Compartimos una nota elaborada por un medio universitario que sintetiza aspectos de la actividad. [iframe style=\"width: 100%; height: 1200px; border: none;\" src=\"http:\/\/www.usach.cl\/news\/promueven-la-valoracion-estudios-cientificos-sobre-impactos-ambientales\"\u2026","rel":"","context":"En &quot;Rese\u00f1as&quot;","block_context":{"text":"Rese\u00f1as","link":"https:\/\/cts-chile.cl\/weblog\/category\/resenas\/"},"img":{"alt_text":"","src":"","width":0,"height":0},"classes":[]},{"id":1881,"url":"https:\/\/cts-chile.cl\/weblog\/2017\/05\/24\/conocimientoculturaecologias-kce2017\/","url_meta":{"origin":874,"position":5},"title":"Conocimiento\/Cultura\/Ecolog\u00edas \u2013 KCE2017","author":"admin","date":"Mayo 24, 2017","format":false,"excerpt":"La convocatoria para ponencias y trabajos audiovisuales cierra el 26 de mayo, 2017.\u00a0Los res\u00famenes de ponencias deben ser enviados a trav\u00e9s del formulario en l\u00ednea.\u00a0 Para mas informaci\u00f3n ver la convocatoria general.","rel":"","context":"En &quot;Eventos&quot;","block_context":{"text":"Eventos","link":"https:\/\/cts-chile.cl\/weblog\/category\/events\/"},"img":{"alt_text":"","src":"","width":0,"height":0},"classes":[]}],"_links":{"self":[{"href":"https:\/\/cts-chile.cl\/weblog\/wp-json\/wp\/v2\/posts\/874","targetHints":{"allow":["GET"]}}],"collection":[{"href":"https:\/\/cts-chile.cl\/weblog\/wp-json\/wp\/v2\/posts"}],"about":[{"href":"https:\/\/cts-chile.cl\/weblog\/wp-json\/wp\/v2\/types\/post"}],"author":[{"embeddable":true,"href":"https:\/\/cts-chile.cl\/weblog\/wp-json\/wp\/v2\/users\/1"}],"replies":[{"embeddable":true,"href":"https:\/\/cts-chile.cl\/weblog\/wp-json\/wp\/v2\/comments?post=874"}],"version-history":[{"count":0,"href":"https:\/\/cts-chile.cl\/weblog\/wp-json\/wp\/v2\/posts\/874\/revisions"}],"wp:featuredmedia":[{"embeddable":true,"href":"https:\/\/cts-chile.cl\/weblog\/wp-json\/"}],"wp:attachment":[{"href":"https:\/\/cts-chile.cl\/weblog\/wp-json\/wp\/v2\/media?parent=874"}],"wp:term":[{"taxonomy":"category","embeddable":true,"href":"https:\/\/cts-chile.cl\/weblog\/wp-json\/wp\/v2\/categories?post=874"},{"taxonomy":"post_tag","embeddable":true,"href":"https:\/\/cts-chile.cl\/weblog\/wp-json\/wp\/v2\/tags?post=874"}],"curies":[{"name":"wp","href":"https:\/\/api.w.org\/{rel}","templated":true}]}}