{"id":84,"date":"2014-10-05T23:21:49","date_gmt":"2014-10-05T23:21:49","guid":{"rendered":"http:\/\/cts-chile.cl\/?p=84"},"modified":"2014-10-05T23:21:49","modified_gmt":"2014-10-05T23:21:49","slug":"pronta-a-abrirse-la-convocatoria-para-el-segundo-encuentro-cts-chile","status":"publish","type":"post","link":"https:\/\/cts-chile.cl\/weblog\/2014\/10\/05\/pronta-a-abrirse-la-convocatoria-para-el-segundo-encuentro-cts-chile\/","title":{"rendered":"Pronta a abrirse la convocatoria para el Segundo Encuentro CTS-Chile"},"content":{"rendered":"<p><img data-recalc-dims=\"1\" loading=\"lazy\" decoding=\"async\" class=\"aligncenter size-full wp-image-97\" src=\"https:\/\/i0.wp.com\/cts-chile.cl\/wp-content\/uploads\/2014\/09\/cropped-Photo-Jun-07-11-31-45-AM.jpg?resize=463%2C300&#038;quality=99\" alt=\"homeHeaderTitleImage_es_ES\" width=\"463\" height=\"300\" \/><\/p>\n<p>Las universidades de la Frontera y Cat\u00f3lica de Temuco ser\u00e1n las sedes del Segundo Encuentro de la Red CTS-Chile. La fecha ser\u00e1 los d\u00edas 22 y 23 de Enero de 2015.<\/p>\n","protected":false},"excerpt":{"rendered":"<p>Las universidades de la Frontera y Cat\u00f3lica de Temuco ser\u00e1n las sedes del Segundo Encuentro de la Red CTS-Chile. La fecha ser\u00e1 los d\u00edas 22 y 23 de Enero de 2015.<\/p>\n","protected":false},"author":1,"featured_media":685,"comment_status":"closed","ping_status":"closed","sticky":false,"template":"","format":"image","meta":{"jetpack_post_was_ever_published":false,"_jetpack_newsletter_access":"","_jetpack_dont_email_post_to_subs":false,"_jetpack_newsletter_tier_id":0,"_jetpack_memberships_contains_paywalled_content":false,"_jetpack_memberships_contains_paid_content":false,"footnotes":"","jetpack_publicize_message":"","jetpack_publicize_feature_enabled":true,"jetpack_social_post_already_shared":true,"jetpack_social_options":{"image_generator_settings":{"template":"highway","default_image_id":0,"font":"","enabled":false},"version":2}},"categories":[26],"tags":[],"class_list":["post-84","post","type-post","status-publish","format-image","has-post-thumbnail","hentry","category-convocatorias","post_format-post-format-image"],"jetpack_publicize_connections":[],"jetpack_featured_media_url":"","jetpack_sharing_enabled":true,"jetpack-related-posts":[{"id":710,"url":"https:\/\/cts-chile.cl\/weblog\/2014\/10\/08\/abierta-convocatoria-al-ii-encuentro-cts-chile\/","url_meta":{"origin":84,"position":0},"title":"Abierta convocatoria al II Encuentro CTS-Chile","author":"admin","date":"Octubre 8, 2014","format":"image","excerpt":"Las universidades de la Frontera y Cat\u00f3lica de Temuco ser\u00e1n las sedes del Segundo Encuentro de la Red CTS-Chile, a realizarse los d\u00edas\u00a022 y 23 de Enero de 2015. El\u00a0env\u00edo de res\u00famenes\u00a0se encontrar\u00e1 activo hasta el d\u00eda 28 de noviembre, 2014. Para mayor informaci\u00f3n y registro, favor visitar el siguiente\u2026","rel":"","context":"En &quot;Eventos&quot;","block_context":{"text":"Eventos","link":"https:\/\/cts-chile.cl\/weblog\/category\/events\/"},"img":{"alt_text":"CTS-Chile_Enc","src":"http:\/\/cts-chile.cl\/wp-content\/uploads\/2014\/09\/cropped-Photo-Jun-07-11-31-45-AM.jpg","width":320,"height":0,"srcset":"http:\/\/cts-chile.cl\/wp-content\/uploads\/2014\/09\/cropped-Photo-Jun-07-11-31-45-AM.jpg 1x, http:\/\/cts-chile.cl\/wp-content\/uploads\/2014\/09\/cropped-Photo-Jun-07-11-31-45-AM.jpg 1.5x"},"classes":[]},{"id":2068,"url":"https:\/\/cts-chile.cl\/weblog\/2017\/07\/31\/comite-organizador-define-temas-para-el-encuentro-cts-chile-2018\/","url_meta":{"origin":84,"position":1},"title":"Comit\u00e9 organizador propone temas para el Encuentro CTS-Chile 2018","author":"admin","date":"Julio 31, 2017","format":false,"excerpt":"El pasado viernes 07 de julio en dependencias de la Universidad Cat\u00f3lica del Maule (UCM), en Curic\u00f3 se desarroll\u00f3 la segunda reuni\u00f3n de preparaci\u00f3n del pr\u00f3ximo encuentro de la Red CTS \u2013 Chile a realizarse entre el 17 y 19 enero de 2018, en dicha casa de estudios. En la\u2026","rel":"","context":"En &quot;Eventos&quot;","block_context":{"text":"Eventos","link":"https:\/\/cts-chile.cl\/weblog\/category\/events\/"},"img":{"alt_text":"","src":"","width":0,"height":0},"classes":[]},{"id":2827,"url":"https:\/\/cts-chile.cl\/weblog\/2024\/10\/14\/xii-encuentro-cts-chile-2025-convocatoria\/","url_meta":{"origin":84,"position":2},"title":"XII Encuentro CTS-Chile 2025 &#8211; Convocatoria","author":"Post Email","date":"Octubre 14, 2024","format":false,"excerpt":"Compartimos informaci\u00f3n sobre el\u00a0XII Encuentro CTS-Chile, a realizarse entre los d\u00edas\u00a06 y 8 de enero de 2025\u00a0en la Universidad T\u00e9cnica Federico Santa Mar\u00eda en Valpara\u00edso. El plazo para la presentaci\u00f3n de contribuciones es el pr\u00f3ximo\u00a0domingo 20 de octubre\u27a1\ufe0f\u00a0https:\/\/cts-chile.cl\/xiiencuentro\/convocatoria\/ Dentro de las pr\u00f3ximas se compartir\u00e1 nueva informaci\u00f3n sobre la realizaci\u00f3n del\u2026","rel":"","context":"En &quot;Contribuciones&quot;","block_context":{"text":"Contribuciones","link":"https:\/\/cts-chile.cl\/weblog\/category\/contribuciones\/"},"img":{"alt_text":"","src":"https:\/\/i0.wp.com\/cts-chile.cl\/weblog\/wp-content\/uploads\/Grafica-CTS_web-IG02-07_low.jpg?fit=960%2C1200&quality=99&ssl=1","width":320,"height":0,"srcset":"https:\/\/i0.wp.com\/cts-chile.cl\/weblog\/wp-content\/uploads\/Grafica-CTS_web-IG02-07_low.jpg?fit=960%2C1200&quality=99&ssl=1 1x, https:\/\/i0.wp.com\/cts-chile.cl\/weblog\/wp-content\/uploads\/Grafica-CTS_web-IG02-07_low.jpg?fit=960%2C1200&quality=99&ssl=1 1.5x, https:\/\/i0.wp.com\/cts-chile.cl\/weblog\/wp-content\/uploads\/Grafica-CTS_web-IG02-07_low.jpg?fit=960%2C1200&quality=99&ssl=1 2x, https:\/\/i0.wp.com\/cts-chile.cl\/weblog\/wp-content\/uploads\/Grafica-CTS_web-IG02-07_low.jpg?fit=960%2C1200&quality=99&ssl=1 3x"},"classes":[]},{"id":1028,"url":"https:\/\/cts-chile.cl\/weblog\/2016\/01\/11\/programa-iii-encuentro-cts-chile\/","url_meta":{"origin":84,"position":3},"title":"Programa III Encuentro CTS-Chile","author":"admin","date":"Enero 11, 2016","format":"image","excerpt":"Ya se encuentra disponible el Programa del III Encuentro. Pueden consultarlo a continuaci\u00f3n. As\u00ed tambi\u00e9n, se ha actualizado diversa informaci\u00f3n relevante sobre los espacios del Encuentro que puede ser de su inter\u00e9s al visitar Valpara\u00edso. Nos vemos el 13 de Enero!","rel":"","context":"En &quot;Convocatorias&quot;","block_context":{"text":"Convocatorias","link":"https:\/\/cts-chile.cl\/weblog\/category\/convocatorias\/"},"img":{"alt_text":"","src":"","width":0,"height":0},"classes":[]},{"id":2924,"url":"https:\/\/cts-chile.cl\/weblog\/2024\/10\/22\/extension-plazo-envio-de-contribuciones-xii-encuentro-cts-chile\/","url_meta":{"origin":84,"position":4},"title":"Extensi\u00f3n plazo env\u00edo de contribuciones XII Encuentro CTS-Chile","author":"Post Email","date":"Octubre 22, 2024","format":false,"excerpt":"Contactamos para comentar que el Comit\u00e9 Organizador ha decidido extender el plazo para el env\u00edo de contribuciones al XII Encuentro CTS-Chile. La nueva fecha l\u00edmite es el pr\u00f3ximo viernes 1 de noviembre. Los resultados ser\u00e1n informados a m\u00e1s tardar el d\u00eda lunes 18 de noviembre. \u27a1\ufe0f M\u00e1s informaci\u00f3n: https:\/\/cts-chile.cl\/xiiencuentro\/convocatoria\/","rel":"","context":"En &quot;Contribuciones&quot;","block_context":{"text":"Contribuciones","link":"https:\/\/cts-chile.cl\/weblog\/category\/contribuciones\/"},"img":{"alt_text":"","src":"https:\/\/i0.wp.com\/cts-chile.cl\/weblog\/wp-content\/uploads\/Grafica-CTS_web-IG02-08_low-2.jpg?fit=960%2C1200&quality=99&ssl=1","width":320,"height":0,"srcset":"https:\/\/i0.wp.com\/cts-chile.cl\/weblog\/wp-content\/uploads\/Grafica-CTS_web-IG02-08_low-2.jpg?fit=960%2C1200&quality=99&ssl=1 1x, https:\/\/i0.wp.com\/cts-chile.cl\/weblog\/wp-content\/uploads\/Grafica-CTS_web-IG02-08_low-2.jpg?fit=960%2C1200&quality=99&ssl=1 1.5x, https:\/\/i0.wp.com\/cts-chile.cl\/weblog\/wp-content\/uploads\/Grafica-CTS_web-IG02-08_low-2.jpg?fit=960%2C1200&quality=99&ssl=1 2x, https:\/\/i0.wp.com\/cts-chile.cl\/weblog\/wp-content\/uploads\/Grafica-CTS_web-IG02-08_low-2.jpg?fit=960%2C1200&quality=99&ssl=1 3x"},"classes":[]},{"id":1770,"url":"https:\/\/cts-chile.cl\/weblog\/2017\/01\/05\/confirmacion-de-asistencia-iv-encuentro-cts-chile\/","url_meta":{"origin":84,"position":5},"title":"Confirmaci\u00f3n de asistencia IV Encuentro CTS-Chile","author":"admin","date":"Enero 5, 2017","format":false,"excerpt":"Quedan pocos d\u00edas para el inicio del IV Encuentro en la ciudad de Valdivia. Ya han comenzado a ser enviadas las notificaciones de aceptaci\u00f3n de ponencias en las distintas mesas que organizar\u00e1n las presentaciones este a\u00f1o. Se recuerda que es necesario confirmar lo antes posible la participaci\u00f3n y asistencia al\u2026","rel":"","context":"En &quot;Convocatorias&quot;","block_context":{"text":"Convocatorias","link":"https:\/\/cts-chile.cl\/weblog\/category\/convocatorias\/"},"img":{"alt_text":"","src":"","width":0,"height":0},"classes":[]}],"_links":{"self":[{"href":"https:\/\/cts-chile.cl\/weblog\/wp-json\/wp\/v2\/posts\/84","targetHints":{"allow":["GET"]}}],"collection":[{"href":"https:\/\/cts-chile.cl\/weblog\/wp-json\/wp\/v2\/posts"}],"about":[{"href":"https:\/\/cts-chile.cl\/weblog\/wp-json\/wp\/v2\/types\/post"}],"author":[{"embeddable":true,"href":"https:\/\/cts-chile.cl\/weblog\/wp-json\/wp\/v2\/users\/1"}],"replies":[{"embeddable":true,"href":"https:\/\/cts-chile.cl\/weblog\/wp-json\/wp\/v2\/comments?post=84"}],"version-history":[{"count":0,"href":"https:\/\/cts-chile.cl\/weblog\/wp-json\/wp\/v2\/posts\/84\/revisions"}],"wp:featuredmedia":[{"embeddable":true,"href":"https:\/\/cts-chile.cl\/weblog\/wp-json\/"}],"wp:attachment":[{"href":"https:\/\/cts-chile.cl\/weblog\/wp-json\/wp\/v2\/media?parent=84"}],"wp:term":[{"taxonomy":"category","embeddable":true,"href":"https:\/\/cts-chile.cl\/weblog\/wp-json\/wp\/v2\/categories?post=84"},{"taxonomy":"post_tag","embeddable":true,"href":"https:\/\/cts-chile.cl\/weblog\/wp-json\/wp\/v2\/tags?post=84"}],"curies":[{"name":"wp","href":"https:\/\/api.w.org\/{rel}","templated":true}]}}