{"id":829,"date":"2015-10-21T16:04:25","date_gmt":"2015-10-21T19:04:25","guid":{"rendered":"http:\/\/cts-chile.cl\/?p=829"},"modified":"2015-10-21T16:04:25","modified_gmt":"2015-10-21T19:04:25","slug":"seminario-ecologias-en-beta-ciudad-y-protopoliticas-con-alberto-cosin","status":"publish","type":"post","link":"https:\/\/cts-chile.cl\/weblog\/2015\/10\/21\/seminario-ecologias-en-beta-ciudad-y-protopoliticas-con-alberto-cosin\/","title":{"rendered":"Seminario: &#8220;Ecolog\u00edas en Beta: Ciudad y protopol\u00edticas&#8221;, con Alberto Cos\u00edn."},"content":{"rendered":"<p>El d\u00eda 23 de Octubre de 2015, a las 10:00 hrs., Alberto Cos\u00edn Jim\u00e9nez, Investigador Cient\u00edfico en el Departamento de Historia de la Ciencia del Consejo Superior de Investigaciones Cient\u00edficas de Madrid, llevar\u00e1 a cabo el seminario &#8220;Ecolog\u00edas en Beta: Ciudad y protopol\u00edticas&#8221;.<\/p>\n<p>Ser\u00e1 en el Sal\u00f3n Sergio Larra\u00edn de la Universidad Cat\u00f3lica de Chile, Campus lo Contador: El Comendador #1916, Providencia. <\/p>\n<p>Invita el Dr. Mart\u00edn Tironi y el Proyecto FONDECYT N\u00ba 11140042.<\/p>\n<p><a href=\"https:\/\/i0.wp.com\/cts-chile.cl\/wp-content\/uploads\/2014\/09\/cropped-Photo-Jun-07-11-31-45-AM.jpg?quality=99\"><img data-recalc-dims=\"1\" loading=\"lazy\" decoding=\"async\" src=\"https:\/\/i0.wp.com\/cts-chile.cl\/wp-content\/uploads\/2014\/09\/cropped-Photo-Jun-07-11-31-45-AM.jpg?resize=640%2C988&#038;quality=99\" alt=\"10472784_10153641773555460_4171968906151197846_o\" width=\"640\" height=\"988\" class=\"aligncenter size-large wp-image-830\" \/><\/a><\/p>\n","protected":false},"excerpt":{"rendered":"<p>El d\u00eda 23 de Octubre de 2015, a las 10:00 hrs., Alberto Cos\u00edn Jim\u00e9nez, Investigador Cient\u00edfico en el Departamento de Historia de la Ciencia del Consejo Superior de Investigaciones Cient\u00edficas de Madrid, llevar\u00e1 a cabo el seminario &#8220;Ecolog\u00edas en Beta: Ciudad y protopol\u00edticas&#8221;. Ser\u00e1 en el Sal\u00f3n Sergio Larra\u00edn de la Universidad Cat\u00f3lica de Chile,<\/p>\n","protected":false},"author":1,"featured_media":830,"comment_status":"closed","ping_status":"closed","sticky":false,"template":"","format":"image","meta":{"jetpack_post_was_ever_published":false,"_jetpack_newsletter_access":"","_jetpack_dont_email_post_to_subs":false,"_jetpack_newsletter_tier_id":0,"_jetpack_memberships_contains_paywalled_content":false,"_jetpack_memberships_contains_paid_content":false,"footnotes":"","jetpack_publicize_message":"","jetpack_publicize_feature_enabled":true,"jetpack_social_post_already_shared":true,"jetpack_social_options":{"image_generator_settings":{"template":"highway","default_image_id":0,"font":"","enabled":false},"version":2}},"categories":[5],"tags":[],"class_list":["post-829","post","type-post","status-publish","format-image","has-post-thumbnail","hentry","category-events","post_format-post-format-image"],"jetpack_publicize_connections":[],"jetpack_featured_media_url":"","jetpack_sharing_enabled":true,"jetpack-related-posts":[{"id":1881,"url":"https:\/\/cts-chile.cl\/weblog\/2017\/05\/24\/conocimientoculturaecologias-kce2017\/","url_meta":{"origin":829,"position":0},"title":"Conocimiento\/Cultura\/Ecolog\u00edas \u2013 KCE2017","author":"admin","date":"Mayo 24, 2017","format":false,"excerpt":"La convocatoria para ponencias y trabajos audiovisuales cierra el 26 de mayo, 2017.\u00a0Los res\u00famenes de ponencias deben ser enviados a trav\u00e9s del formulario en l\u00ednea.\u00a0 Para mas informaci\u00f3n ver la convocatoria general.","rel":"","context":"En &quot;Eventos&quot;","block_context":{"text":"Eventos","link":"https:\/\/cts-chile.cl\/weblog\/category\/events\/"},"img":{"alt_text":"","src":"","width":0,"height":0},"classes":[]},{"id":2310,"url":"https:\/\/cts-chile.cl\/weblog\/2018\/04\/17\/conferencia-internacional-medicos-enfermeras-y-salubristas-en-el-mexico-posrevolucionario-1920-1940\/","url_meta":{"origin":829,"position":1},"title":"Conferencia internacional M\u00e9dicos, enfermeras y salubristas en el M\u00e9xico Posrevolucionario, 1920-1940","author":"admin","date":"Abril 17, 2018","format":false,"excerpt":"Conferencia internacional M\u00e9dicos, enfermeras y salubristas en el M\u00e9xico Posrevolucionario, 1920-1940\u00a0 Mi\u00e9rcoles 18 de abril, 18:30 horas, Sala de Investigaci\u00f3n Casa Esperanza (Erasmo Escala 1822). Inscripci\u00f3n Organizado por el Departamento de Historia de la Universidad Alberto Hurtado y la Escuela de Trabajo Social de la Universidad Santo Tom\u00e1s Seminario Dictado\u2026","rel":"","context":"En &quot;Eventos&quot;","block_context":{"text":"Eventos","link":"https:\/\/cts-chile.cl\/weblog\/category\/events\/"},"img":{"alt_text":"","src":"","width":0,"height":0},"classes":[]},{"id":569,"url":"https:\/\/cts-chile.cl\/weblog\/2015\/06\/23\/invitacion-seminario-numies-energia-y-sociedad-en-chile-nuevos-desafios-para-una-nueva-ciudadania\/","url_meta":{"origin":829,"position":2},"title":"Invitaci\u00f3n Seminario NUMIES &#8220;Energ\u00eda y Sociedad en Chile: Nuevos desaf\u00edos para una nueva ciudadan\u00eda&#8221;","author":"admin","date":"Junio 23, 2015","format":"image","excerpt":"El N\u00facleo Milenio de Investigaci\u00f3n sobre Energ\u00eda y Sociedad (NUMIES) invita\u00a0al seminario\u00a0\u201cEnerg\u00eda y Sociedad en Chile: Nuevos desaf\u00edos para una nueva ciudadan\u00eda\u201d,\u00a0a realizarse\u00a0el viernes 3 de Julio entre las 9:00 y las 18:30 en la Universidad Alberto Hurtado (Erasmo Escala 1822,\u00a0Santiago). Este seminario tiene por objetivo poder conversar sobre las\u2026","rel":"","context":"En &quot;Eventos&quot;","block_context":{"text":"Eventos","link":"https:\/\/cts-chile.cl\/weblog\/category\/events\/"},"img":{"alt_text":"Mail Attachment-1","src":"http:\/\/cts-chile.cl\/wp-content\/uploads\/2014\/09\/cropped-Photo-Jun-07-11-31-45-AM.jpg","width":320,"height":0},"classes":[]},{"id":2579,"url":"https:\/\/cts-chile.cl\/weblog\/2015\/08\/17\/hacia-el-ensamblaje-de-estudios-cts-en-chile-notas-del-ii-encuentro-cts-chile-en-temuco\/","url_meta":{"origin":829,"position":3},"title":"Hacia el ensamblaje de Estudios CTS en Chile: Notas del II Encuentro CTS-Chile en Temuco","author":"admin","date":"Agosto 17, 2015","format":"image","excerpt":"En v\u00edas del desarrollo del III Encuentro CTS-Chile, en la ciudad de Valpara\u00edso, difundimos una columna elaborada por Ronald Cancino y Helder Binimelis, sobre el II Encuentro desarrollado en Temuco. Se ha publicado hace unos d\u00edas en el Blog de la Society for Social Studies of Science (4S), y dice\u2026","rel":"","context":"En &quot;Columnas&quot;","block_context":{"text":"Columnas","link":"https:\/\/cts-chile.cl\/weblog\/category\/columnas\/"},"img":{"alt_text":"","src":"http:\/\/img.youtube.com\/vi\/GCgbeObGYxk\/0.jpg","width":320,"height":0},"classes":[]},{"id":3210,"url":"https:\/\/cts-chile.cl\/weblog\/2025\/03\/28\/epistemic-corruption-sergio-sismondo-en-cects\/","url_meta":{"origin":829,"position":4},"title":"&#8220;Epistemic Corruption&#8221;. Sergio Sismondo en CECTS.","author":"Post Email","date":"Marzo 28, 2025","format":false,"excerpt":"\u00bfConflictos de inter\u00e9s? \u00bfIntegridad cient\u00edfica? \u00bfDatos v\u00e1lidos? \u00bfInvestigaci\u00f3n integrada sin problemas a la ciencia m\u00e9dica leg\u00edtima? Sergio Sismondo nos visita el 9 de abril para presentarnos sus recientes trabajos sobre corrupci\u00f3n epist\u00e9mica. \u00a1Bienvenidas y bienvenidos!Sergio Sismondo es Profesor de Filosof\u00eda en Queen's\u00a0University, Canad\u00e1, donde realiza investigaciones en CTS, en la\u2026","rel":"","context":"En &quot;Contribuciones&quot;","block_context":{"text":"Contribuciones","link":"https:\/\/cts-chile.cl\/weblog\/category\/contribuciones\/"},"img":{"alt_text":"","src":"https:\/\/i0.wp.com\/cts-chile.cl\/weblog\/wp-content\/uploads\/image.jpg?fit=552%2C690&quality=99&ssl=1","width":320,"height":0,"srcset":"https:\/\/i0.wp.com\/cts-chile.cl\/weblog\/wp-content\/uploads\/image.jpg?fit=552%2C690&quality=99&ssl=1 1x, https:\/\/i0.wp.com\/cts-chile.cl\/weblog\/wp-content\/uploads\/image.jpg?fit=552%2C690&quality=99&ssl=1 1.5x"},"classes":[]},{"id":2951,"url":"https:\/\/cts-chile.cl\/weblog\/2024\/10\/29\/afuera-metodologias-especulativas-para-ecologias-sustentables\/","url_meta":{"origin":829,"position":5},"title":"AFUERA: Metodolog\u00edas especulativas para ecolog\u00edas sustentables","author":"Post Email","date":"Octubre 29, 2024","format":false,"excerpt":"AFUERA: Metodolog\u00edas especulativas para ecolog\u00edas sustentables\u00a06 Y 7 DE NOVIEMBRE, CEDEL UC - VILLARRICA\u00a0Taller doctoral con Mart\u00edn Savransky, U. of Bath\u00a0\u00bfHata d\u00f3nde llega la problematizaci\u00f3n? \u00bfqu\u00e9 es lo otro de lo otro y qu\u00e9 significa pensar, hacer y fabular desde la alteridad continua? en este Taller doctoral buscamos indagar sobre\u2026","rel":"","context":"En &quot;Contribuciones&quot;","block_context":{"text":"Contribuciones","link":"https:\/\/cts-chile.cl\/weblog\/category\/contribuciones\/"},"img":{"alt_text":"","src":"https:\/\/i0.wp.com\/cts-chile.cl\/weblog\/wp-content\/uploads\/image001.jpg?fit=848%2C1200&quality=99&ssl=1","width":320,"height":0,"srcset":"https:\/\/i0.wp.com\/cts-chile.cl\/weblog\/wp-content\/uploads\/image001.jpg?fit=848%2C1200&quality=99&ssl=1 1x, https:\/\/i0.wp.com\/cts-chile.cl\/weblog\/wp-content\/uploads\/image001.jpg?fit=848%2C1200&quality=99&ssl=1 1.5x, https:\/\/i0.wp.com\/cts-chile.cl\/weblog\/wp-content\/uploads\/image001.jpg?fit=848%2C1200&quality=99&ssl=1 2x"},"classes":[]}],"_links":{"self":[{"href":"https:\/\/cts-chile.cl\/weblog\/wp-json\/wp\/v2\/posts\/829","targetHints":{"allow":["GET"]}}],"collection":[{"href":"https:\/\/cts-chile.cl\/weblog\/wp-json\/wp\/v2\/posts"}],"about":[{"href":"https:\/\/cts-chile.cl\/weblog\/wp-json\/wp\/v2\/types\/post"}],"author":[{"embeddable":true,"href":"https:\/\/cts-chile.cl\/weblog\/wp-json\/wp\/v2\/users\/1"}],"replies":[{"embeddable":true,"href":"https:\/\/cts-chile.cl\/weblog\/wp-json\/wp\/v2\/comments?post=829"}],"version-history":[{"count":0,"href":"https:\/\/cts-chile.cl\/weblog\/wp-json\/wp\/v2\/posts\/829\/revisions"}],"wp:featuredmedia":[{"embeddable":true,"href":"https:\/\/cts-chile.cl\/weblog\/wp-json\/"}],"wp:attachment":[{"href":"https:\/\/cts-chile.cl\/weblog\/wp-json\/wp\/v2\/media?parent=829"}],"wp:term":[{"taxonomy":"category","embeddable":true,"href":"https:\/\/cts-chile.cl\/weblog\/wp-json\/wp\/v2\/categories?post=829"},{"taxonomy":"post_tag","embeddable":true,"href":"https:\/\/cts-chile.cl\/weblog\/wp-json\/wp\/v2\/tags?post=829"}],"curies":[{"name":"wp","href":"https:\/\/api.w.org\/{rel}","templated":true}]}}