{"id":710,"date":"2014-10-08T15:41:38","date_gmt":"2014-10-08T15:41:38","guid":{"rendered":"http:\/\/cts-chile.cl\/?p=87"},"modified":"2024-10-10T19:03:06","modified_gmt":"2024-10-10T19:03:06","slug":"abierta-convocatoria-al-ii-encuentro-cts-chile","status":"publish","type":"post","link":"https:\/\/cts-chile.cl\/weblog\/2014\/10\/08\/abierta-convocatoria-al-ii-encuentro-cts-chile\/","title":{"rendered":"Abierta convocatoria al II Encuentro CTS-Chile"},"content":{"rendered":"<p><a href=\"https:\/\/i0.wp.com\/cts-chile.cl\/wp-content\/uploads\/2014\/09\/cropped-Photo-Jun-07-11-31-45-AM.jpg?quality=99\"><img data-recalc-dims=\"1\" loading=\"lazy\" decoding=\"async\" class=\"aligncenter wp-image-300 size-full\" src=\"https:\/\/i0.wp.com\/cts-chile.cl\/wp-content\/uploads\/2014\/09\/cropped-Photo-Jun-07-11-31-45-AM.jpg?resize=504%2C656&#038;quality=99\" alt=\"CTS-Chile_Enc\" width=\"504\" height=\"656\" \/><\/a><a href=\"http:\/\/cts-chile.cl\/ii-encuentro-cts-chile\/\"><br \/>\n<\/a>Las universidades de la Frontera y Cat\u00f3lica de Temuco ser\u00e1n las sedes del Segundo Encuentro de la Red CTS-Chile, a realizarse los d\u00edas\u00a022 y 23 de Enero de 2015. El\u00a0env\u00edo de res\u00famenes\u00a0se encontrar\u00e1 activo hasta el d\u00eda 28 de noviembre, 2014. Para mayor informaci\u00f3n y registro, favor visitar el siguiente <a title=\"II Encuentro CTS-Chile\" href=\"http:\/\/cts-chile.cl\/ii-encuentro-cts-chile\/\">link<\/a>.<\/p>\n<p>&nbsp;<\/p>\n","protected":false},"excerpt":{"rendered":"<p>Las universidades de la Frontera y Cat\u00f3lica de Temuco ser\u00e1n las sedes del Segundo Encuentro de la Red CTS-Chile, a realizarse los d\u00edas\u00a022 y 23 de Enero de 2015. El\u00a0env\u00edo de res\u00famenes\u00a0se encontrar\u00e1 activo hasta el d\u00eda 28 de noviembre, 2014. Para mayor informaci\u00f3n y registro, favor visitar el siguiente link. &nbsp;<\/p>\n","protected":false},"author":1,"featured_media":300,"comment_status":"closed","ping_status":"closed","sticky":false,"template":"","format":"image","meta":{"jetpack_post_was_ever_published":false,"_jetpack_newsletter_access":"","_jetpack_dont_email_post_to_subs":false,"_jetpack_newsletter_tier_id":0,"_jetpack_memberships_contains_paywalled_content":false,"_jetpack_memberships_contains_paid_content":false,"footnotes":"","jetpack_publicize_message":"","jetpack_publicize_feature_enabled":true,"jetpack_social_post_already_shared":true,"jetpack_social_options":{"image_generator_settings":{"template":"highway","default_image_id":0,"font":"","enabled":false},"version":2}},"categories":[5],"tags":[],"class_list":["post-710","post","type-post","status-publish","format-image","has-post-thumbnail","hentry","category-events","post_format-post-format-image"],"jetpack_publicize_connections":[],"jetpack_featured_media_url":"","jetpack_sharing_enabled":true,"jetpack-related-posts":[{"id":2538,"url":"https:\/\/cts-chile.cl\/weblog\/2019\/01\/10\/compartimos-el-programa-final-de-nuestro-vi-encuentro-cts-en-osorno\/","url_meta":{"origin":710,"position":0},"title":"Compartimos el Programa Resumen del VI Encuentro CTS-Chile en Osorno","author":"admin","date":"Enero 10, 2019","format":false,"excerpt":"Programa VI Encuentro CTS-Chile","rel":"","context":"En &quot;Eventos&quot;","block_context":{"text":"Eventos","link":"https:\/\/cts-chile.cl\/weblog\/category\/events\/"},"img":{"alt_text":"","src":"","width":0,"height":0},"classes":[]},{"id":711,"url":"https:\/\/cts-chile.cl\/weblog\/2015\/01\/14\/informacion-ii-encuentro-cts-chile\/","url_meta":{"origin":710,"position":1},"title":"Informaci\u00f3n II Encuentro CTS-Chile","author":"admin","date":"Enero 14, 2015","format":false,"excerpt":"Ya se encuentra disponible la informaci\u00f3n sobre el II Encuentro CTS-Chile a realizarse en Temuco los d\u00edas 22 y 23 de enero, 2015. Puede encontrarse el programa, sedes y opciones de movilizaci\u00f3n\u00a0y\u00a0lugares para alojamiento. Pronto nos contactaremos con m\u00e1s detalles. \u00a0","rel":"","context":"En &quot;Convocatorias&quot;","block_context":{"text":"Convocatorias","link":"https:\/\/cts-chile.cl\/weblog\/category\/convocatorias\/"},"img":{"alt_text":"","src":"","width":0,"height":0},"classes":[]},{"id":2773,"url":"https:\/\/cts-chile.cl\/weblog\/2024\/10\/11\/comite-cientifico-xii-encuentro-cts-chile\/","url_meta":{"origin":710,"position":2},"title":"Comit\u00e9 Cient\u00edfico XII Encuentro CTS-Chile.","author":"admin","date":"Octubre 11, 2024","format":false,"excerpt":"Presentamos al Comit\u00e9 Cientifico del XII Encuentro CTS-Chile.M\u00e1s informaci\u00f3n en https:\/\/cts-chile.cl\/xiiencuentro","rel":"","context":"En &quot;Contribuciones&quot;","block_context":{"text":"Contribuciones","link":"https:\/\/cts-chile.cl\/weblog\/category\/contribuciones\/"},"img":{"alt_text":"","src":"https:\/\/i0.wp.com\/cts-chile.cl\/weblog\/wp-content\/uploads\/Screenshot-2024-10-11-at-09.30.44-2-scaled.jpg?fit=1200%2C1167&quality=99&ssl=1","width":320,"height":0,"srcset":"https:\/\/i0.wp.com\/cts-chile.cl\/weblog\/wp-content\/uploads\/Screenshot-2024-10-11-at-09.30.44-2-scaled.jpg?fit=1200%2C1167&quality=99&ssl=1 1x, https:\/\/i0.wp.com\/cts-chile.cl\/weblog\/wp-content\/uploads\/Screenshot-2024-10-11-at-09.30.44-2-scaled.jpg?fit=1200%2C1167&quality=99&ssl=1 1.5x, https:\/\/i0.wp.com\/cts-chile.cl\/weblog\/wp-content\/uploads\/Screenshot-2024-10-11-at-09.30.44-2-scaled.jpg?fit=1200%2C1167&quality=99&ssl=1 2x, https:\/\/i0.wp.com\/cts-chile.cl\/weblog\/wp-content\/uploads\/Screenshot-2024-10-11-at-09.30.44-2-scaled.jpg?fit=1200%2C1167&quality=99&ssl=1 3x"},"classes":[]},{"id":2237,"url":"https:\/\/cts-chile.cl\/weblog\/2018\/01\/17\/programa-definitivo-v-encuentro-cts-chile\/","url_meta":{"origin":710,"position":3},"title":"Revisa Programa Definitivo V Encuentro CTS-Chile","author":"admin","date":"Enero 17, 2018","format":false,"excerpt":"Hoy comienza nuestroV Encuentro CTS-Chile y aqu\u00ed se puede consultar el PROGRAMA DEFINITIVO, con toda la informaci\u00f3n sobre las salas de las distintas mesas y paneles.","rel":"","context":"En &quot;Eventos&quot;","block_context":{"text":"Eventos","link":"https:\/\/cts-chile.cl\/weblog\/category\/events\/"},"img":{"alt_text":"","src":"","width":0,"height":0},"classes":[]},{"id":3724,"url":"https:\/\/cts-chile.cl\/weblog\/2025\/12\/29\/registro-visual-i-encuentro-cts-chile\/","url_meta":{"origin":710,"position":4},"title":"Registro Visual I Encuentro CTS-Chile","author":"admin","date":"Diciembre 29, 2025","format":false,"excerpt":"I Encuentro CTS-Chile, enero 2014. https:\/\/www.youtube.com\/watch?v=ALoVgm9d0XE https:\/\/www.youtube.com\/watch?v=yH1_-AKPLJ8 https:\/\/www.youtube.com\/watch?v=A4V_AppcQGI","rel":"","context":"En &quot;Registro Visual&quot;","block_context":{"text":"Registro Visual","link":"https:\/\/cts-chile.cl\/weblog\/category\/registro-visual\/"},"img":{"alt_text":"","src":"https:\/\/i0.wp.com\/cts-chile.cl\/weblog\/wp-content\/uploads\/Photo-09-01-14-9-03-13-scaled.jpg?fit=1200%2C900&quality=99&ssl=1","width":320,"height":0,"srcset":"https:\/\/i0.wp.com\/cts-chile.cl\/weblog\/wp-content\/uploads\/Photo-09-01-14-9-03-13-scaled.jpg?fit=1200%2C900&quality=99&ssl=1 1x, https:\/\/i0.wp.com\/cts-chile.cl\/weblog\/wp-content\/uploads\/Photo-09-01-14-9-03-13-scaled.jpg?fit=1200%2C900&quality=99&ssl=1 1.5x, https:\/\/i0.wp.com\/cts-chile.cl\/weblog\/wp-content\/uploads\/Photo-09-01-14-9-03-13-scaled.jpg?fit=1200%2C900&quality=99&ssl=1 2x, https:\/\/i0.wp.com\/cts-chile.cl\/weblog\/wp-content\/uploads\/Photo-09-01-14-9-03-13-scaled.jpg?fit=1200%2C900&quality=99&ssl=1 3x"},"classes":[]},{"id":3778,"url":"https:\/\/cts-chile.cl\/weblog\/2025\/12\/31\/algunos-registros-visuales-del-iii-encuentro-cts-chile\/","url_meta":{"origin":710,"position":5},"title":"Algunos registros visuales del III Encuentro CTS-Chile.","author":"Post Email","date":"Diciembre 31, 2025","format":false,"excerpt":"Algunos registros visuales del III Encuentro CTS-Chile, 2016, Valpara\u00edso, Pontificia Universidad Cat\u00f3lica de Valpara\u00edso, IDEA (Universidad de Santiago de Chile), Universidad de Chile, Universidad de Valpara\u00edso.","rel":"","context":"En &quot;Registro Visual&quot;","block_context":{"text":"Registro Visual","link":"https:\/\/cts-chile.cl\/weblog\/category\/registro-visual\/"},"img":{"alt_text":"","src":"https:\/\/i0.wp.com\/cts-chile.cl\/weblog\/wp-content\/uploads\/IMG_1054.jpeg?fit=1200%2C456&quality=99&ssl=1","width":320,"height":0,"srcset":"https:\/\/i0.wp.com\/cts-chile.cl\/weblog\/wp-content\/uploads\/IMG_1054.jpeg?fit=1200%2C456&quality=99&ssl=1 1x, https:\/\/i0.wp.com\/cts-chile.cl\/weblog\/wp-content\/uploads\/IMG_1054.jpeg?fit=1200%2C456&quality=99&ssl=1 1.5x, https:\/\/i0.wp.com\/cts-chile.cl\/weblog\/wp-content\/uploads\/IMG_1054.jpeg?fit=1200%2C456&quality=99&ssl=1 2x, https:\/\/i0.wp.com\/cts-chile.cl\/weblog\/wp-content\/uploads\/IMG_1054.jpeg?fit=1200%2C456&quality=99&ssl=1 3x"},"classes":[]}],"_links":{"self":[{"href":"https:\/\/cts-chile.cl\/weblog\/wp-json\/wp\/v2\/posts\/710","targetHints":{"allow":["GET"]}}],"collection":[{"href":"https:\/\/cts-chile.cl\/weblog\/wp-json\/wp\/v2\/posts"}],"about":[{"href":"https:\/\/cts-chile.cl\/weblog\/wp-json\/wp\/v2\/types\/post"}],"author":[{"embeddable":true,"href":"https:\/\/cts-chile.cl\/weblog\/wp-json\/wp\/v2\/users\/1"}],"replies":[{"embeddable":true,"href":"https:\/\/cts-chile.cl\/weblog\/wp-json\/wp\/v2\/comments?post=710"}],"version-history":[{"count":1,"href":"https:\/\/cts-chile.cl\/weblog\/wp-json\/wp\/v2\/posts\/710\/revisions"}],"predecessor-version":[{"id":2709,"href":"https:\/\/cts-chile.cl\/weblog\/wp-json\/wp\/v2\/posts\/710\/revisions\/2709"}],"wp:featuredmedia":[{"embeddable":true,"href":"https:\/\/cts-chile.cl\/weblog\/wp-json\/"}],"wp:attachment":[{"href":"https:\/\/cts-chile.cl\/weblog\/wp-json\/wp\/v2\/media?parent=710"}],"wp:term":[{"taxonomy":"category","embeddable":true,"href":"https:\/\/cts-chile.cl\/weblog\/wp-json\/wp\/v2\/categories?post=710"},{"taxonomy":"post_tag","embeddable":true,"href":"https:\/\/cts-chile.cl\/weblog\/wp-json\/wp\/v2\/tags?post=710"}],"curies":[{"name":"wp","href":"https:\/\/api.w.org\/{rel}","templated":true}]}}