{"id":60,"date":"2017-10-15T10:34:23","date_gmt":"2017-10-15T10:34:23","guid":{"rendered":"http:\/\/coup.tkdvl.com\/?p=60"},"modified":"2024-10-10T18:40:02","modified_gmt":"2024-10-10T18:40:02","slug":"deep-water-cooling-is-the-next-green-way-to-keep-yourself-chill","status":"publish","type":"post","link":"https:\/\/cts-chile.cl\/weblog\/2017\/10\/15\/deep-water-cooling-is-the-next-green-way-to-keep-yourself-chill\/","title":{"rendered":"Bienvenido\/a al Blog de CTS-Chile"},"content":{"rendered":"<p class=\"emphasis\">CTS-Chile difunde actividades en el campo de los estudios de Ciencia, Tecnolog\u00eda y Sociedad desde el a\u00f1o 2014.<\/p>\n<p><!--more--><\/p>\n<p>Como parte de nuestras actividades, se encuentra la difusi\u00f3n de eventos, encuentros, convocatorias y resultados de investigaci\u00f3n.<\/p>\n<p><img data-recalc-dims=\"1\" loading=\"lazy\" decoding=\"async\" class=\"size-medium wp-image-1060 aligncenter\" src=\"https:\/\/i0.wp.com\/cts-chile.cl\/weblog\/wp-content\/uploads\/2024\/10\/cropped-we-high-res-transparent.jpg?resize=300%2C158&#038;quality=99&#038;ssl=1\" alt=\"\" width=\"300\" height=\"158\" \/><\/p>\n<p>En este espacio ser\u00e1 posible encontrar un registro de este tipo de informaci\u00f3n.<\/p>\n","protected":false},"excerpt":{"rendered":"<p>CTS-Chile difunde actividades en el campo de los estudios de Ciencia, Tecnolog\u00eda y Sociedad desde el a\u00f1o 2014.<\/p>\n","protected":false},"author":1,"featured_media":724,"comment_status":"closed","ping_status":"closed","sticky":false,"template":"","format":"standard","meta":{"jetpack_post_was_ever_published":false,"_jetpack_newsletter_access":"","_jetpack_dont_email_post_to_subs":true,"_jetpack_newsletter_tier_id":0,"_jetpack_memberships_contains_paywalled_content":false,"_jetpack_memberships_contains_paid_content":false,"footnotes":"","jetpack_publicize_message":"","jetpack_publicize_feature_enabled":true,"jetpack_social_post_already_shared":true,"jetpack_social_options":{"image_generator_settings":{"template":"highway","default_image_id":0,"font":"","enabled":false},"version":2}},"categories":[2,3,5],"tags":[],"class_list":["post-60","post","type-post","status-publish","format-standard","has-post-thumbnail","hentry","category-activities","category-description","category-events"],"jetpack_publicize_connections":[],"jetpack_featured_media_url":"","jetpack_sharing_enabled":true,"jetpack-related-posts":[{"id":2385,"url":"https:\/\/cts-chile.cl\/weblog\/2018\/06\/28\/vi-encuentro-cts-en-osorno\/","url_meta":{"origin":60,"position":0},"title":"VI Encuentro CTS-Chile, Osorno 2019","author":"admin","date":"Junio 28, 2018","format":false,"excerpt":"El comit\u00e9 organizador tiene el agrado de informar que el 16, 17 y 18 de enero 2019 se realizar\u00e1 el VI Encuentro de Ciencia, Tecnolog\u00eda y Sociedad CTS-Chile en la bella ciudad de Osorno. Se invita a los integrantes de esta gran Red a proponer y dirigir mesas, el plazo\u2026","rel":"","context":"En &quot;Eventos&quot;","block_context":{"text":"Eventos","link":"https:\/\/cts-chile.cl\/weblog\/category\/events\/"},"img":{"alt_text":"","src":"","width":0,"height":0},"classes":[]},{"id":1782,"url":"https:\/\/cts-chile.cl\/weblog\/2017\/01\/16\/programa-iv-encuentro-cts-chile-valdivia-2017\/","url_meta":{"origin":60,"position":1},"title":"Programa IV Encuentro CTS-Chile, Valdivia 2017","author":"admin","date":"Enero 16, 2017","format":false,"excerpt":"El Comit\u00e9 Organizador del IV Encuentro CTS-Chile: \"Cartograf\u00edas L\u00edquidas y Territorios Sociot\u00e9cnicos\", Valdivia 2017, presenta el Programa de actividades de la jornada. Puede descargarse desde el siguiente enlace o haciendo click en la imagen.","rel":"","context":"En &quot;Eventos&quot;","block_context":{"text":"Eventos","link":"https:\/\/cts-chile.cl\/weblog\/category\/events\/"},"img":{"alt_text":"","src":"http:\/\/cts-chile.cl\/wp-content\/uploads\/2017\/01\/Programa-IV-Encuentro-Red-CTS-Chile-version-16-ene-2017-791x1024.jpg","width":320,"height":0,"srcset":"http:\/\/cts-chile.cl\/wp-content\/uploads\/2017\/01\/Programa-IV-Encuentro-Red-CTS-Chile-version-16-ene-2017-791x1024.jpg 1x, http:\/\/cts-chile.cl\/wp-content\/uploads\/2017\/01\/Programa-IV-Encuentro-Red-CTS-Chile-version-16-ene-2017-791x1024.jpg 1.5x, http:\/\/cts-chile.cl\/wp-content\/uploads\/2017\/01\/Programa-IV-Encuentro-Red-CTS-Chile-version-16-ene-2017-791x1024.jpg 2x"},"classes":[]},{"id":710,"url":"https:\/\/cts-chile.cl\/weblog\/2014\/10\/08\/abierta-convocatoria-al-ii-encuentro-cts-chile\/","url_meta":{"origin":60,"position":2},"title":"Abierta convocatoria al II Encuentro CTS-Chile","author":"admin","date":"Octubre 8, 2014","format":"image","excerpt":"Las universidades de la Frontera y Cat\u00f3lica de Temuco ser\u00e1n las sedes del Segundo Encuentro de la Red CTS-Chile, a realizarse los d\u00edas\u00a022 y 23 de Enero de 2015. El\u00a0env\u00edo de res\u00famenes\u00a0se encontrar\u00e1 activo hasta el d\u00eda 28 de noviembre, 2014. Para mayor informaci\u00f3n y registro, favor visitar el siguiente\u2026","rel":"","context":"En &quot;Eventos&quot;","block_context":{"text":"Eventos","link":"https:\/\/cts-chile.cl\/weblog\/category\/events\/"},"img":{"alt_text":"CTS-Chile_Enc","src":"http:\/\/cts-chile.cl\/wp-content\/uploads\/2014\/09\/cropped-Photo-Jun-07-11-31-45-AM.jpg","width":320,"height":0,"srcset":"http:\/\/cts-chile.cl\/wp-content\/uploads\/2014\/09\/cropped-Photo-Jun-07-11-31-45-AM.jpg 1x, http:\/\/cts-chile.cl\/wp-content\/uploads\/2014\/09\/cropped-Photo-Jun-07-11-31-45-AM.jpg 1.5x"},"classes":[]},{"id":1993,"url":"https:\/\/cts-chile.cl\/weblog\/2017\/06\/22\/curico-sera-anfitrion-del-v-encuentro-cts-chile\/","url_meta":{"origin":60,"position":3},"title":"Curic\u00f3 ser\u00e1 anfitri\u00f3n del V Encuentro CTS-Chile","author":"admin","date":"Junio 22, 2017","format":false,"excerpt":"Ya comenzaron los preparativos del V Encuentro de la Red Chilena de Ciencia, Tecnolog\u00eda y Sociedad CTS-Chile, que se desarrollar\u00e1 en la Universidad Cat\u00f3lica del Maule (UCM), en su Sede Curic\u00f3, los pr\u00f3ximos 17, 18 y 19 de enero del 2018. \"Esta propuesta surge en el marco de dar mayor\u2026","rel":"","context":"En &quot;Eventos&quot;","block_context":{"text":"Eventos","link":"https:\/\/cts-chile.cl\/weblog\/category\/events\/"},"img":{"alt_text":"","src":"","width":0,"height":0},"classes":[]},{"id":2586,"url":"https:\/\/cts-chile.cl\/weblog\/2016\/04\/07\/llamado-colaboracin-iv-encuentro-cts-chile\/","url_meta":{"origin":60,"position":4},"title":"Llamado Colaboraci\u00f3n IV Encuentro CTS-Chile","author":"admin","date":"Abril 7, 2016","format":false,"excerpt":"Estimados colegas y amigos: La comisi\u00f3n organizadora del pr\u00f3ximo encuentro CTS Chile, que tendr\u00e1 lugar en Valdivia, les informa que la fecha propuesta es la semana de entre el 16 al 20 de enero de 2017. El encuentro tendr\u00e1 una duraci\u00f3n de tres d\u00edas (a\u00fan falta definir qu\u00e9 d\u00edas de\u2026","rel":"","context":"En &quot;Convocatorias&quot;","block_context":{"text":"Convocatorias","link":"https:\/\/cts-chile.cl\/weblog\/category\/convocatorias\/"},"img":{"alt_text":"","src":"","width":0,"height":0},"classes":[]},{"id":1131,"url":"https:\/\/cts-chile.cl\/weblog\/2016\/02\/26\/el-futuro-de-la-red-cts-chile\/","url_meta":{"origin":60,"position":5},"title":"El futuro de la Red CTS-Chile","author":"admin","date":"Febrero 26, 2016","format":"image","excerpt":"Una vez finalizado en III Encuentro Ciencia, Tecnolog\u00eda y Sociedad, de la Red CTS-Chile, efectuado entre los d\u00edas 13 al 15 de enero en dependencias de\u00a0la Pontificia Universidad Cat\u00f3lica de Valpara\u00edso, es necesario en primer lugar agradecer al Comit\u00e9 Organizador: Juan Felipe Espinosa (Escuela de\u00a0Comercio de\u00a0la Pontifica Universidad Cat\u00f3lica de\u2026","rel":"","context":"En &quot;Convocatorias&quot;","block_context":{"text":"Convocatorias","link":"https:\/\/cts-chile.cl\/weblog\/category\/convocatorias\/"},"img":{"alt_text":"IMG_1013","src":"http:\/\/cts-chile.cl\/wp-content\/uploads\/2014\/09\/cropped-Photo-Jun-07-11-31-45-AM.jpg","width":320,"height":0},"classes":[]}],"_links":{"self":[{"href":"https:\/\/cts-chile.cl\/weblog\/wp-json\/wp\/v2\/posts\/60","targetHints":{"allow":["GET"]}}],"collection":[{"href":"https:\/\/cts-chile.cl\/weblog\/wp-json\/wp\/v2\/posts"}],"about":[{"href":"https:\/\/cts-chile.cl\/weblog\/wp-json\/wp\/v2\/types\/post"}],"author":[{"embeddable":true,"href":"https:\/\/cts-chile.cl\/weblog\/wp-json\/wp\/v2\/users\/1"}],"replies":[{"embeddable":true,"href":"https:\/\/cts-chile.cl\/weblog\/wp-json\/wp\/v2\/comments?post=60"}],"version-history":[{"count":2,"href":"https:\/\/cts-chile.cl\/weblog\/wp-json\/wp\/v2\/posts\/60\/revisions"}],"predecessor-version":[{"id":1173,"href":"https:\/\/cts-chile.cl\/weblog\/wp-json\/wp\/v2\/posts\/60\/revisions\/1173"}],"wp:featuredmedia":[{"embeddable":true,"href":"https:\/\/cts-chile.cl\/weblog\/wp-json\/"}],"wp:attachment":[{"href":"https:\/\/cts-chile.cl\/weblog\/wp-json\/wp\/v2\/media?parent=60"}],"wp:term":[{"taxonomy":"category","embeddable":true,"href":"https:\/\/cts-chile.cl\/weblog\/wp-json\/wp\/v2\/categories?post=60"},{"taxonomy":"post_tag","embeddable":true,"href":"https:\/\/cts-chile.cl\/weblog\/wp-json\/wp\/v2\/tags?post=60"}],"curies":[{"name":"wp","href":"https:\/\/api.w.org\/{rel}","templated":true}]}}