{"id":2581,"date":"2016-01-17T17:10:21","date_gmt":"2016-01-17T20:10:21","guid":{"rendered":"http:\/\/cts-chile.cl\/?p=1078"},"modified":"2016-01-17T17:10:21","modified_gmt":"2016-01-17T20:10:21","slug":"call-for-papers-revue-danthropologie-des-connaissances-rac-y-fronteras-iii-encuentro-cts-chile","status":"publish","type":"post","link":"https:\/\/cts-chile.cl\/weblog\/2016\/01\/17\/call-for-papers-revue-danthropologie-des-connaissances-rac-y-fronteras-iii-encuentro-cts-chile\/","title":{"rendered":"Call for Papers &#8211; Revue d&#8217;anthropologie des connaissances (RAC) y Fronteras, III Encuentro CTS-Chile"},"content":{"rendered":"<p><strong>CONVOCATORIA CERRADA EL 20 DE ENERO<\/strong><\/p>\n<p><strong><br \/>\n<\/strong>.<\/span><\/p>\n<p><a href=\"http:\/\/www.cairn.info\/revue-anthropologie-des-connaissances.htm\" target=\"_blank\" rel=\"noopener noreferrer\">Revue d&#8217;Anthropologie des Connaissances (RAC)<\/a><\/p>\n<p><strong>Revue d&#8217;anthropologie des connaissances (RAC)<\/strong><\/p>\n<p class=\"p1\"><span class=\"s1\">Quienes deseen postular su ponencia a la publicaci\u00f3n del n\u00famero especial de la revista <a href=\"http:\/\/www.cairn.info\/revue-anthropologie-des-connaissances.htm\"><span class=\"s2\">Anthropologie des Connaissances<\/span><\/a> (RAC), les recordamos que esperamos sus ponencias para el <b>20\u00a0de enero [nueva fecha]<\/b>, en versi\u00f3n castellano con un resumen en franc\u00e9s.<\/span><\/p>\n<p class=\"p1\"><span class=\"s1\">Esta versi\u00f3n ser\u00e1 evaluada por el Comit\u00e9 Cient\u00edfico de nuestro Encuentro CTS-Chile.<\/span><\/p>\n<p class=\"p1\"><span class=\"s1\">Luego de su evaluaci\u00f3n ser\u00e1 enviado al Comit\u00e9 Cient\u00edfico de la Editorial de la revista y finalmente durante marzo esperamos tener las cerca de 4 versiones finales para ser publicadas.<\/span><\/p>\n<p class=\"p1\"><span class=\"s1\">Encontrar\u00e1n una traducci\u00f3n en castellano de las instrucciones de estilo para el env\u00edo y aqu\u00ed el link de las instrucciones en franc\u00e9s:\u00a0<a href=\"http:\/\/www.socanco.org\/article1.html\"><span class=\"s3\">http:\/\/www.socanco.org\/article1.html<\/span><\/a><\/span><\/p>\n<p class=\"p2\"><span class=\"s4\">Consultas dirigirlas a Gloria Baigorrotegui:\u00a0<a href=\"mailto:gloria.baigorrotegui@usach.cl\"><span class=\"s3\">gloria.baigorrotegui@usach.cl<\/span><\/a><\/span><\/p>\n<p class=\"p2\"><a href=\"http:\/\/cts-chile.cl\/call-for-papers-revue-danthropologie-des-connaissances-rac-y-fronteras-iii-encuentro-cts-chile\/screen-shot-2016-01-17-at-17-06-36\/\" rel=\"attachment wp-att-1094\"><img data-recalc-dims=\"1\" loading=\"lazy\" decoding=\"async\" class=\"aligncenter size-medium_large wp-image-1094\" src=\"https:\/\/i0.wp.com\/cts-chile.cl\/wp-content\/uploads\/2014\/09\/cropped-Photo-Jun-07-11-31-45-AM.jpg?resize=640%2C576&#038;quality=99\" alt=\"Screen Shot 2016-01-17 at 17.06.36\" width=\"640\" height=\"576\" \/><\/a><\/p>\n<p class=\"p2\"><strong>Fronteras.<\/strong><\/p>\n<div class=\"page\" title=\"Page 1\">\n<div class=\"layoutArea\">\n<div class=\"column\">\n<p>Se invita a la presentaci\u00f3n de art\u00edculos in\u00e9ditos para conformar un Doissier denominado <strong>&#8220;La pol\u00edtica de ciencia, tecnolog\u00eda e innovaci\u00f3n en Chile. \u00bfDebate de pol\u00edtica o controversia sociot\u00e9cnica?&#8221;<\/strong>, que se publicar\u00e1 en el n\u00famero 1 del volumen 3, y ser\u00e1 presentada en Julio del 2016.<\/p>\n<p>Especialmente, invita a los participantes de las mesas sobre Pol\u00edticas de Ciencia y Tecnolog\u00eda desarrolladas en el III Encuentro Chileno Ciencia, Tecnolog\u00eda y Sociedad.<\/p>\n<p>Para este n\u00famero, se ha invitado al Dr. Jorge Gibert G. como editor invitado.<\/p>\n<p>Consultas a Ronald Cancino:\u00a0<a href=\"mailto:ronald.cancino@ufrontera.cl\">ronald.cancino@ufrontera.cl<\/a><\/p>\n<p>M\u00e1s informaci\u00f3n en el siguiente <a href=\"http:\/\/cts-chile.cl\/call-for-papers-revue-danthropologie-des-connaissances-rac-y-fronteras-iii-encuentro-cts-chile\/convocatoria-revista-fronteras_politicas-cti_chile_julio-2016\/\" rel=\"attachment wp-att-1106\">enlace<\/a>.<\/p>\n<p><a href=\"http:\/\/cts-chile.cl\/call-for-papers-revue-danthropologie-des-connaissances-rac-y-fronteras-iii-encuentro-cts-chile\/screen-shot-2016-01-17-at-17-06-29\/\" rel=\"attachment wp-att-1104\"><img data-recalc-dims=\"1\" loading=\"lazy\" decoding=\"async\" class=\"aligncenter size-medium_large wp-image-1104\" src=\"https:\/\/i0.wp.com\/cts-chile.cl\/wp-content\/uploads\/2014\/09\/cropped-Photo-Jun-07-11-31-45-AM.jpg?resize=640%2C576&#038;quality=99\" alt=\"Screen Shot 2016-01-17 at 17.06.29\" width=\"640\" height=\"576\" \/><\/a><\/p>\n<\/div>\n<\/div>\n<\/div>\n","protected":false},"excerpt":{"rendered":"<p>CONVOCATORIA CERRADA EL 20 DE ENERO . Revue d&#8217;Anthropologie des Connaissances (RAC) Revue d&#8217;anthropologie des connaissances (RAC) Quienes deseen postular su ponencia a la publicaci\u00f3n del n\u00famero especial de la revista Anthropologie des Connaissances (RAC), les recordamos que esperamos sus ponencias para el 20\u00a0de enero [nueva fecha], en versi\u00f3n castellano con un resumen en franc\u00e9s.<\/p>\n","protected":false},"author":1,"featured_media":0,"comment_status":"closed","ping_status":"closed","sticky":false,"template":"","format":"standard","meta":{"jetpack_post_was_ever_published":false,"_jetpack_newsletter_access":"","_jetpack_dont_email_post_to_subs":false,"_jetpack_newsletter_tier_id":0,"_jetpack_memberships_contains_paywalled_content":false,"_jetpack_memberships_contains_paid_content":false,"footnotes":"","jetpack_publicize_message":"","jetpack_publicize_feature_enabled":true,"jetpack_social_post_already_shared":true,"jetpack_social_options":{"image_generator_settings":{"template":"highway","default_image_id":0,"font":"","enabled":false},"version":2}},"categories":[26],"tags":[],"class_list":["post-2581","post","type-post","status-publish","format-standard","hentry","category-convocatorias"],"jetpack_publicize_connections":[],"jetpack_featured_media_url":"","jetpack_sharing_enabled":true,"jetpack-related-posts":[{"id":868,"url":"https:\/\/cts-chile.cl\/weblog\/2015\/10\/31\/extension-de-plazo-para-presentar-resumenes\/","url_meta":{"origin":2581,"position":0},"title":"Extensi\u00f3n de plazo para presentar res\u00famenes","author":"admin","date":"Octubre 31, 2015","format":"image","excerpt":"El Comit\u00e9 Organizador ha\u00a0extendido el plazo hasta el d\u00eda 15 de Noviembre, 2015. III Encuentro CTS-Chile \u201cCiudadan\u00eda, Colectivo, Conocimiento y Poder.Logros y Desaf\u00edos para los estudios de Ciencia, Tecnolog\u00eda y Sociedad\u201d Los modos de comprender la articulaci\u00f3n del poder y el conocimiento est\u00e1n abriendo m\u00faltiples vetas de reflexi\u00f3n, intervenci\u00f3n y\u2026","rel":"","context":"En &quot;Convocatorias&quot;","block_context":{"text":"Convocatorias","link":"https:\/\/cts-chile.cl\/weblog\/category\/convocatorias\/"},"img":{"alt_text":"Logo","src":"http:\/\/cts-chile.cl\/wp-content\/uploads\/2014\/09\/cropped-Photo-Jun-07-11-31-45-AM.jpg","width":320,"height":0},"classes":[]},{"id":982,"url":"https:\/\/cts-chile.cl\/weblog\/2016\/01\/04\/informacion-relevante-iii-encuentro-cts-chile\/","url_meta":{"origin":2581,"position":1},"title":"Informaci\u00f3n relevante III Encuentro CTS-Chile.","author":"admin","date":"Enero 4, 2016","format":"image","excerpt":"\u00a0Investigadores(as) de la comunidad CTS, Nos es un agrado c\u00f3mo Comit\u00e9 Organizador hacerles llegar la informaci\u00f3n respecto a las actividades del encuentro CTS Chile, Valpara\u00edso 2016. Organizado por la\u00a0Pontificia Universidad Cat\u00f3lica de Valpara\u00edso, con la colaboraci\u00f3n de las Universidad de Valpara\u00edso, Universidad de Santiago y Universidad de Chile.\u00a0 \u00bfD\u00f3nde y\u2026","rel":"","context":"En &quot;Convocatorias&quot;","block_context":{"text":"Convocatorias","link":"https:\/\/cts-chile.cl\/weblog\/category\/convocatorias\/"},"img":{"alt_text":"http:\/\/cts-chile.cl\/wp-content\/uploads\/2014\/09\/cropped-Photo-Jun-07-11-31-45-AM.jpg","src":"http:\/\/cts-chile.cl\/wp-content\/uploads\/2014\/09\/cropped-Photo-Jun-07-11-31-45-AM.jpg","width":320,"height":0,"srcset":"http:\/\/cts-chile.cl\/wp-content\/uploads\/2014\/09\/cropped-Photo-Jun-07-11-31-45-AM.jpg 1x, http:\/\/cts-chile.cl\/wp-content\/uploads\/2014\/09\/cropped-Photo-Jun-07-11-31-45-AM.jpg 1.5x, http:\/\/cts-chile.cl\/wp-content\/uploads\/2014\/09\/cropped-Photo-Jun-07-11-31-45-AM.jpg 2x"},"classes":[]},{"id":781,"url":"https:\/\/cts-chile.cl\/weblog\/2015\/09\/11\/iii-encuentro-cts-chile-valparaiso-chile\/","url_meta":{"origin":2581,"position":2},"title":"Llamado a presentar res\u00famenes, III Encuentro CTS-Chile, Valpara\u00edso, Chile","author":"admin","date":"Septiembre 11, 2015","format":"image","excerpt":"\"Ciudadan\u00eda, Colectivo, Conocimiento y Poder. Logros y Desaf\u00edos para los estudios de Ciencia, Tecnolog\u00eda y Sociedad\" Los modos de comprender la articulaci\u00f3n del poder y el conocimiento est\u00e1n abriendo m\u00faltiples vetas de reflexi\u00f3n, intervenci\u00f3n y cr\u00edtica. En nuestro tercer encuentro queremos ahondar en estos modos situ\u00e1ndonos en nuestra am\u00e9rica latina\u2026","rel":"","context":"En &quot;Eventos&quot;","block_context":{"text":"Eventos","link":"https:\/\/cts-chile.cl\/weblog\/category\/events\/"},"img":{"alt_text":"logo","src":"http:\/\/cts-chile.cl\/wp-content\/uploads\/2014\/09\/cropped-Photo-Jun-07-11-31-45-AM.jpg","width":320,"height":0,"srcset":"http:\/\/cts-chile.cl\/wp-content\/uploads\/2014\/09\/cropped-Photo-Jun-07-11-31-45-AM.jpg 1x, http:\/\/cts-chile.cl\/wp-content\/uploads\/2014\/09\/cropped-Photo-Jun-07-11-31-45-AM.jpg 1.5x, http:\/\/cts-chile.cl\/wp-content\/uploads\/2014\/09\/cropped-Photo-Jun-07-11-31-45-AM.jpg 2x"},"classes":[]},{"id":107,"url":"https:\/\/cts-chile.cl\/weblog\/2019\/05\/13\/encuentrocts2020\/","url_meta":{"origin":2581,"position":3},"title":"VII Encuentro Anual de la Red CTS-Chile, enero 2020","author":"admin","date":"Mayo 13, 2019","format":false,"excerpt":"Convocatoria Alteridad. Del lat\u00edn alteritas, literalmente \u201ccualidad de ser otro\u201d, o estado de ser radicalmente ajeno al yo consciente o a una orientaci\u00f3n cultural particular. Cualidad de no ser igual; ser distinto o diferente de lo que de otra manera se experimenta o conoce. Desastres ecol\u00f3gicos a escala planetaria. Fragmentaci\u00f3n\u2026","rel":"","context":"En &quot;Encuentros&quot;","block_context":{"text":"Encuentros","link":"https:\/\/cts-chile.cl\/weblog\/category\/encuentros\/"},"img":{"alt_text":"","src":"","width":0,"height":0},"classes":[]},{"id":1770,"url":"https:\/\/cts-chile.cl\/weblog\/2017\/01\/05\/confirmacion-de-asistencia-iv-encuentro-cts-chile\/","url_meta":{"origin":2581,"position":4},"title":"Confirmaci\u00f3n de asistencia IV Encuentro CTS-Chile","author":"admin","date":"Enero 5, 2017","format":false,"excerpt":"Quedan pocos d\u00edas para el inicio del IV Encuentro en la ciudad de Valdivia. Ya han comenzado a ser enviadas las notificaciones de aceptaci\u00f3n de ponencias en las distintas mesas que organizar\u00e1n las presentaciones este a\u00f1o. Se recuerda que es necesario confirmar lo antes posible la participaci\u00f3n y asistencia al\u2026","rel":"","context":"En &quot;Convocatorias&quot;","block_context":{"text":"Convocatorias","link":"https:\/\/cts-chile.cl\/weblog\/category\/convocatorias\/"},"img":{"alt_text":"","src":"","width":0,"height":0},"classes":[]},{"id":2157,"url":"https:\/\/cts-chile.cl\/weblog\/2017\/11\/01\/se-extiende-plazo-para-el-envio-de-ponencias-al-v-encuentro-cts-chile-2018\/","url_meta":{"origin":2581,"position":5},"title":"Se extiende plazo para el env\u00edo de ponencias al V Encuentro CTS-Chile 2018","author":"admin","date":"Noviembre 1, 2017","format":false,"excerpt":"Nuevo plazo de recepci\u00f3n de res\u00famenes y propuestas de paneles se extiende hasta el\u00a022 DE NOVIEMBRE. A la fecha,\u00a0se han recibido propuestas desde Colombia, Per\u00fa, Brasil, Argentina,\u00a0Inglaterra y Chile.\u00a0Quienes no han enviado a\u00fan sus res\u00famenes, podr\u00e1n hacerlo hasta\u00a0el pr\u00f3ximo 22 de noviembre. Todas las propuestas deben ser\u00a0ingresadas a trav\u00e9s del\u2026","rel":"","context":"En &quot;Eventos&quot;","block_context":{"text":"Eventos","link":"https:\/\/cts-chile.cl\/weblog\/category\/events\/"},"img":{"alt_text":"","src":"","width":0,"height":0},"classes":[]}],"_links":{"self":[{"href":"https:\/\/cts-chile.cl\/weblog\/wp-json\/wp\/v2\/posts\/2581","targetHints":{"allow":["GET"]}}],"collection":[{"href":"https:\/\/cts-chile.cl\/weblog\/wp-json\/wp\/v2\/posts"}],"about":[{"href":"https:\/\/cts-chile.cl\/weblog\/wp-json\/wp\/v2\/types\/post"}],"author":[{"embeddable":true,"href":"https:\/\/cts-chile.cl\/weblog\/wp-json\/wp\/v2\/users\/1"}],"replies":[{"embeddable":true,"href":"https:\/\/cts-chile.cl\/weblog\/wp-json\/wp\/v2\/comments?post=2581"}],"version-history":[{"count":0,"href":"https:\/\/cts-chile.cl\/weblog\/wp-json\/wp\/v2\/posts\/2581\/revisions"}],"wp:attachment":[{"href":"https:\/\/cts-chile.cl\/weblog\/wp-json\/wp\/v2\/media?parent=2581"}],"wp:term":[{"taxonomy":"category","embeddable":true,"href":"https:\/\/cts-chile.cl\/weblog\/wp-json\/wp\/v2\/categories?post=2581"},{"taxonomy":"post_tag","embeddable":true,"href":"https:\/\/cts-chile.cl\/weblog\/wp-json\/wp\/v2\/tags?post=2581"}],"curies":[{"name":"wp","href":"https:\/\/api.w.org\/{rel}","templated":true}]}}