{"id":2506,"date":"2018-12-21T23:19:14","date_gmt":"2018-12-21T20:19:14","guid":{"rendered":"http:\/\/www.cts-chile.cl\/?p=2506"},"modified":"2024-10-10T18:57:07","modified_gmt":"2024-10-10T18:57:07","slug":"camilo-catrillanca-deshacer-el-colonialismo-declaracion-de-la-red","status":"publish","type":"post","link":"https:\/\/cts-chile.cl\/weblog\/2018\/12\/21\/camilo-catrillanca-deshacer-el-colonialismo-declaracion-de-la-red\/","title":{"rendered":"Camilo Catrillanca: Deshacer el colonialismo [Declaraci\u00f3n de la Red]"},"content":{"rendered":"<p><strong>Declaraci\u00f3n Red Chilena de Estudios de la Ciencia y Tecnolog\u00eda, CTS-Chile<br \/>\n(Publicada en El Mostrador)<\/strong><\/p>\n<p>Se\u00f1or Director:<\/p>\n<p><span style=\"font-weight: 400;\">Como Red Chilena de Estudios de la Ciencia y Tecnolog\u00eda repudiamos en\u00e9rgicamente el asesinato de Camilo Catrillanca, la ocupaci\u00f3n militar de la Araucan\u00eda y las m\u00faltiples formas en que el Estado ha criminalizado al Pueblo Mapuche. Como investigadores e investigadoras de los nexos entre ciencia, tecnolog\u00eda y sociedad, sabemos que el crimen de Camilo, lejos de ser un hecho discreto, es la expresi\u00f3n de una compleja y profunda historia en la que se entretejen la conformaci\u00f3n del Estado nacional, el desarrollo del capitalismo extractivista y la imaginaci\u00f3n, coagulada violentamente, de una homogeneidad cultural chilena en la que su \u201cotro\u201d ind\u00edgena es siempre una realidad residual, un modo de existencia pret\u00e9rito que el Estado en nombre del Progreso y la Raz\u00f3n est\u00e1 llamado a integrar, y<\/span><i><span style=\"font-weight: 400;\">\u00a0<\/span><\/i><span style=\"font-weight: 400;\">como sea. El colonialismo se hace y ejecuta de manera silenciosa pero sostenida en una diversidad de espacios y tecnolog\u00edas que muchas veces damos por sentadas. Los folletos de turismo que folklorizan a los pueblos originarios, el c\u00f3digo de aguas que privatiza los r\u00edos, el curr\u00edculo educacional que celebra una Naci\u00f3n de color blanco, el furor \u201cverde\u201d por las energ\u00edas renovables no-convencionales que siguen cercenando territorios ancestrales: discursos y pr\u00e1cticas que perpet\u00faan la idea de un Otro que debe ser domesticado, educado e incluido en un aparato tecnopol\u00edtico que nunca hemos discutido, y que ciertamente no es el de esa \u201cinmensa minor\u00eda\u201d que habita, imagina y hace el mundo en exceso al arreglo moderno-liberal.<\/span><\/p>\n<p><span style=\"font-weight: 400;\">El asesinato de Camilo Catrillanca nos invita a preguntarnos qu\u00e9 pueden hacer nuestras sociedades, nuestras organizaciones y comunidades frente a la utilizaci\u00f3n de tecnolog\u00edas por parte del Estado para vigilar y Controlar a la ciudadan\u00eda y el Wallmapu sin la posibilidad de regulaciones democr\u00e1ticas. Habiendo dejado atr\u00e1s el per\u00edodo dictatorial, como Red nos preocupa el hermetismo con que a\u00fan act\u00faan los \u00f3rganos militares y policiales del Estado chileno, dificultando el conocimiento y control por parte de la ciudadan\u00eda y la institucionalidad civil de su accionar.<\/span><\/p>\n<p><span style=\"font-weight: 400;\">En un pa\u00eds que a\u00fan no ha quebrado con su herencia colonial, no extra\u00f1a que el Wallmapu se llene de tanquetas y comandos especiales. La muerte de Camilo nos interpela como habitantes de este territorio, y nos obliga a reflexionar sobre esa multiplicidad de gestos, supuestos y dispositivos sobre los que se erige el colonialismo en Chile. Y lo que es tal vez m\u00e1s importante, la muerte de Camilo nos convoca a resistirlos. Nos mueve tambi\u00e9n a ser parte activa de la construcci\u00f3n de un mundo, como lo han clamado los zapatistas, donde quepan muchos mundos. El asesinato de Camilo Catrillanca nos llama a ser parte de la construcci\u00f3n de un pa\u00eds donde los pueblos originarios no s\u00f3lo sean reconocidos burocr\u00e1ticamente para la entrega de subsidios y la ejecuci\u00f3n de programas \u201cmulticulturales\u201d, sino que por sobre todo sean dignificados territorial y pol\u00edticamente con la devoluci\u00f3n de lo que nunca debieron haber perdido,<\/span><span style=\"font-weight: 400;\"> su autonom\u00eda y derechos para decidir y exigir c\u00f3mo permanecer en un planeta cambiante.<\/span><span style=\"font-weight: 400;\">\u00a0\u00a0<\/span><\/p>\n<p>Publicada en El Mostrador 11.12.18<\/p>\n<p>https:\/\/m.elmostrador.cl\/noticias\/opinion\/2018\/12\/11\/camilo-catrillanca-deshacer-el-colonialismo\/<\/p>\n","protected":false},"excerpt":{"rendered":"<p>Declaraci\u00f3n Red Chilena de Estudios de la Ciencia y Tecnolog\u00eda, CTS-Chile (Publicada en El Mostrador) Se\u00f1or Director: Como Red Chilena de Estudios de la Ciencia y Tecnolog\u00eda repudiamos en\u00e9rgicamente el asesinato de Camilo Catrillanca, la ocupaci\u00f3n militar de la Araucan\u00eda y las m\u00faltiples formas en que el Estado ha criminalizado al Pueblo Mapuche. Como investigadores<\/p>\n","protected":false},"author":1,"featured_media":2507,"comment_status":"open","ping_status":"closed","sticky":false,"template":"","format":"standard","meta":{"jetpack_post_was_ever_published":false,"_jetpack_newsletter_access":"","_jetpack_dont_email_post_to_subs":false,"_jetpack_newsletter_tier_id":0,"_jetpack_memberships_contains_paywalled_content":false,"_jetpack_memberships_contains_paid_content":false,"footnotes":"","jetpack_publicize_message":"Camilo Catrillanca: Deshacer el colonialismo [Declaraci\u00f3n de la Red]","jetpack_publicize_feature_enabled":true,"jetpack_social_post_already_shared":true,"jetpack_social_options":{"image_generator_settings":{"template":"highway","default_image_id":0,"font":"","enabled":false},"version":2}},"categories":[27],"tags":[],"class_list":["post-2506","post","type-post","status-publish","format-standard","has-post-thumbnail","hentry","category-columnas"],"jetpack_publicize_connections":[],"jetpack_featured_media_url":"","jetpack_sharing_enabled":true,"jetpack-related-posts":[{"id":1673,"url":"https:\/\/cts-chile.cl\/weblog\/2016\/11\/05\/convocatoria-iv-encuentro-de-la-red-chilena-de-estudios-en-ciencia-tecnologia-y-sociedad-cartografias-liquidas-y-territorios-sociotecnicos\/","url_meta":{"origin":2506,"position":0},"title":"Convocatoria:  IV Encuentro de la Red Chilena de Estudios en Ciencia, Tecnolog\u00eda y Sociedad: Cartograf\u00edas L\u00edquidas y Territorios Sociot\u00e9cnicos","author":"admin","date":"Noviembre 5, 2016","format":false,"excerpt":"Ampliaci\u00f3n de per\u00edodo para recepci\u00f3n de res\u00famenes: 11 de diciembre de 2016. Puedes encontrar m\u00e1s informaci\u00f3n en el siguiente enlace.","rel":"","context":"En &quot;Eventos&quot;","block_context":{"text":"Eventos","link":"https:\/\/cts-chile.cl\/weblog\/category\/events\/"},"img":{"alt_text":"","src":"","width":0,"height":0},"classes":[]},{"id":2579,"url":"https:\/\/cts-chile.cl\/weblog\/2015\/08\/17\/hacia-el-ensamblaje-de-estudios-cts-en-chile-notas-del-ii-encuentro-cts-chile-en-temuco\/","url_meta":{"origin":2506,"position":1},"title":"Hacia el ensamblaje de Estudios CTS en Chile: Notas del II Encuentro CTS-Chile en Temuco","author":"admin","date":"Agosto 17, 2015","format":"image","excerpt":"En v\u00edas del desarrollo del III Encuentro CTS-Chile, en la ciudad de Valpara\u00edso, difundimos una columna elaborada por Ronald Cancino y Helder Binimelis, sobre el II Encuentro desarrollado en Temuco. Se ha publicado hace unos d\u00edas en el Blog de la Society for Social Studies of Science (4S), y dice\u2026","rel":"","context":"En &quot;Columnas&quot;","block_context":{"text":"Columnas","link":"https:\/\/cts-chile.cl\/weblog\/category\/columnas\/"},"img":{"alt_text":"","src":"http:\/\/img.youtube.com\/vi\/GCgbeObGYxk\/0.jpg","width":320,"height":0},"classes":[]},{"id":1993,"url":"https:\/\/cts-chile.cl\/weblog\/2017\/06\/22\/curico-sera-anfitrion-del-v-encuentro-cts-chile\/","url_meta":{"origin":2506,"position":2},"title":"Curic\u00f3 ser\u00e1 anfitri\u00f3n del V Encuentro CTS-Chile","author":"admin","date":"Junio 22, 2017","format":false,"excerpt":"Ya comenzaron los preparativos del V Encuentro de la Red Chilena de Ciencia, Tecnolog\u00eda y Sociedad CTS-Chile, que se desarrollar\u00e1 en la Universidad Cat\u00f3lica del Maule (UCM), en su Sede Curic\u00f3, los pr\u00f3ximos 17, 18 y 19 de enero del 2018. \"Esta propuesta surge en el marco de dar mayor\u2026","rel":"","context":"En &quot;Eventos&quot;","block_context":{"text":"Eventos","link":"https:\/\/cts-chile.cl\/weblog\/category\/events\/"},"img":{"alt_text":"","src":"","width":0,"height":0},"classes":[]},{"id":1629,"url":"https:\/\/cts-chile.cl\/weblog\/2016\/10\/06\/ii-encuentro-de-comunicacion-y-cultura-cientifica\/","url_meta":{"origin":2506,"position":3},"title":"II Encuentro de Comunicaci\u00f3n y Cultura Cient\u00edfica","author":"admin","date":"Octubre 6, 2016","format":false,"excerpt":"\u00bfLa cultura cient\u00edfica ha muerto? \u00a1Viva la cultura cient\u00edfica! La Encuesta Nacional de Percepci\u00f3n Social de la Ciencia y la Tecnolog\u00eda en Chile 2016 realizada por la Comisi\u00f3n Nacional de Investigaci\u00f3n Cient\u00edfica y Tecnol\u00f3gica (CONICYT) \u00a0se enmarca en un esfuerzo creciente por mejorar la comunicaci\u00f3n de la ciencia en el\u2026","rel":"","context":"En &quot;Convocatorias&quot;","block_context":{"text":"Convocatorias","link":"https:\/\/cts-chile.cl\/weblog\/category\/convocatorias\/"},"img":{"alt_text":"608cb88c-232f-428c-83ac-53985be8d1e8","src":"http:\/\/cts-chile.cl\/wp-content\/uploads\/2016\/10\/608CB88C-232F-428C-83AC-53985BE8D1E8.jpg","width":320,"height":0,"srcset":"http:\/\/cts-chile.cl\/wp-content\/uploads\/2016\/10\/608CB88C-232F-428C-83AC-53985BE8D1E8.jpg 1x, http:\/\/cts-chile.cl\/wp-content\/uploads\/2016\/10\/608CB88C-232F-428C-83AC-53985BE8D1E8.jpg 1.5x"},"classes":[]},{"id":2434,"url":"https:\/\/cts-chile.cl\/weblog\/2018\/08\/25\/cts-chile-a-la-4s-sydney-2018\/","url_meta":{"origin":2506,"position":4},"title":"\u00a1CTS-Chile a la 4S &#8211; Sydney, 2018!","author":"admin","date":"Agosto 25, 2018","format":false,"excerpt":"Por Nicol\u00e1s Sanhueza La pr\u00f3xima semana comienza el esperado Encuentro Anual de la Sociedad para el Estudio Social de la Ciencia (Society for Social Studies of Science\/4S) en la ciudad de Sydney (Australia) y nuevamente la\u00a0 comunidad Chilena y en especial miembros de nuestra comunidad CTS-Chile se hacen presente a\u2026","rel":"","context":"En &quot;Eventos&quot;","block_context":{"text":"Eventos","link":"https:\/\/cts-chile.cl\/weblog\/category\/events\/"},"img":{"alt_text":"","src":"","width":0,"height":0},"classes":[]},{"id":2575,"url":"https:\/\/cts-chile.cl\/weblog\/2014\/10\/17\/el-valor-de-los-estudios-de-ciencia-y-tecnologia-en-chile\/","url_meta":{"origin":2506,"position":5},"title":"El valor de los estudios de ciencia y tecnolog\u00eda en Chile","author":"admin","date":"Octubre 17, 2014","format":"image","excerpt":"Por\u00a0Yuri Carvajal,\u00a0Profesor, M\u00e9dico y editor de la Revista Chilena de Salud P\u00fablica. Octubre 15, 2014. Publicado en:\u00a0Sentidos Comunes. Es dif\u00edcil explicar el valor de una aproximaci\u00f3n practicada con alegr\u00eda e intensidad en los \u00faltimos 5 a\u00f1os, por un investigador. Los argumentos se mezclan con los gustos, las afinidades electivas, el\u2026","rel":"","context":"En &quot;Columnas&quot;","block_context":{"text":"Columnas","link":"https:\/\/cts-chile.cl\/weblog\/category\/columnas\/"},"img":{"alt_text":"LABORATORIO","src":"http:\/\/cts-chile.cl\/wp-content\/uploads\/2014\/09\/cropped-Photo-Jun-07-11-31-45-AM.jpg","width":320,"height":0,"srcset":"http:\/\/cts-chile.cl\/wp-content\/uploads\/2014\/09\/cropped-Photo-Jun-07-11-31-45-AM.jpg 1x, http:\/\/cts-chile.cl\/wp-content\/uploads\/2014\/09\/cropped-Photo-Jun-07-11-31-45-AM.jpg 1.5x"},"classes":[]}],"_links":{"self":[{"href":"https:\/\/cts-chile.cl\/weblog\/wp-json\/wp\/v2\/posts\/2506","targetHints":{"allow":["GET"]}}],"collection":[{"href":"https:\/\/cts-chile.cl\/weblog\/wp-json\/wp\/v2\/posts"}],"about":[{"href":"https:\/\/cts-chile.cl\/weblog\/wp-json\/wp\/v2\/types\/post"}],"author":[{"embeddable":true,"href":"https:\/\/cts-chile.cl\/weblog\/wp-json\/wp\/v2\/users\/1"}],"replies":[{"embeddable":true,"href":"https:\/\/cts-chile.cl\/weblog\/wp-json\/wp\/v2\/comments?post=2506"}],"version-history":[{"count":1,"href":"https:\/\/cts-chile.cl\/weblog\/wp-json\/wp\/v2\/posts\/2506\/revisions"}],"predecessor-version":[{"id":2703,"href":"https:\/\/cts-chile.cl\/weblog\/wp-json\/wp\/v2\/posts\/2506\/revisions\/2703"}],"wp:featuredmedia":[{"embeddable":true,"href":"https:\/\/cts-chile.cl\/weblog\/wp-json\/"}],"wp:attachment":[{"href":"https:\/\/cts-chile.cl\/weblog\/wp-json\/wp\/v2\/media?parent=2506"}],"wp:term":[{"taxonomy":"category","embeddable":true,"href":"https:\/\/cts-chile.cl\/weblog\/wp-json\/wp\/v2\/categories?post=2506"},{"taxonomy":"post_tag","embeddable":true,"href":"https:\/\/cts-chile.cl\/weblog\/wp-json\/wp\/v2\/tags?post=2506"}],"curies":[{"name":"wp","href":"https:\/\/api.w.org\/{rel}","templated":true}]}}