{"id":2431,"date":"2018-08-23T04:12:44","date_gmt":"2018-08-23T01:12:44","guid":{"rendered":"http:\/\/www.cts-chile.cl\/?p=2431"},"modified":"2018-08-23T04:12:44","modified_gmt":"2018-08-23T01:12:44","slug":"llamado-a-voluntarios","status":"publish","type":"post","link":"https:\/\/cts-chile.cl\/weblog\/2018\/08\/23\/llamado-a-voluntarios\/","title":{"rendered":"Llamado a Voluntarios"},"content":{"rendered":"<p>Llamado a Voluntarios y Voluntarias para trabajar el Encuentro de Juventudes Cient\u00edficas<\/p>\n<p>Reuni\u00f3n Voluntariado: viernes 24 de Agosto.<\/p>\n","protected":false},"excerpt":{"rendered":"<p>Llamado a Voluntarios y Voluntarias para trabajar el Encuentro de Juventudes Cient\u00edficas Reuni\u00f3n Voluntariado: viernes 24 de Agosto.<\/p>\n","protected":false},"author":1,"featured_media":2432,"comment_status":"open","ping_status":"closed","sticky":false,"template":"","format":"standard","meta":{"jetpack_post_was_ever_published":false,"_jetpack_newsletter_access":"","_jetpack_dont_email_post_to_subs":false,"_jetpack_newsletter_tier_id":0,"_jetpack_memberships_contains_paywalled_content":false,"_jetpack_memberships_contains_paid_content":false,"footnotes":"","jetpack_publicize_message":"","jetpack_publicize_feature_enabled":true,"jetpack_social_post_already_shared":true,"jetpack_social_options":{"image_generator_settings":{"template":"highway","default_image_id":0,"font":"","enabled":false},"version":2}},"categories":[5],"tags":[],"class_list":["post-2431","post","type-post","status-publish","format-standard","has-post-thumbnail","hentry","category-events"],"jetpack_publicize_connections":[],"jetpack_featured_media_url":"","jetpack_sharing_enabled":true,"jetpack-related-posts":[{"id":2586,"url":"https:\/\/cts-chile.cl\/weblog\/2016\/04\/07\/llamado-colaboracin-iv-encuentro-cts-chile\/","url_meta":{"origin":2431,"position":0},"title":"Llamado Colaboraci\u00f3n IV Encuentro CTS-Chile","author":"admin","date":"Abril 7, 2016","format":false,"excerpt":"Estimados colegas y amigos: La comisi\u00f3n organizadora del pr\u00f3ximo encuentro CTS Chile, que tendr\u00e1 lugar en Valdivia, les informa que la fecha propuesta es la semana de entre el 16 al 20 de enero de 2017. El encuentro tendr\u00e1 una duraci\u00f3n de tres d\u00edas (a\u00fan falta definir qu\u00e9 d\u00edas de\u2026","rel":"","context":"En &quot;Convocatorias&quot;","block_context":{"text":"Convocatorias","link":"https:\/\/cts-chile.cl\/weblog\/category\/convocatorias\/"},"img":{"alt_text":"","src":"","width":0,"height":0},"classes":[]},{"id":2017,"url":"https:\/\/cts-chile.cl\/weblog\/2017\/06\/23\/llamado-a-contribuciones-para-la-conferencia-internacional-anual-de-coes\/","url_meta":{"origin":2431,"position":1},"title":"Llamado a contribuciones para la conferencia internacional anual de COES","author":"admin","date":"Junio 23, 2017","format":false,"excerpt":"Llamado a publicaciones \/ Call for papers Conferencia Anual COES 2017 V\u00ednculos sociales y Ciudadan\u00eda: Interacciones y cohesi\u00f3n social 9 y 10 noviembre Vi\u00f1a del Mar, Chile En Chile y Latinoam\u00e9rica existen brechas espaciales y socioecon\u00f3micas que operan como fronteras de segregaci\u00f3n, limitando las experiencias de interacci\u00f3n entre diferentes grupos\u2026","rel":"","context":"En &quot;Convocatorias&quot;","block_context":{"text":"Convocatorias","link":"https:\/\/cts-chile.cl\/weblog\/category\/convocatorias\/"},"img":{"alt_text":"","src":"","width":0,"height":0},"classes":[]},{"id":2054,"url":"https:\/\/cts-chile.cl\/weblog\/2017\/07\/07\/llamado-a-ponencias-numies-transiciones-energeticas-desde-el-sur\/","url_meta":{"origin":2431,"position":2},"title":"Llamado a ponencias NUMIES: Transiciones energ\u00e9ticas desde el Sur","author":"admin","date":"Julio 7, 2017","format":false,"excerpt":"Desde el N\u00facleo Milenio de Investigaci\u00f3n sobre Energ\u00eda y Sociedad (NUMIES)\u00a0se est\u00e1\u00a0organizando una Escuela de Primavera para estudiantes de postgrado y j\u00f3venes investigadores a realizarse en la ciudad de P\u00fac\u00f3n los d\u00edas 28 y 29 de septiembre de 2017. El titulo de la escuela es \"Transiciones energ\u00e9ticas desde el Sur:\u2026","rel":"","context":"En &quot;Convocatorias&quot;","block_context":{"text":"Convocatorias","link":"https:\/\/cts-chile.cl\/weblog\/category\/convocatorias\/"},"img":{"alt_text":"","src":"","width":0,"height":0},"classes":[]},{"id":2582,"url":"https:\/\/cts-chile.cl\/weblog\/2016\/01\/21\/llamadorevistafronteras\/","url_meta":{"origin":2431,"position":3},"title":"LLAMADO REVISTA FRONTERAS","author":"admin","date":"Enero 21, 2016","format":false,"excerpt":"Les recordamos que hay plazo hasta el 30 de Abril para enviar sus aportes a Revista Fronteras CONVOCATORIA-revista FRONTERAS_POLITICAS CTI_CHILE_JULIO 2016","rel":"","context":"En &quot;Convocatorias&quot;","block_context":{"text":"Convocatorias","link":"https:\/\/cts-chile.cl\/weblog\/category\/convocatorias\/"},"img":{"alt_text":"","src":"","width":0,"height":0},"classes":[]},{"id":1654,"url":"https:\/\/cts-chile.cl\/weblog\/2016\/11\/02\/seccion-tematica-estudios-de-ciencia-tecnologia-y-sociedad-cts-practicas-psi-y-modos-de-produccion-de-subjetividad\/","url_meta":{"origin":2431,"position":4},"title":"Secci\u00f3n Tem\u00e1tica. Estudios de Ciencia, Tecnolog\u00eda y Sociedad (CTS): Pr\u00e1cticas Psi y Modos de Producci\u00f3n de Subjetividad","author":"admin","date":"Noviembre 2, 2016","format":false,"excerpt":"La Revista Psicoperspectivas: Individuo y Sociedad\u00a0convoca a trabajos para una\u00a0Secci\u00f3n Tem\u00e1tica titulada \"Estudios de Ciencia, Tecnolog\u00eda y Sociedad (CTS): Pr\u00e1cticas Psi y Modos de Producci\u00f3n de Subjetividad\", que ser\u00e1n recibidos hasta el d\u00eda 16 de diciembre de 2016. Compartimos a continuaci\u00f3n el detalle del llamado de trabajos. [iframe src=\"http:\/\/www.psicoperspectivas.cl\/index.php\/psicoperspectivas\/announcement\/view\/32\" width=\"100%\"\u2026","rel":"","context":"En &quot;Convocatorias&quot;","block_context":{"text":"Convocatorias","link":"https:\/\/cts-chile.cl\/weblog\/category\/convocatorias\/"},"img":{"alt_text":"","src":"","width":0,"height":0},"classes":[]},{"id":2506,"url":"https:\/\/cts-chile.cl\/weblog\/2018\/12\/21\/camilo-catrillanca-deshacer-el-colonialismo-declaracion-de-la-red\/","url_meta":{"origin":2431,"position":5},"title":"Camilo Catrillanca: Deshacer el colonialismo [Declaraci\u00f3n de la Red]","author":"admin","date":"Diciembre 21, 2018","format":false,"excerpt":"Declaraci\u00f3n Red Chilena de Estudios de la Ciencia y Tecnolog\u00eda, CTS-Chile (Publicada en El Mostrador) Se\u00f1or Director: Como Red Chilena de Estudios de la Ciencia y Tecnolog\u00eda repudiamos en\u00e9rgicamente el asesinato de Camilo Catrillanca, la ocupaci\u00f3n militar de la Araucan\u00eda y las m\u00faltiples formas en que el Estado ha criminalizado\u2026","rel":"","context":"En &quot;Columnas&quot;","block_context":{"text":"Columnas","link":"https:\/\/cts-chile.cl\/weblog\/category\/columnas\/"},"img":{"alt_text":"","src":"","width":0,"height":0},"classes":[]}],"_links":{"self":[{"href":"https:\/\/cts-chile.cl\/weblog\/wp-json\/wp\/v2\/posts\/2431","targetHints":{"allow":["GET"]}}],"collection":[{"href":"https:\/\/cts-chile.cl\/weblog\/wp-json\/wp\/v2\/posts"}],"about":[{"href":"https:\/\/cts-chile.cl\/weblog\/wp-json\/wp\/v2\/types\/post"}],"author":[{"embeddable":true,"href":"https:\/\/cts-chile.cl\/weblog\/wp-json\/wp\/v2\/users\/1"}],"replies":[{"embeddable":true,"href":"https:\/\/cts-chile.cl\/weblog\/wp-json\/wp\/v2\/comments?post=2431"}],"version-history":[{"count":0,"href":"https:\/\/cts-chile.cl\/weblog\/wp-json\/wp\/v2\/posts\/2431\/revisions"}],"wp:featuredmedia":[{"embeddable":true,"href":"https:\/\/cts-chile.cl\/weblog\/wp-json\/"}],"wp:attachment":[{"href":"https:\/\/cts-chile.cl\/weblog\/wp-json\/wp\/v2\/media?parent=2431"}],"wp:term":[{"taxonomy":"category","embeddable":true,"href":"https:\/\/cts-chile.cl\/weblog\/wp-json\/wp\/v2\/categories?post=2431"},{"taxonomy":"post_tag","embeddable":true,"href":"https:\/\/cts-chile.cl\/weblog\/wp-json\/wp\/v2\/tags?post=2431"}],"curies":[{"name":"wp","href":"https:\/\/api.w.org\/{rel}","templated":true}]}}