{"id":2406,"date":"2018-08-01T03:22:52","date_gmt":"2018-08-01T00:22:52","guid":{"rendered":"http:\/\/www.cts-chile.cl\/?p=2406"},"modified":"2018-08-01T03:22:52","modified_gmt":"2018-08-01T00:22:52","slug":"infraestructuras-temporalidades-y-espacialidades-creaciones-tensiones-y-continuidades","status":"publish","type":"post","link":"https:\/\/cts-chile.cl\/weblog\/2018\/08\/01\/infraestructuras-temporalidades-y-espacialidades-creaciones-tensiones-y-continuidades\/","title":{"rendered":"VI Encuentro de la red CTS-Chile 2019:\u00a0&#8220;Infraestructuras, Temporalidades y Espacialidades: creaciones, tensiones y continuidades&#8221;"},"content":{"rendered":"<p>Osorno es puerta de entrada a una de las regiones m\u00e1s emblem\u00e1ticas: la Patagonia Chilena y el 2019 ser\u00e1 sede del VI Encuentro de Ciencia, Tecnolog\u00eda y Sociedad CTS-Chile. Para esta ocasi\u00f3n se establece una importante l\u00ednea de reflexi\u00f3n que propone una lectura de las Infraestructuras \u2013tanto materiales como inmateriales- como un eje articulador de dos dimensiones esenciales en la reflexi\u00f3n de los procesos socio-t\u00e9cnicos: la temporal y espacial.<\/p>\n<p>A partir de esta perspectiva, las infraestructuras emergen como importantes pivotes y objetos emp\u00edricos de investigaci\u00f3n para analizar la producci\u00f3n de relaciones de poder, formas creaci\u00f3n, de reproducci\u00f3n, de innovaci\u00f3n, as\u00ed como los resultados de estas interacciones en t\u00e9rminos de tensiones, conflictos o en la preservaci\u00f3n de un orden y de continuidades espacio-temporales.<\/p>\n<p>En este sentido, Osorno y la Regi\u00f3n de los Lagos se ha constituido en un nutrido laboratorio para la valoraci\u00f3n de estas articulaciones infraestructurales. Desde las pr\u00e1cticas y saberes que dan identidad a esta regi\u00f3n, pasando por las pr\u00e1cticas culinarias y propuestas gastron\u00f3micas y hasta desaf\u00edos socio-ambientales que dan origen al desarrollo de innovaciones territoriales, nuevas tecnolog\u00edas o aplicaciones en materias tales como la inteligencia artificial, la electromovilidad o las energ\u00edas renovables, entre otras.<\/p>\n<p>El VI Encuentro CTS Chile 2019 se realizar\u00e1 los d\u00edas 16, 17 y 18 de enero en la ciudad de Osorno, dar\u00e1 continuidad a los debates sobre la relaci\u00f3n ciencia, tecnolog\u00eda y sociedad en Chile\u00a0y Am\u00e9rica Latina y es organizado por la Universidad Tecnol\u00f3gica de Chile INACAP y la Universidad de Los Lagos.<\/p>\n<p>&nbsp;<\/p>\n<p><strong>L\u00edneas tem\u00e1ticas<\/strong><\/p>\n<p>En continuidad con las din\u00e1micas y debates establecidos en los anteriores encuentros sobre la relaci\u00f3n ciencia, tecnolog\u00eda y sociedad en Chile\u00a0y Am\u00e9rica Latina, se hace una invitaci\u00f3n a presentar ejes tem\u00e1ticos y res\u00famenes de ponencias que permitan enriquecer la dimensi\u00f3n espacio-temporal. Para ello se incentiva a que se realicen contribuciones desde diversas disciplinas, desde la mayor diversidad de espacios geogr\u00e1ficos y desde diversas esferas acad\u00e9micas y no acad\u00e9micas, para construir puentes epist\u00e9micos, marcos anal\u00edticos y metodolog\u00edas innovadoras para el abordaje de estas interrelaciones.<\/p>\n<p><strong>Invitaci\u00f3n y fechas<\/strong><\/p>\n<p>Se invita a los integrantes de esta gran Red a proponer y dirigir mesas, el plazo ser\u00e1 hasta el 30 de agosto, y para el env\u00edo de ponencias hasta el 30 de noviembre de 2018.<\/p>\n<p>Mayor informaci\u00f3n al correo:\u00a0ctsosorno2019@gmail.com<\/p>\n<p>&nbsp;<\/p>\n<p><strong>Comit\u00e9 Organizador<\/strong><\/p>\n<ol>\n<li>Marco Rosas. Soci\u00f3logo, Mag\u00edster en Gesti\u00f3n Tecnol\u00f3gica. Actualmente es Director de Innovaci\u00f3n de la Universidad Tecnol\u00f3gica de Chile Inacap Osorno.<\/li>\n<li>Ra\u00fal N\u00fa\u00f1ez. Profesor de Historia, Mag\u00edster \u00a9 en Ciencias Humanas, menci\u00f3n en Historia. Director \u00c1rea de Humanidades de la Universidad Tecnol\u00f3gica de Chile Inacap Osorno.<\/li>\n<li>Yoselyn S\u00e1ez de la Fuente. Profesora en Educaci\u00f3n Media en Historia y Geograf\u00eda, Mag\u00edster en Ciencias Humanas menci\u00f3n Historia, Estudiante Doctorado en Ciencias Humanas menci\u00f3n Discurso y Cultura.\u00a0Acad\u00e9mica \u00c1rea de\u00a0Educaci\u00f3n y Humanidades de la Universidad Tecnol\u00f3gica de Chile Inacap, Osorno.<\/li>\n<li>Rodrigo Calder\u00f3n, Ge\u00f3grafo, Magister en investigaci\u00f3n Ordenamiento territorial y Geograf\u00eda, Doctor en Sociolog\u00eda. Asesor de contenidos Encuentro CTS Chile Osorno.<\/li>\n<li>Catalina Gonz\u00e1lez Tringa, Periodista, tesista en la Maestr\u00eda de Ciencia, Tecnolog\u00eda e Innovaci\u00f3n Universidad Nacional de R\u00edo Negro (Argentina).\u00a0 Universidad de Los Lagos, campus Osorno. Asesora de contenidos VI Encuentro CTS Chile Osorno.<\/li>\n<li>Nicol\u00e1s Sanhueza Rodr\u00edguez, Soci\u00f3logo, Universidad Alberto Hurtado. Coordinador del N\u00facleo ANT-Chile. Encargado de Programa Encuentro CTS-Chile, Osorno 2019<\/li>\n<\/ol>\n<p>&nbsp;<\/p>\n","protected":false},"excerpt":{"rendered":"<p>Osorno es puerta de entrada a una de las regiones m\u00e1s emblem\u00e1ticas: la Patagonia Chilena y el 2019 ser\u00e1 sede del VI Encuentro de Ciencia, Tecnolog\u00eda y Sociedad CTS-Chile. Para esta ocasi\u00f3n se establece una importante l\u00ednea de reflexi\u00f3n que propone una lectura de las Infraestructuras \u2013tanto materiales como inmateriales- como un eje articulador de<\/p>\n","protected":false},"author":1,"featured_media":2407,"comment_status":"open","ping_status":"closed","sticky":false,"template":"","format":"standard","meta":{"jetpack_post_was_ever_published":false,"_jetpack_newsletter_access":"","_jetpack_dont_email_post_to_subs":false,"_jetpack_newsletter_tier_id":0,"_jetpack_memberships_contains_paywalled_content":false,"_jetpack_memberships_contains_paid_content":false,"footnotes":"","jetpack_publicize_message":"","jetpack_publicize_feature_enabled":true,"jetpack_social_post_already_shared":true,"jetpack_social_options":{"image_generator_settings":{"template":"highway","default_image_id":0,"font":"","enabled":false},"version":2}},"categories":[5],"tags":[],"class_list":["post-2406","post","type-post","status-publish","format-standard","has-post-thumbnail","hentry","category-events"],"jetpack_publicize_connections":[],"jetpack_featured_media_url":"","jetpack_sharing_enabled":true,"jetpack-related-posts":[{"id":2444,"url":"https:\/\/cts-chile.cl\/weblog\/2018\/11\/20\/amplia-plazo-de-propuestas-de-ejes-tematicos-hasta-el-07-de-dic\/","url_meta":{"origin":2406,"position":0},"title":"Hasta el 7 de diciembre se reciben ponencias a las Mesas Tem\u00e1ticas","author":"admin","date":"Noviembre 20, 2018","format":false,"excerpt":"La comisi\u00f3n organizadora del VI Encuentro CTS:\u00a0\u201cInfraestructuras, Temporalidades y Espacialidades: creaciones, tensiones y continuidades\u201d, tiene al agrado de informarles que la presentaci\u00f3n de ponencias ser\u00e1 hasta el 07 de diciembre de 2018. Mesas Tem\u00e1ticas MESA 1 - \"Activismos, espacialidad y CTS desde una perspectiva de g\u00e9nero\" MESA 2 - \"CTS\u2026","rel":"","context":"En &quot;Convocatorias&quot;","block_context":{"text":"Convocatorias","link":"https:\/\/cts-chile.cl\/weblog\/category\/convocatorias\/"},"img":{"alt_text":"","src":"","width":0,"height":0},"classes":[]},{"id":2497,"url":"https:\/\/cts-chile.cl\/weblog\/2019\/01\/10\/programa-vi-encuentro-osorno-2019\/","url_meta":{"origin":2406,"position":1},"title":"Revisa el Programa (ampliado) del VI Encuentro &#8211; Osorno, 2019","author":"admin","date":"Enero 10, 2019","format":false,"excerpt":"Presentamos el programa de actividades del VI Encuentro de la Red CTS-Chile 2019, en donde se especifican las nueve mesas de trabajo que se han constituido en esta ocasi\u00f3n, as\u00ed como sus diferentes encargados, l\u00edneas de trabajo y ponencias recibidas. Este a\u00f1o las mesas de trabajo son: \u201cEns\u00e1mblate como puedas!\u2026","rel":"","context":"En &quot;Convocatorias&quot;","block_context":{"text":"Convocatorias","link":"https:\/\/cts-chile.cl\/weblog\/category\/convocatorias\/"},"img":{"alt_text":"","src":"","width":0,"height":0},"classes":[]},{"id":2538,"url":"https:\/\/cts-chile.cl\/weblog\/2019\/01\/10\/compartimos-el-programa-final-de-nuestro-vi-encuentro-cts-en-osorno\/","url_meta":{"origin":2406,"position":2},"title":"Compartimos el Programa Resumen del VI Encuentro CTS-Chile en Osorno","author":"admin","date":"Enero 10, 2019","format":false,"excerpt":"Programa VI Encuentro CTS-Chile","rel":"","context":"En &quot;Eventos&quot;","block_context":{"text":"Eventos","link":"https:\/\/cts-chile.cl\/weblog\/category\/events\/"},"img":{"alt_text":"","src":"","width":0,"height":0},"classes":[]},{"id":2385,"url":"https:\/\/cts-chile.cl\/weblog\/2018\/06\/28\/vi-encuentro-cts-en-osorno\/","url_meta":{"origin":2406,"position":3},"title":"VI Encuentro CTS-Chile, Osorno 2019","author":"admin","date":"Junio 28, 2018","format":false,"excerpt":"El comit\u00e9 organizador tiene el agrado de informar que el 16, 17 y 18 de enero 2019 se realizar\u00e1 el VI Encuentro de Ciencia, Tecnolog\u00eda y Sociedad CTS-Chile en la bella ciudad de Osorno. Se invita a los integrantes de esta gran Red a proponer y dirigir mesas, el plazo\u2026","rel":"","context":"En &quot;Eventos&quot;","block_context":{"text":"Eventos","link":"https:\/\/cts-chile.cl\/weblog\/category\/events\/"},"img":{"alt_text":"","src":"","width":0,"height":0},"classes":[]},{"id":2587,"url":"https:\/\/cts-chile.cl\/weblog\/2019\/01\/09\/vi-encuentro-cts-chile-osorno-2019\/","url_meta":{"origin":2406,"position":4},"title":"VI Encuentro CTS-Chile Osorno 2019","author":"admin","date":"Enero 9, 2019","format":false,"excerpt":"Estimada comunidad\u00a0ceteciana Ya van quedando pocos d\u00edas para nuestro pr\u00f3ximo encuentro anual 2019, a realizarse en la Universidad Tecnol\u00f3gica de Chile INACAP Osorno, los d\u00edas 16, 17 y 18 de Enero. Les recordamos que las actividades comienzan el d\u00eda mi\u00e9rcoles 16 a las 8:30 con las inscripciones al encuentro, esto\u2026","rel":"","context":"En &quot;Eventos&quot;","block_context":{"text":"Eventos","link":"https:\/\/cts-chile.cl\/weblog\/category\/events\/"},"img":{"alt_text":"","src":"","width":0,"height":0},"classes":[]},{"id":2017,"url":"https:\/\/cts-chile.cl\/weblog\/2017\/06\/23\/llamado-a-contribuciones-para-la-conferencia-internacional-anual-de-coes\/","url_meta":{"origin":2406,"position":5},"title":"Llamado a contribuciones para la conferencia internacional anual de COES","author":"admin","date":"Junio 23, 2017","format":false,"excerpt":"Llamado a publicaciones \/ Call for papers Conferencia Anual COES 2017 V\u00ednculos sociales y Ciudadan\u00eda: Interacciones y cohesi\u00f3n social 9 y 10 noviembre Vi\u00f1a del Mar, Chile En Chile y Latinoam\u00e9rica existen brechas espaciales y socioecon\u00f3micas que operan como fronteras de segregaci\u00f3n, limitando las experiencias de interacci\u00f3n entre diferentes grupos\u2026","rel":"","context":"En &quot;Convocatorias&quot;","block_context":{"text":"Convocatorias","link":"https:\/\/cts-chile.cl\/weblog\/category\/convocatorias\/"},"img":{"alt_text":"","src":"","width":0,"height":0},"classes":[]}],"_links":{"self":[{"href":"https:\/\/cts-chile.cl\/weblog\/wp-json\/wp\/v2\/posts\/2406","targetHints":{"allow":["GET"]}}],"collection":[{"href":"https:\/\/cts-chile.cl\/weblog\/wp-json\/wp\/v2\/posts"}],"about":[{"href":"https:\/\/cts-chile.cl\/weblog\/wp-json\/wp\/v2\/types\/post"}],"author":[{"embeddable":true,"href":"https:\/\/cts-chile.cl\/weblog\/wp-json\/wp\/v2\/users\/1"}],"replies":[{"embeddable":true,"href":"https:\/\/cts-chile.cl\/weblog\/wp-json\/wp\/v2\/comments?post=2406"}],"version-history":[{"count":0,"href":"https:\/\/cts-chile.cl\/weblog\/wp-json\/wp\/v2\/posts\/2406\/revisions"}],"wp:featuredmedia":[{"embeddable":true,"href":"https:\/\/cts-chile.cl\/weblog\/wp-json\/"}],"wp:attachment":[{"href":"https:\/\/cts-chile.cl\/weblog\/wp-json\/wp\/v2\/media?parent=2406"}],"wp:term":[{"taxonomy":"category","embeddable":true,"href":"https:\/\/cts-chile.cl\/weblog\/wp-json\/wp\/v2\/categories?post=2406"},{"taxonomy":"post_tag","embeddable":true,"href":"https:\/\/cts-chile.cl\/weblog\/wp-json\/wp\/v2\/tags?post=2406"}],"curies":[{"name":"wp","href":"https:\/\/api.w.org\/{rel}","templated":true}]}}