{"id":2105,"date":"2017-09-06T19:18:08","date_gmt":"2017-09-06T16:18:08","guid":{"rendered":"http:\/\/www.cts-chile.cl\/?p=2105"},"modified":"2024-10-10T19:03:06","modified_gmt":"2024-10-10T19:03:06","slug":"miembro-de-la-red-cts-es-premiado-en-la-reunion-anual-de-society-for-social-studies-of-science","status":"publish","type":"post","link":"https:\/\/cts-chile.cl\/weblog\/2017\/09\/06\/miembro-de-la-red-cts-es-premiado-en-la-reunion-anual-de-society-for-social-studies-of-science\/","title":{"rendered":"Miembro de la red CTS es premiado en la reuni\u00f3n anual de Society for Social Studies of Science"},"content":{"rendered":"<p>Mart\u00edn P\u00e9rez Comiso fue distinguido en la sesi\u00f3n &#8220;STS Making and Doing&#8221; de la reuni\u00f3n Anual de la\u00a0Society for Social Studies of Science (4S) en su versi\u00f3n 2017, llevada a cabo en Boston entre el 30 de Agosto y 2 de Septiembre.<\/p>\n<p>El programa STS Making and Doing busca compartir entre\u00a0los miembros de 4S las pr\u00e1cticas acad\u00e9micas de participaci\u00f3n, compromiso e intervenci\u00f3n en sus campos de estudio, destacando buenas pr\u00e1cticas para producir y difundir conocimiento y experiencias que se extienden m\u00e1s all\u00e1 de las publicaciones acad\u00e9micas.<\/p>\n<p>El premio formalmente reconoce y celebra logros distintivos en pr\u00e1cticas relacionadas con el programa, reconociendo a los miembros que han demostrado excelencia acad\u00e9mica en formular, promulgar y compartir pr\u00e1cticas te\u00f3ricamente informadas para la participaci\u00f3n, compromiso e intervenci\u00f3n en sus campos de estudio.<\/p>\n<p>&nbsp;<\/p>\n","protected":false},"excerpt":{"rendered":"<p>Mart\u00edn P\u00e9rez Comiso fue distinguido en la sesi\u00f3n &#8220;STS Making and Doing&#8221; de la reuni\u00f3n Anual de la\u00a0Society for Social Studies of Science (4S) en su versi\u00f3n 2017, llevada a cabo en Boston entre el 30 de Agosto y 2 de Septiembre. El programa STS Making and Doing busca compartir entre\u00a0los miembros de 4S las<\/p>\n","protected":false},"author":1,"featured_media":2106,"comment_status":"open","ping_status":"closed","sticky":false,"template":"","format":"standard","meta":{"jetpack_post_was_ever_published":false,"_jetpack_newsletter_access":"","_jetpack_dont_email_post_to_subs":false,"_jetpack_newsletter_tier_id":0,"_jetpack_memberships_contains_paywalled_content":false,"_jetpack_memberships_contains_paid_content":false,"footnotes":"","jetpack_publicize_message":"","jetpack_publicize_feature_enabled":true,"jetpack_social_post_already_shared":true,"jetpack_social_options":{"image_generator_settings":{"template":"highway","default_image_id":0,"font":"","enabled":false},"version":2}},"categories":[5],"tags":[],"class_list":["post-2105","post","type-post","status-publish","format-standard","has-post-thumbnail","hentry","category-events"],"jetpack_publicize_connections":[],"jetpack_featured_media_url":"","jetpack_sharing_enabled":true,"jetpack-related-posts":[{"id":2434,"url":"https:\/\/cts-chile.cl\/weblog\/2018\/08\/25\/cts-chile-a-la-4s-sydney-2018\/","url_meta":{"origin":2105,"position":0},"title":"\u00a1CTS-Chile a la 4S &#8211; Sydney, 2018!","author":"admin","date":"Agosto 25, 2018","format":false,"excerpt":"Por Nicol\u00e1s Sanhueza La pr\u00f3xima semana comienza el esperado Encuentro Anual de la Sociedad para el Estudio Social de la Ciencia (Society for Social Studies of Science\/4S) en la ciudad de Sydney (Australia) y nuevamente la\u00a0 comunidad Chilena y en especial miembros de nuestra comunidad CTS-Chile se hacen presente a\u2026","rel":"","context":"En &quot;Eventos&quot;","block_context":{"text":"Eventos","link":"https:\/\/cts-chile.cl\/weblog\/category\/events\/"},"img":{"alt_text":"","src":"","width":0,"height":0},"classes":[]},{"id":2087,"url":"https:\/\/cts-chile.cl\/weblog\/2017\/08\/31\/cts-chile-en-4s-boston\/","url_meta":{"origin":2105,"position":1},"title":"CTS-CHILE en 4S Boston","author":"admin","date":"Agosto 31, 2017","format":false,"excerpt":"Miembros de la red CTS-Chile presentan sus trabajos en\u00a0la Conferencia anual de la Society for SocialStudies of Science, 4S, que este a\u00f1o se realiza en Boston, Massachusetts del 30 de Agosto al 2 de Septiembre.","rel":"","context":"En &quot;Eventos&quot;","block_context":{"text":"Eventos","link":"https:\/\/cts-chile.cl\/weblog\/category\/events\/"},"img":{"alt_text":"","src":"","width":0,"height":0},"classes":[]},{"id":305,"url":"https:\/\/cts-chile.cl\/weblog\/2014\/12\/17\/sheila-jasanoff-y-cts-chile\/","url_meta":{"origin":2105,"position":2},"title":"Sheila Jasanoff y CTS-Chile","author":"admin","date":"Diciembre 17, 2014","format":"image","excerpt":"Estimados(as) colegas, El domingo 14 de diciembre en la tarde, nos reunimos un grupo de 7\u00a0colegas \"CTSianos\" con Sheila Jasanoff en la terraza del restaurant\u00a0Baco y Vino en Providencia. La conversaci\u00f3n, relajada y muy amena,\u00a0divag\u00f3 por diversos temas relacionados con el mundo STS y su vista a\u00a0Chile. Sheila nos cont\u00f3\u2026","rel":"","context":"En &quot;Columnas&quot;","block_context":{"text":"Columnas","link":"https:\/\/cts-chile.cl\/weblog\/category\/columnas\/"},"img":{"alt_text":"","src":"https:\/\/i0.wp.com\/cts-chile.cl\/weblog\/wp-content\/uploads\/2014\/12\/DSC_4560-2.jpg?fit=1200%2C796&quality=99&ssl=1","width":320,"height":0,"srcset":"https:\/\/i0.wp.com\/cts-chile.cl\/weblog\/wp-content\/uploads\/2014\/12\/DSC_4560-2.jpg?fit=1200%2C796&quality=99&ssl=1 1x, https:\/\/i0.wp.com\/cts-chile.cl\/weblog\/wp-content\/uploads\/2014\/12\/DSC_4560-2.jpg?fit=1200%2C796&quality=99&ssl=1 1.5x, https:\/\/i0.wp.com\/cts-chile.cl\/weblog\/wp-content\/uploads\/2014\/12\/DSC_4560-2.jpg?fit=1200%2C796&quality=99&ssl=1 2x, https:\/\/i0.wp.com\/cts-chile.cl\/weblog\/wp-content\/uploads\/2014\/12\/DSC_4560-2.jpg?fit=1200%2C796&quality=99&ssl=1 3x"},"classes":[]},{"id":2579,"url":"https:\/\/cts-chile.cl\/weblog\/2015\/08\/17\/hacia-el-ensamblaje-de-estudios-cts-en-chile-notas-del-ii-encuentro-cts-chile-en-temuco\/","url_meta":{"origin":2105,"position":3},"title":"Hacia el ensamblaje de Estudios CTS en Chile: Notas del II Encuentro CTS-Chile en Temuco","author":"admin","date":"Agosto 17, 2015","format":"image","excerpt":"En v\u00edas del desarrollo del III Encuentro CTS-Chile, en la ciudad de Valpara\u00edso, difundimos una columna elaborada por Ronald Cancino y Helder Binimelis, sobre el II Encuentro desarrollado en Temuco. Se ha publicado hace unos d\u00edas en el Blog de la Society for Social Studies of Science (4S), y dice\u2026","rel":"","context":"En &quot;Columnas&quot;","block_context":{"text":"Columnas","link":"https:\/\/cts-chile.cl\/weblog\/category\/columnas\/"},"img":{"alt_text":"","src":"http:\/\/img.youtube.com\/vi\/GCgbeObGYxk\/0.jpg","width":320,"height":0},"classes":[]},{"id":2583,"url":"https:\/\/cts-chile.cl\/weblog\/2016\/01\/22\/cts-chile-en-insis-newsletter\/","url_meta":{"origin":2105,"position":4},"title":"CTS Chile en InSIS Newsletter","author":"admin","date":"Enero 22, 2016","format":false,"excerpt":"El\u00a0Newsletter del Institute for Science, Innovation and Society\u00a0de la Universitdad de\u00a0Oxford ha realizado una menci\u00f3n sobre la participaci\u00f3n de\u00a0Javier Leza\u00fan en nuestro III Encuentro. \"Dr Javier Lezaun presents keynote to Chilean STS Network On 15 January InSIS Deputy Director Dr Javier Lezaun gave a keynote presentation to the 3rd Meeting\u2026","rel":"","context":"En &quot;Convocatorias&quot;","block_context":{"text":"Convocatorias","link":"https:\/\/cts-chile.cl\/weblog\/category\/convocatorias\/"},"img":{"alt_text":"","src":"","width":0,"height":0},"classes":[]},{"id":1811,"url":"https:\/\/cts-chile.cl\/weblog\/2017\/02\/28\/llamado-a-resumenes-encuentro-anual-de-la-sociedad-de-estudios-sociales-de-la-ciencia-4s-boston-massachusetts-agosto-30-septiembre-2-2017-fecha-limite-para-envios-marzo-1-2017\/","url_meta":{"origin":2105,"position":5},"title":"Llamado a res\u00famenes Encuentro Anual de la Sociedad de Estudios Sociales de la Ciencia (4S). Boston, Massachusetts 2017","author":"admin","date":"Febrero 28, 2017","format":false,"excerpt":"LLAMADO ESPECIAL A PARTICIPAR EN PANELES ORGANIZADOS POR PARTICIPANTES DE CTS-CHILE PANEL 88:\u00a0\u201cIn the making, on the move\u201d: perspectivas globales sobre la apropiaci\u00f3n tecnol\u00f3gica. PANEL 50. Can the Subaltern Research? Panel: \u201cIn the making, on the move\u201d: perspectivas globales sobre la apropiaci\u00f3n tecnol\u00f3gica. Organizado por: Mart\u00edn P\u00e9rez Comisso, Universidad de\u2026","rel":"","context":"En &quot;Convocatorias&quot;","block_context":{"text":"Convocatorias","link":"https:\/\/cts-chile.cl\/weblog\/category\/convocatorias\/"},"img":{"alt_text":"","src":"","width":0,"height":0},"classes":[]}],"_links":{"self":[{"href":"https:\/\/cts-chile.cl\/weblog\/wp-json\/wp\/v2\/posts\/2105","targetHints":{"allow":["GET"]}}],"collection":[{"href":"https:\/\/cts-chile.cl\/weblog\/wp-json\/wp\/v2\/posts"}],"about":[{"href":"https:\/\/cts-chile.cl\/weblog\/wp-json\/wp\/v2\/types\/post"}],"author":[{"embeddable":true,"href":"https:\/\/cts-chile.cl\/weblog\/wp-json\/wp\/v2\/users\/1"}],"replies":[{"embeddable":true,"href":"https:\/\/cts-chile.cl\/weblog\/wp-json\/wp\/v2\/comments?post=2105"}],"version-history":[{"count":1,"href":"https:\/\/cts-chile.cl\/weblog\/wp-json\/wp\/v2\/posts\/2105\/revisions"}],"predecessor-version":[{"id":2704,"href":"https:\/\/cts-chile.cl\/weblog\/wp-json\/wp\/v2\/posts\/2105\/revisions\/2704"}],"wp:featuredmedia":[{"embeddable":true,"href":"https:\/\/cts-chile.cl\/weblog\/wp-json\/"}],"wp:attachment":[{"href":"https:\/\/cts-chile.cl\/weblog\/wp-json\/wp\/v2\/media?parent=2105"}],"wp:term":[{"taxonomy":"category","embeddable":true,"href":"https:\/\/cts-chile.cl\/weblog\/wp-json\/wp\/v2\/categories?post=2105"},{"taxonomy":"post_tag","embeddable":true,"href":"https:\/\/cts-chile.cl\/weblog\/wp-json\/wp\/v2\/tags?post=2105"}],"curies":[{"name":"wp","href":"https:\/\/api.w.org\/{rel}","templated":true}]}}