{"id":2092,"date":"2017-09-01T02:35:58","date_gmt":"2017-08-31T23:35:58","guid":{"rendered":"http:\/\/www.cts-chile.cl\/?p=2092"},"modified":"2017-09-01T02:35:58","modified_gmt":"2017-08-31T23:35:58","slug":"ya-estan-disponibles-los-ejes-tematicos-de-v-encuentro-red-cts-chile","status":"publish","type":"post","link":"https:\/\/cts-chile.cl\/weblog\/2017\/09\/01\/ya-estan-disponibles-los-ejes-tematicos-de-v-encuentro-red-cts-chile\/","title":{"rendered":"Ya est\u00e1n disponibles los ejes tem\u00e1ticos de V Encuentro Red CTS-Chile"},"content":{"rendered":"<p>Les invitamos a presentar propuestas de ponencias y\/o paneles para nuestro V Encuentro titulado <em>\u201cSurcar campos tecnol\u00f3gicos: rupturas y amalgamas en torno a los trazos territoriales\u201d<\/em>, que tendr\u00e1 lugar los d\u00edas 17 a 19 de enero de 2018 .<\/p>\n<p>Ejes tem\u00e1ticos:<\/p>\n<ol>\n<li>Avances tecnol\u00f3gicos e impactos socioterritoriales<\/li>\n<li>Apropiaci\u00f3n social de tecnolog\u00eda y vida cotidiana<\/li>\n<li>Educaci\u00f3n, identidad e innovaci\u00f3n<\/li>\n<li>G\u00e9nero, diversidad y tecnolog\u00eda<\/li>\n<li>Desaf\u00edos jur\u00eddico-pol\u00edticos en tecnolog\u00eda y entornos digitales<\/li>\n<li>Sustentabilidad y comunicaci\u00f3n de CyT<\/li>\n<li>Institucionalidad de la ciencia: las nuevas reglas de la investigaci\u00f3n y su rol en la econom\u00eda \u2028y la sociedad<\/li>\n<\/ol>\n<p><strong>Instrucciones para el env\u00edo de res\u00famenes: <\/strong><\/p>\n<ol>\n<li>Enviar un resumen del trabajo propuesto, con una extensi\u00f3n m\u00e1xima de 500 palabras, m\u00e1s t\u00edtulo y referencias.<\/li>\n<li>Cada resumen deber\u00e1 indicar la mesa a la que postula e incluir t\u00edtulo, palabras claves y bibliograf\u00eda b\u00e1sica.<\/li>\n<li>El documento deber\u00e1 incluir adem\u00e1s informaci\u00f3n de contacto de las\/los autores: nombre completo, correo electr\u00f3nico e instituci\u00f3n a la que representa<\/li>\n<li>Cada propuesta deber\u00e1 ser ingresada a un formulario en l\u00ednea, <a href=\"https:\/\/docs.google.com\/forms\/d\/e\/1FAIpQLSdFrMeF78YIxndwridEhT3WJy-kerHcGD_iDnG16IkhX4Ryag\/viewform\">disponible\u00a0a trav\u00e9s de este enlace<\/a>.<\/li>\n<li>La fecha l\u00edmite para el <strong>env\u00edo<\/strong> <strong>de<\/strong> <strong>propuestas<\/strong> <strong>es<\/strong> <strong>el<\/strong> <strong>31<\/strong> <strong>de<\/strong> <strong>octubre<\/strong> <strong>de<\/strong> <strong>2017 <\/strong><\/li>\n<\/ol>\n<p><strong>Instrucciones<\/strong> <strong>para<\/strong> <strong>el<\/strong> <strong>env\u00edo<\/strong> <strong>de<\/strong> <strong>nuevos<\/strong> <strong>paneles:\u2028<\/strong><\/p>\n<ol>\n<li>Cada propuesta deber\u00e1 incluir una descripci\u00f3n general del panel de 500 palabras adem\u00e1s de un breve resumen de cada una de las presentaciones que incluya dicho panel.<\/li>\n<li>Cada panel deber\u00e1 estar compuesto por un m\u00ednimo de 3 presentadores y un m\u00e1ximo de 4. Uno de los presentadores deber\u00e1 asumir la coordinaci\u00f3n del panel. Por tanto, ser\u00e1 de responsabilidad de quien propone el panel asegurar y coordinar la presencia de todos los expositores en dicho.<\/li>\n<li>Los paneles pueden ser propuestos para incorporarse a alguna de las mesas de trabajo ya definidas o abordar tem\u00e1ticas que no han sido consideradas por la organizaci\u00f3n pero que se encuentren relacionadas con la tem\u00e1tica general del \u2028encuentro.<\/li>\n<li>Cada propuesta deber\u00e1 ser ingresada a trav\u00e9s del formulario de env\u00edo disponible en la web de CTS-Chile.<\/li>\n<li>La fecha l\u00edmite para el <strong>env\u00edo<\/strong> <strong>de<\/strong> <strong>propuestas<\/strong> <strong>es<\/strong> <strong>el<\/strong> <strong>31<\/strong> <strong>de<\/strong> <strong>octubre<\/strong> <strong>de<\/strong> <strong>2017.<\/strong><\/li>\n<\/ol>\n<p>Los resultados ser\u00e1n notificados a los autores partir del <strong>01 y hasta el 15 de diciembre de\u00a0<\/strong><strong>2017.\u2028<\/strong><\/p>\n<ul>\n<li><a href=\"https:\/\/docs.google.com\/forms\/d\/e\/1FAIpQLSdFrMeF78YIxndwridEhT3WJy-kerHcGD_iDnG16IkhX4Ryag\/viewform\">Ingresar a formulario de env\u00edo de res\u00famenes<\/a><\/li>\n<\/ul>\n<p>[gview file=&#8221;http:\/\/www.cts-chile.cl\/wp-content\/uploads\/2017\/09\/Resumen-V-Encuentro-CTS-Chile.pdf&#8221;]<\/p>\n","protected":false},"excerpt":{"rendered":"<p>Les invitamos a presentar propuestas de ponencias y\/o paneles para nuestro V Encuentro titulado \u201cSurcar campos tecnol\u00f3gicos: rupturas y amalgamas en torno a los trazos territoriales\u201d, que tendr\u00e1 lugar los d\u00edas 17 a 19 de enero de 2018 . Ejes tem\u00e1ticos: Avances tecnol\u00f3gicos e impactos socioterritoriales Apropiaci\u00f3n social de tecnolog\u00eda y vida cotidiana Educaci\u00f3n, identidad<\/p>\n","protected":false},"author":1,"featured_media":2094,"comment_status":"open","ping_status":"closed","sticky":false,"template":"","format":"standard","meta":{"jetpack_post_was_ever_published":false,"_jetpack_newsletter_access":"","_jetpack_dont_email_post_to_subs":false,"_jetpack_newsletter_tier_id":0,"_jetpack_memberships_contains_paywalled_content":false,"_jetpack_memberships_contains_paid_content":false,"footnotes":"","jetpack_publicize_message":"","jetpack_publicize_feature_enabled":true,"jetpack_social_post_already_shared":true,"jetpack_social_options":{"image_generator_settings":{"template":"highway","default_image_id":0,"font":"","enabled":false},"version":2}},"categories":[26],"tags":[82,36,83],"class_list":["post-2092","post","type-post","status-publish","format-standard","has-post-thumbnail","hentry","category-convocatorias","tag-estudios-sociales-de-la-ciencia","tag-ponencias","tag-v-encuentro-cts-chile"],"jetpack_publicize_connections":[],"jetpack_featured_media_url":"","jetpack_sharing_enabled":true,"jetpack-related-posts":[{"id":2157,"url":"https:\/\/cts-chile.cl\/weblog\/2017\/11\/01\/se-extiende-plazo-para-el-envio-de-ponencias-al-v-encuentro-cts-chile-2018\/","url_meta":{"origin":2092,"position":0},"title":"Se extiende plazo para el env\u00edo de ponencias al V Encuentro CTS-Chile 2018","author":"admin","date":"Noviembre 1, 2017","format":false,"excerpt":"Nuevo plazo de recepci\u00f3n de res\u00famenes y propuestas de paneles se extiende hasta el\u00a022 DE NOVIEMBRE. A la fecha,\u00a0se han recibido propuestas desde Colombia, Per\u00fa, Brasil, Argentina,\u00a0Inglaterra y Chile.\u00a0Quienes no han enviado a\u00fan sus res\u00famenes, podr\u00e1n hacerlo hasta\u00a0el pr\u00f3ximo 22 de noviembre. Todas las propuestas deben ser\u00a0ingresadas a trav\u00e9s del\u2026","rel":"","context":"En &quot;Eventos&quot;","block_context":{"text":"Eventos","link":"https:\/\/cts-chile.cl\/weblog\/category\/events\/"},"img":{"alt_text":"","src":"","width":0,"height":0},"classes":[]},{"id":2129,"url":"https:\/\/cts-chile.cl\/weblog\/2017\/10\/25\/participa-del-v-encuentro-cts-chile\/","url_meta":{"origin":2092,"position":1},"title":"Participa del V Encuentro CTS- Chile, Curic\u00f3 2018","author":"admin","date":"Octubre 25, 2017","format":false,"excerpt":"La Universidad Cat\u00f3lica del Maule, campus Nuestra Sra. Del Carmen, ser\u00e1 la sede del V Encuentro de la Red Chilena de Ciencia, Tecnolog\u00eda y Sociedad CTS-Chile, que se desarrollar\u00e1 entre el 17 y 19 de enero del 2018. El encuentro, titulado \"Surcar campos tecnol\u00f3gicos: rupturas y amalgamas en torno a\u2026","rel":"","context":"En &quot;Eventos&quot;","block_context":{"text":"Eventos","link":"https:\/\/cts-chile.cl\/weblog\/category\/events\/"},"img":{"alt_text":"","src":"http:\/\/www.cts-chile.cl\/wp-content\/uploads\/2017\/10\/recorrido-cerro-300x174.png","width":320,"height":0},"classes":[]},{"id":2444,"url":"https:\/\/cts-chile.cl\/weblog\/2018\/11\/20\/amplia-plazo-de-propuestas-de-ejes-tematicos-hasta-el-07-de-dic\/","url_meta":{"origin":2092,"position":2},"title":"Hasta el 7 de diciembre se reciben ponencias a las Mesas Tem\u00e1ticas","author":"admin","date":"Noviembre 20, 2018","format":false,"excerpt":"La comisi\u00f3n organizadora del VI Encuentro CTS:\u00a0\u201cInfraestructuras, Temporalidades y Espacialidades: creaciones, tensiones y continuidades\u201d, tiene al agrado de informarles que la presentaci\u00f3n de ponencias ser\u00e1 hasta el 07 de diciembre de 2018. Mesas Tem\u00e1ticas MESA 1 - \"Activismos, espacialidad y CTS desde una perspectiva de g\u00e9nero\" MESA 2 - \"CTS\u2026","rel":"","context":"En &quot;Convocatorias&quot;","block_context":{"text":"Convocatorias","link":"https:\/\/cts-chile.cl\/weblog\/category\/convocatorias\/"},"img":{"alt_text":"","src":"","width":0,"height":0},"classes":[]},{"id":2406,"url":"https:\/\/cts-chile.cl\/weblog\/2018\/08\/01\/infraestructuras-temporalidades-y-espacialidades-creaciones-tensiones-y-continuidades\/","url_meta":{"origin":2092,"position":3},"title":"VI Encuentro de la red CTS-Chile 2019:\u00a0&#8220;Infraestructuras, Temporalidades y Espacialidades: creaciones, tensiones y continuidades&#8221;","author":"admin","date":"Agosto 1, 2018","format":false,"excerpt":"Osorno es puerta de entrada a una de las regiones m\u00e1s emblem\u00e1ticas: la Patagonia Chilena y el 2019 ser\u00e1 sede del VI Encuentro de Ciencia, Tecnolog\u00eda y Sociedad CTS-Chile. Para esta ocasi\u00f3n se establece una importante l\u00ednea de reflexi\u00f3n que propone una lectura de las Infraestructuras \u2013tanto materiales como inmateriales-\u2026","rel":"","context":"En &quot;Eventos&quot;","block_context":{"text":"Eventos","link":"https:\/\/cts-chile.cl\/weblog\/category\/events\/"},"img":{"alt_text":"","src":"","width":0,"height":0},"classes":[]},{"id":2068,"url":"https:\/\/cts-chile.cl\/weblog\/2017\/07\/31\/comite-organizador-define-temas-para-el-encuentro-cts-chile-2018\/","url_meta":{"origin":2092,"position":4},"title":"Comit\u00e9 organizador propone temas para el Encuentro CTS-Chile 2018","author":"admin","date":"Julio 31, 2017","format":false,"excerpt":"El pasado viernes 07 de julio en dependencias de la Universidad Cat\u00f3lica del Maule (UCM), en Curic\u00f3 se desarroll\u00f3 la segunda reuni\u00f3n de preparaci\u00f3n del pr\u00f3ximo encuentro de la Red CTS \u2013 Chile a realizarse entre el 17 y 19 enero de 2018, en dicha casa de estudios. En la\u2026","rel":"","context":"En &quot;Eventos&quot;","block_context":{"text":"Eventos","link":"https:\/\/cts-chile.cl\/weblog\/category\/events\/"},"img":{"alt_text":"","src":"","width":0,"height":0},"classes":[]},{"id":2076,"url":"https:\/\/cts-chile.cl\/weblog\/2017\/08\/03\/v-simposio-de-la-red-latinoamericana-de-estudios-sobre-vigilancia-tecnologia-y-sociedad-lavits\/","url_meta":{"origin":2092,"position":5},"title":"V Simposio de la Red Latinoamericana de Estudios sobre Vigilancia, Tecnolog\u00eda  y Sociedad &#8211; LAVITS","author":"admin","date":"Agosto 3, 2017","format":false,"excerpt":"Desde el \u00a0Instituto de la Comunicaci\u00f3n e Imagen - ICEI\u00a0de la Universidad de Chile y la\u00a0Fundaci\u00f3n Datos Protegidos\u00a0se invita a presentar propuestas al V Simposio de la\u00a0Red Latinoamericana de Estudios sobre Vigilancia, Tecnolog\u00eda \u00a0y Sociedad -\u00a0LAVITS\u00a0\u00a0que estaremos realizando El tema de este a\u00f1o es \" Vigilancia, Democracia y Privacidad en\u2026","rel":"","context":"En &quot;Convocatorias&quot;","block_context":{"text":"Convocatorias","link":"https:\/\/cts-chile.cl\/weblog\/category\/convocatorias\/"},"img":{"alt_text":"","src":"","width":0,"height":0},"classes":[]}],"_links":{"self":[{"href":"https:\/\/cts-chile.cl\/weblog\/wp-json\/wp\/v2\/posts\/2092","targetHints":{"allow":["GET"]}}],"collection":[{"href":"https:\/\/cts-chile.cl\/weblog\/wp-json\/wp\/v2\/posts"}],"about":[{"href":"https:\/\/cts-chile.cl\/weblog\/wp-json\/wp\/v2\/types\/post"}],"author":[{"embeddable":true,"href":"https:\/\/cts-chile.cl\/weblog\/wp-json\/wp\/v2\/users\/1"}],"replies":[{"embeddable":true,"href":"https:\/\/cts-chile.cl\/weblog\/wp-json\/wp\/v2\/comments?post=2092"}],"version-history":[{"count":0,"href":"https:\/\/cts-chile.cl\/weblog\/wp-json\/wp\/v2\/posts\/2092\/revisions"}],"wp:featuredmedia":[{"embeddable":true,"href":"https:\/\/cts-chile.cl\/weblog\/wp-json\/"}],"wp:attachment":[{"href":"https:\/\/cts-chile.cl\/weblog\/wp-json\/wp\/v2\/media?parent=2092"}],"wp:term":[{"taxonomy":"category","embeddable":true,"href":"https:\/\/cts-chile.cl\/weblog\/wp-json\/wp\/v2\/categories?post=2092"},{"taxonomy":"post_tag","embeddable":true,"href":"https:\/\/cts-chile.cl\/weblog\/wp-json\/wp\/v2\/tags?post=2092"}],"curies":[{"name":"wp","href":"https:\/\/api.w.org\/{rel}","templated":true}]}}