{"id":2083,"date":"2017-08-03T17:55:43","date_gmt":"2017-08-03T14:55:43","guid":{"rendered":"http:\/\/www.cts-chile.cl\/?p=2083"},"modified":"2017-08-03T17:55:43","modified_gmt":"2017-08-03T14:55:43","slug":"jueves-3-de-agosto-16-hrs-charla-en-idea-la-politica-de-patentes-y-los-movimientos-sociales-en-un-caso-comparado-sobre-ee-uu-y-europa","status":"publish","type":"post","link":"https:\/\/cts-chile.cl\/weblog\/2017\/08\/03\/jueves-3-de-agosto-16-hrs-charla-en-idea-la-politica-de-patentes-y-los-movimientos-sociales-en-un-caso-comparado-sobre-ee-uu-y-europa\/","title":{"rendered":"JUEVES 3 de AGOSTO, 16 hrs, CHARLA EN IDEA: La Pol\u00edtica de Patentes y los Movimientos Sociales en un caso comparado sobre EE.UU. y Europa"},"content":{"rendered":"<p><a href=\"http:\/\/www.idea.usach.cl\/content\/charla-la-politica-de-patentes-y-los-movimientos-sociales-en-un-caso-comparado-sobre-eeuu-y\">La Pol\u00edtica de Patentes y los Movimientos Sociales en un caso comparado sobre EE.UU. y Europa<\/a><\/p>\n<p>Dra. Shobita\u00a0Parthasarathy<\/p>\n<p>Jueves 3 de agosto,\u00a0<u>a las 16 hrs., en el Instituto de Estudios Avanzados (IDEA), ubicado en calle Rom\u00e1n D\u00edaz 89,\u00a0<\/u>Providencia, Santiago.<\/p>\n<p><span style=\"font-size: small;\">La D<a href=\"http:\/\/fordschool.umich.edu\/faculty\/shobita-parthasarathy\">ra. Parthasarathy<\/a> es graduada en Estudios de Ciencia y Tecnolog\u00eda, de la Universidad de Cornell, y uno de los \u00e1mbitos que indaga actualmente dice relaci\u00f3n con la pol\u00edtica global del conocimiento, particularmente en materia de patentes. Su \u00faltimo libro (publicado este a\u00f1o) es &#8220;Patent Politics: life forms, markets, and the public interest in the United States and Europe&#8221; (University of Chicago Press). Al d\u00eda de hoy, ella es Profesora Asociada en la Universidad de Michigan.<\/span><\/p>\n","protected":false},"excerpt":{"rendered":"<p>La Pol\u00edtica de Patentes y los Movimientos Sociales en un caso comparado sobre EE.UU. y Europa Dra. Shobita\u00a0Parthasarathy Jueves 3 de agosto,\u00a0a las 16 hrs., en el Instituto de Estudios Avanzados (IDEA), ubicado en calle Rom\u00e1n D\u00edaz 89,\u00a0Providencia, Santiago. La Dra. Parthasarathy es graduada en Estudios de Ciencia y Tecnolog\u00eda, de la Universidad de Cornell,<\/p>\n","protected":false},"author":1,"featured_media":0,"comment_status":"open","ping_status":"closed","sticky":false,"template":"","format":"standard","meta":{"jetpack_post_was_ever_published":false,"_jetpack_newsletter_access":"","_jetpack_dont_email_post_to_subs":false,"_jetpack_newsletter_tier_id":0,"_jetpack_memberships_contains_paywalled_content":false,"_jetpack_memberships_contains_paid_content":false,"footnotes":"","jetpack_publicize_message":"","jetpack_publicize_feature_enabled":true,"jetpack_social_post_already_shared":true,"jetpack_social_options":{"image_generator_settings":{"template":"highway","default_image_id":0,"font":"","enabled":false},"version":2}},"categories":[5],"tags":[],"class_list":["post-2083","post","type-post","status-publish","format-standard","hentry","category-events"],"jetpack_publicize_connections":[],"jetpack_featured_media_url":"","jetpack_sharing_enabled":true,"jetpack-related-posts":[{"id":920,"url":"https:\/\/cts-chile.cl\/weblog\/2015\/11\/16\/nikolas-rose-coloquio-internacional-biopolitica-biociencia-y-gubernamentalidad\/","url_meta":{"origin":2083,"position":0},"title":"Nikolas Rose: Coloquio Internacional Biopol\u00edtica, Biociencia y Gubernamentalidad.","author":"admin","date":"Noviembre 16, 2015","format":"image","excerpt":"El Director del Departamento de Sociolog\u00eda en King\u2019s College de Londres (Inglaterra) dictar\u00e1 dos conferencias y participar\u00e1 en un Coloquio organizado por la Facultad de Ciencias Jur\u00eddicas y Sociales de la Universidad de Talca en conjunto con el Doctorado en Psicolog\u00eda UDP, los d\u00edas, 17, 18 y 19 de noviembre\u2026","rel":"","context":"En &quot;Eventos&quot;","block_context":{"text":"Eventos","link":"https:\/\/cts-chile.cl\/weblog\/category\/events\/"},"img":{"alt_text":"Screen Shot 2015 11 16 at 23 31 18","src":"http:\/\/cts-chile.cl\/wp-content\/uploads\/2014\/09\/cropped-Photo-Jun-07-11-31-45-AM.jpg","width":320,"height":0},"classes":[]},{"id":1854,"url":"https:\/\/cts-chile.cl\/weblog\/2017\/04\/21\/preparando-la-marcha-taller-de-politica-cientifica\/","url_meta":{"origin":2083,"position":1},"title":"Preparando la Marcha: Taller de Pol\u00edtica Cient\u00edfica","author":"admin","date":"Abril 21, 2017","format":false,"excerpt":"Taller Abierto de Pol\u00edtica Cient\u00edfica: Reflexionando sobre c\u00f3mo gobernar el conocimiento \u00a0 Organizada por\u00a0el Centro de Investigaci\u00f3n e Innovaci\u00f3n de la Universidad Central, junto con Centro Periferia, Universidad Santo Tom\u00e1s, y bajo la convocatoria de la Marcha de la Ciencia, el s\u00e1bado 8 de Abril se llev\u00f3 a cabo el\u2026","rel":"","context":"En &quot;Eventos&quot;","block_context":{"text":"Eventos","link":"https:\/\/cts-chile.cl\/weblog\/category\/events\/"},"img":{"alt_text":"","src":"","width":0,"height":0},"classes":[]},{"id":907,"url":"https:\/\/cts-chile.cl\/weblog\/2015\/11\/16\/conversatorio-condiciones-de-posibilidad-social-del-conocimiento-la-ciencia-periferica-sur-sur\/","url_meta":{"origin":2083,"position":2},"title":"Conversatorio &#8220;Condiciones de posibilidad social del conocimiento, la ciencia perif\u00e9rica sur-sur&#8221;","author":"admin","date":"Noviembre 16, 2015","format":"image","excerpt":"Estimados(as) miembros de la red, Andr\u00e9s G\u00f3mez Seguel invita junto a Jorge Giber a un conservatorio cuyo prop\u00f3sito ser\u00e1 de abordar, bajo un esquema distendido (no menos riguroso), las condiciones de posibilidad social del conocimiento en la periferia. La ocasi\u00f3n pretende conectar con la tambaleante condici\u00f3n de nuestro sistema ciencia\u2026","rel":"","context":"En &quot;Eventos&quot;","block_context":{"text":"Eventos","link":"https:\/\/cts-chile.cl\/weblog\/category\/events\/"},"img":{"alt_text":"Invitaci\u00f3n 3 Tecnolog\u00eda","src":"http:\/\/cts-chile.cl\/wp-content\/uploads\/2014\/09\/cropped-Photo-Jun-07-11-31-45-AM.jpg","width":320,"height":0,"srcset":"http:\/\/cts-chile.cl\/wp-content\/uploads\/2014\/09\/cropped-Photo-Jun-07-11-31-45-AM.jpg 1x, http:\/\/cts-chile.cl\/wp-content\/uploads\/2014\/09\/cropped-Photo-Jun-07-11-31-45-AM.jpg 1.5x"},"classes":[]},{"id":2578,"url":"https:\/\/cts-chile.cl\/weblog\/2015\/08\/10\/grupo-de-estudio-investigacion-sobre-los-modos-de-existencia\/","url_meta":{"origin":2083,"position":3},"title":"Grupo de estudio Investigaci\u00f3n sobre los Modos de Existencia","author":"admin","date":"Agosto 10, 2015","format":"image","excerpt":"El N\u00facleo de Teor\u00eda Social de la Universidad Diego Portales (UDP), invita a quienes puedan interesarse a participar de un grupo de estudios en torno al libro \"Investigaci\u00f3n sobre los modos de existencia\", de Bruno Latour. Las sesiones se llevar\u00e1n a cabo semanalmente a las 15:30, a contar del Jueves\u2026","rel":"","context":"En &quot;Convocatorias&quot;","block_context":{"text":"Convocatorias","link":"https:\/\/cts-chile.cl\/weblog\/category\/convocatorias\/"},"img":{"alt_text":"","src":"","width":0,"height":0},"classes":[]},{"id":856,"url":"https:\/\/cts-chile.cl\/weblog\/2015\/10\/29\/nuevo-plazo-para-el-envio-de-ponencias\/","url_meta":{"origin":2083,"position":4},"title":"Coloquio Interdisciplinar DES-Hechos.","author":"admin","date":"Octubre 29, 2015","format":"image","excerpt":"El Departamento de Humanidades de la Universidad T\u00e9cnica Federico Santa Mar\u00eda, junto al Departamento de Ingenier\u00eda Industrial y el Instituto de Estudios Avanzados, de la Universidad de Santiago de Chile, organizan el Coloquio Interdisciplinar DES-Hechos, lo que no se ve de lo tecnol\u00f3gico como desaf\u00edo; queriendo DESvelar el impacto del\u2026","rel":"","context":"En &quot;Convocatorias&quot;","block_context":{"text":"Convocatorias","link":"https:\/\/cts-chile.cl\/weblog\/category\/convocatorias\/"},"img":{"alt_text":"Deshechos","src":"http:\/\/cts-chile.cl\/wp-content\/uploads\/2014\/09\/cropped-Photo-Jun-07-11-31-45-AM.jpg","width":320,"height":0},"classes":[]},{"id":2932,"url":"https:\/\/cts-chile.cl\/weblog\/2024\/10\/25\/taller-para-estudiantes-de-doctorado-con-adriana-petryna-trabajo-de-campo-y-analisis-etnografico\/","url_meta":{"origin":2083,"position":5},"title":"Taller para estudiantes de doctorado con Adriana Petryna: Trabajo de campo y an\u00e1lisis etnogr\u00e1fico","author":"Post Email","date":"Octubre 25, 2024","format":false,"excerpt":"Jueves 14 de noviembre. 10:00 horas. Sala 1 doctorado, Facultad de Ciencias Sociales UC. Taller para estudiantes de doctorado e investigadores j\u00f3venes. Trabajo de campo y an\u00e1lisis etnogr\u00e1fico. Expone: Adriana Petryna, acad\u00e9mica del Departamento de Antropolog\u00eda de la Universidad de Pensilvania. En sus estudios etnogr\u00e1ficos en Europa del Este y\u2026","rel":"","context":"En &quot;Contribuciones&quot;","block_context":{"text":"Contribuciones","link":"https:\/\/cts-chile.cl\/weblog\/category\/contribuciones\/"},"img":{"alt_text":"","src":"https:\/\/i0.wp.com\/cts-chile.cl\/weblog\/wp-content\/uploads\/464164412_18097127356475580_6550552966082515967_n.jpg?fit=1080%2C1080&quality=99&ssl=1","width":320,"height":0,"srcset":"https:\/\/i0.wp.com\/cts-chile.cl\/weblog\/wp-content\/uploads\/464164412_18097127356475580_6550552966082515967_n.jpg?fit=1080%2C1080&quality=99&ssl=1 1x, https:\/\/i0.wp.com\/cts-chile.cl\/weblog\/wp-content\/uploads\/464164412_18097127356475580_6550552966082515967_n.jpg?fit=1080%2C1080&quality=99&ssl=1 1.5x, https:\/\/i0.wp.com\/cts-chile.cl\/weblog\/wp-content\/uploads\/464164412_18097127356475580_6550552966082515967_n.jpg?fit=1080%2C1080&quality=99&ssl=1 2x, https:\/\/i0.wp.com\/cts-chile.cl\/weblog\/wp-content\/uploads\/464164412_18097127356475580_6550552966082515967_n.jpg?fit=1080%2C1080&quality=99&ssl=1 3x"},"classes":[]}],"_links":{"self":[{"href":"https:\/\/cts-chile.cl\/weblog\/wp-json\/wp\/v2\/posts\/2083","targetHints":{"allow":["GET"]}}],"collection":[{"href":"https:\/\/cts-chile.cl\/weblog\/wp-json\/wp\/v2\/posts"}],"about":[{"href":"https:\/\/cts-chile.cl\/weblog\/wp-json\/wp\/v2\/types\/post"}],"author":[{"embeddable":true,"href":"https:\/\/cts-chile.cl\/weblog\/wp-json\/wp\/v2\/users\/1"}],"replies":[{"embeddable":true,"href":"https:\/\/cts-chile.cl\/weblog\/wp-json\/wp\/v2\/comments?post=2083"}],"version-history":[{"count":0,"href":"https:\/\/cts-chile.cl\/weblog\/wp-json\/wp\/v2\/posts\/2083\/revisions"}],"wp:attachment":[{"href":"https:\/\/cts-chile.cl\/weblog\/wp-json\/wp\/v2\/media?parent=2083"}],"wp:term":[{"taxonomy":"category","embeddable":true,"href":"https:\/\/cts-chile.cl\/weblog\/wp-json\/wp\/v2\/categories?post=2083"},{"taxonomy":"post_tag","embeddable":true,"href":"https:\/\/cts-chile.cl\/weblog\/wp-json\/wp\/v2\/tags?post=2083"}],"curies":[{"name":"wp","href":"https:\/\/api.w.org\/{rel}","templated":true}]}}