{"id":2079,"date":"2017-08-03T00:12:12","date_gmt":"2017-08-02T21:12:12","guid":{"rendered":"http:\/\/www.cts-chile.cl\/?p=2079"},"modified":"2017-08-03T00:12:12","modified_gmt":"2017-08-02T21:12:12","slug":"convocatoria-conferencia-registrando-la-violencia-politica-tecnologias-usos-y-efectos","status":"publish","type":"post","link":"https:\/\/cts-chile.cl\/weblog\/2017\/08\/03\/convocatoria-conferencia-registrando-la-violencia-politica-tecnologias-usos-y-efectos\/","title":{"rendered":"Convocatoria Conferencia: Registrando la Violencia Pol\u00edtica: Tecnolog\u00edas, Usos Y Efectos"},"content":{"rendered":"<div>\n<p><b>CONVOCATORIA PARA LA PRESENTACI\u00d3N DE PONENCIAS Y EXHIBICIONES ART\u00cdSTICAS<\/b><\/p>\n<p>El Proyecto de investigaci\u00f3n\u00a0<a href=\"https:\/\/memoriayderechoshumanosuah.org\/tecnologias-politicas-de-la-memoria-3\/\" target=\"_blank\" rel=\"noopener noreferrer\" data-saferedirecturl=\"https:\/\/www.google.com\/url?hl=en-GB&amp;q=https:\/\/memoriayderechoshumanosuah.org\/tecnologias-politicas-de-la-memoria-3\/&amp;source=gmail&amp;ust=1501794199093000&amp;usg=AFQjCNF7ffsXlNkL7Osvvue1Qw8w9PPeCg\">\u201cTecnolog\u00edas Pol\u00edticas de la memoria: una genealog\u00eda de los dispositivos de registro y denuncia de las violaciones a los derechos humanos por la dictadura militar en Chile (1973-2013)\u201d<\/a>, de la Universidad Alberto Hurtado y el Programa Interdisciplinar de Memoria y Derechos Humanos de la misma universidad, invitan a la presentaci\u00f3n de ponencias para la conferencia internacional: \u201cRegistrando la Violencia Pol\u00edtica: Tecnolog\u00edas, Usos y Efectos\u201d.<\/p>\n<p>Esta conferencia analiza y eval\u00faa cr\u00edticamente diferentes experiencias p\u00fablicas y privadas de registro y denuncia de episodios contempor\u00e1neos de violencia pol\u00edtica masiva. Se abordar\u00e1n casos de sociedades afectadas por guerras, conflictos armados, represi\u00f3n estatal, genocidios, masacres y migraci\u00f3n forzada, desde el \u00e1ngulo del registro y las formas de comunicar estas atrocidades a la sociedad.<\/p>\n<p>Las propuestas de ponencias deber\u00e1n tratar -aunque no restringirse- a los siguientes temas:<\/p>\n<ul>\n<li>Violencia pol\u00edtica y el repertorio del terror<\/li>\n<li>Violencia pol\u00edtica y archivos de derechos humanos<\/li>\n<li>Violencia pol\u00edtica y v\u00edctimas<\/li>\n<li>Violencia pol\u00edtica y denuncia<\/li>\n<li>Violencia pol\u00edtica, vulnerabilidad y resistencia<\/li>\n<li>B\u00fasqueda de la verdad y registro de la violencia pol\u00edtica<\/li>\n<li>Registro de la violencia pol\u00edtica, disciplinas, tecnolog\u00edas y experticias<\/li>\n<li>Tecnolog\u00edas de verdad y producci\u00f3n de evidencia<\/li>\n<li>Prop\u00f3sitos, limitaciones y efectos de registrar la violencia pol\u00edtica<\/li>\n<li>Violencia pol\u00edtica, registro e investigaci\u00f3n (judicial, acad\u00e9mica, pol\u00edtica)<\/li>\n<li>Violencia pol\u00edtica, registro y pol\u00edticas sociales<\/li>\n<li>Violencia pol\u00edtica, identificaci\u00f3n de v\u00edctimas, calificaci\u00f3n y reparaci\u00f3n<\/li>\n<li>Violencia pol\u00edtica, memoria y memorializaci\u00f3n<\/li>\n<li>Arte, registro y violencia pol\u00edtica<\/li>\n<\/ul>\n<p>Asimismo, se invita a\u00a0<b>artistas, activistas, acad\u00e9micos, dise\u00f1adores<\/b>\u00a0a enviar\u00a0<b>propuestas de exhibici\u00f3n de obras visuales o audiovisuales (de corta duraci\u00f3n)<\/b>, relacionadas con el tema central de la conferencia<\/p>\n<p><b>Conferencistas internacionales:<\/b><\/p>\n<p><a href=\"https:\/\/memoriayderechoshumanosuah.org\/conferencistas-internacionales\/\" target=\"_blank\" rel=\"noopener noreferrer\" data-saferedirecturl=\"https:\/\/www.google.com\/url?hl=en-GB&amp;q=https:\/\/memoriayderechoshumanosuah.org\/conferencistas-internacionales\/&amp;source=gmail&amp;ust=1501794199094000&amp;usg=AFQjCNGnnMkE7Do83G5HP5t9OxrqFgtGVw\">Vikki Bell, Goldsmiths College, Universidad de Londres<\/a><\/p>\n<p><a href=\"https:\/\/memoriayderechoshumanosuah.org\/conferencistas-internacionales\/\" target=\"_blank\" rel=\"noopener noreferrer\" data-saferedirecturl=\"https:\/\/www.google.com\/url?hl=en-GB&amp;q=https:\/\/memoriayderechoshumanosuah.org\/conferencistas-internacionales\/&amp;source=gmail&amp;ust=1501794199094000&amp;usg=AFQjCNGnnMkE7Do83G5HP5t9OxrqFgtGVw\">B\u00e9atrice Fraenkel, Escuela de Altos Estudios en Ciencias Sociales, Francia<\/a><\/p>\n<p><b>FECHAS Y PLAZOS<\/b><\/p>\n<p>-Presentaci\u00f3n de res\u00famenes de ponencias:\u00a0<b>Hasta el 10 de octubre de 2017<\/b><\/p>\n<p>-Presentaci\u00f3n de trabajos art\u00edsticos:\u00a0<b>Hasta el 10 de octubre de 2017<\/b><\/p>\n<p><b>INFORMACI\u00d3N Y CONTACTO<\/b><br \/>\n<a href=\"mailto:tecnologiaspoliticasuah@gmail.com\" target=\"_blank\" rel=\"noopener noreferrer\">tecnologiaspoliticasuah@gmail.<wbr \/>com<\/a><\/p>\n<\/div>\n<div><\/div>\n<div><\/div>\n","protected":false},"excerpt":{"rendered":"<p>CONVOCATORIA PARA LA PRESENTACI\u00d3N DE PONENCIAS Y EXHIBICIONES ART\u00cdSTICAS El Proyecto de investigaci\u00f3n\u00a0\u201cTecnolog\u00edas Pol\u00edticas de la memoria: una genealog\u00eda de los dispositivos de registro y denuncia de las violaciones a los derechos humanos por la dictadura militar en Chile (1973-2013)\u201d, de la Universidad Alberto Hurtado y el Programa Interdisciplinar de Memoria y Derechos Humanos de<\/p>\n","protected":false},"author":1,"featured_media":2080,"comment_status":"open","ping_status":"closed","sticky":false,"template":"","format":"standard","meta":{"jetpack_post_was_ever_published":false,"_jetpack_newsletter_access":"","_jetpack_dont_email_post_to_subs":false,"_jetpack_newsletter_tier_id":0,"_jetpack_memberships_contains_paywalled_content":false,"_jetpack_memberships_contains_paid_content":false,"footnotes":"","jetpack_publicize_message":"","jetpack_publicize_feature_enabled":true,"jetpack_social_post_already_shared":true,"jetpack_social_options":{"image_generator_settings":{"template":"highway","default_image_id":0,"font":"","enabled":false},"version":2}},"categories":[26],"tags":[],"class_list":["post-2079","post","type-post","status-publish","format-standard","has-post-thumbnail","hentry","category-convocatorias"],"jetpack_publicize_connections":[],"jetpack_featured_media_url":"","jetpack_sharing_enabled":true,"jetpack-related-posts":[{"id":2444,"url":"https:\/\/cts-chile.cl\/weblog\/2018\/11\/20\/amplia-plazo-de-propuestas-de-ejes-tematicos-hasta-el-07-de-dic\/","url_meta":{"origin":2079,"position":0},"title":"Hasta el 7 de diciembre se reciben ponencias a las Mesas Tem\u00e1ticas","author":"admin","date":"Noviembre 20, 2018","format":false,"excerpt":"La comisi\u00f3n organizadora del VI Encuentro CTS:\u00a0\u201cInfraestructuras, Temporalidades y Espacialidades: creaciones, tensiones y continuidades\u201d, tiene al agrado de informarles que la presentaci\u00f3n de ponencias ser\u00e1 hasta el 07 de diciembre de 2018. Mesas Tem\u00e1ticas MESA 1 - \"Activismos, espacialidad y CTS desde una perspectiva de g\u00e9nero\" MESA 2 - \"CTS\u2026","rel":"","context":"En &quot;Convocatorias&quot;","block_context":{"text":"Convocatorias","link":"https:\/\/cts-chile.cl\/weblog\/category\/convocatorias\/"},"img":{"alt_text":"","src":"","width":0,"height":0},"classes":[]},{"id":107,"url":"https:\/\/cts-chile.cl\/weblog\/2019\/05\/13\/encuentrocts2020\/","url_meta":{"origin":2079,"position":1},"title":"VII Encuentro Anual de la Red CTS-Chile, enero 2020","author":"admin","date":"Mayo 13, 2019","format":false,"excerpt":"Convocatoria Alteridad. Del lat\u00edn alteritas, literalmente \u201ccualidad de ser otro\u201d, o estado de ser radicalmente ajeno al yo consciente o a una orientaci\u00f3n cultural particular. Cualidad de no ser igual; ser distinto o diferente de lo que de otra manera se experimenta o conoce. Desastres ecol\u00f3gicos a escala planetaria. Fragmentaci\u00f3n\u2026","rel":"","context":"En &quot;Encuentros&quot;","block_context":{"text":"Encuentros","link":"https:\/\/cts-chile.cl\/weblog\/category\/encuentros\/"},"img":{"alt_text":"","src":"","width":0,"height":0},"classes":[]},{"id":2497,"url":"https:\/\/cts-chile.cl\/weblog\/2019\/01\/10\/programa-vi-encuentro-osorno-2019\/","url_meta":{"origin":2079,"position":2},"title":"Revisa el Programa (ampliado) del VI Encuentro &#8211; Osorno, 2019","author":"admin","date":"Enero 10, 2019","format":false,"excerpt":"Presentamos el programa de actividades del VI Encuentro de la Red CTS-Chile 2019, en donde se especifican las nueve mesas de trabajo que se han constituido en esta ocasi\u00f3n, as\u00ed como sus diferentes encargados, l\u00edneas de trabajo y ponencias recibidas. Este a\u00f1o las mesas de trabajo son: \u201cEns\u00e1mblate como puedas!\u2026","rel":"","context":"En &quot;Convocatorias&quot;","block_context":{"text":"Convocatorias","link":"https:\/\/cts-chile.cl\/weblog\/category\/convocatorias\/"},"img":{"alt_text":"","src":"","width":0,"height":0},"classes":[]},{"id":856,"url":"https:\/\/cts-chile.cl\/weblog\/2015\/10\/29\/nuevo-plazo-para-el-envio-de-ponencias\/","url_meta":{"origin":2079,"position":3},"title":"Coloquio Interdisciplinar DES-Hechos.","author":"admin","date":"Octubre 29, 2015","format":"image","excerpt":"El Departamento de Humanidades de la Universidad T\u00e9cnica Federico Santa Mar\u00eda, junto al Departamento de Ingenier\u00eda Industrial y el Instituto de Estudios Avanzados, de la Universidad de Santiago de Chile, organizan el Coloquio Interdisciplinar DES-Hechos, lo que no se ve de lo tecnol\u00f3gico como desaf\u00edo; queriendo DESvelar el impacto del\u2026","rel":"","context":"En &quot;Convocatorias&quot;","block_context":{"text":"Convocatorias","link":"https:\/\/cts-chile.cl\/weblog\/category\/convocatorias\/"},"img":{"alt_text":"Deshechos","src":"http:\/\/cts-chile.cl\/wp-content\/uploads\/2014\/09\/cropped-Photo-Jun-07-11-31-45-AM.jpg","width":320,"height":0},"classes":[]},{"id":2157,"url":"https:\/\/cts-chile.cl\/weblog\/2017\/11\/01\/se-extiende-plazo-para-el-envio-de-ponencias-al-v-encuentro-cts-chile-2018\/","url_meta":{"origin":2079,"position":4},"title":"Se extiende plazo para el env\u00edo de ponencias al V Encuentro CTS-Chile 2018","author":"admin","date":"Noviembre 1, 2017","format":false,"excerpt":"Nuevo plazo de recepci\u00f3n de res\u00famenes y propuestas de paneles se extiende hasta el\u00a022 DE NOVIEMBRE. A la fecha,\u00a0se han recibido propuestas desde Colombia, Per\u00fa, Brasil, Argentina,\u00a0Inglaterra y Chile.\u00a0Quienes no han enviado a\u00fan sus res\u00famenes, podr\u00e1n hacerlo hasta\u00a0el pr\u00f3ximo 22 de noviembre. Todas las propuestas deben ser\u00a0ingresadas a trav\u00e9s del\u2026","rel":"","context":"En &quot;Eventos&quot;","block_context":{"text":"Eventos","link":"https:\/\/cts-chile.cl\/weblog\/category\/events\/"},"img":{"alt_text":"","src":"","width":0,"height":0},"classes":[]},{"id":2581,"url":"https:\/\/cts-chile.cl\/weblog\/2016\/01\/17\/call-for-papers-revue-danthropologie-des-connaissances-rac-y-fronteras-iii-encuentro-cts-chile\/","url_meta":{"origin":2079,"position":5},"title":"Call for Papers &#8211; Revue d&#8217;anthropologie des connaissances (RAC) y Fronteras, III Encuentro CTS-Chile","author":"admin","date":"Enero 17, 2016","format":false,"excerpt":"CONVOCATORIA CERRADA EL 20 DE ENERO . Revue d'Anthropologie des Connaissances (RAC) Revue d'anthropologie des connaissances (RAC) Quienes deseen postular su ponencia a la publicaci\u00f3n del n\u00famero especial de la revista Anthropologie des Connaissances (RAC), les recordamos que esperamos sus ponencias para el 20\u00a0de enero [nueva fecha], en versi\u00f3n castellano\u2026","rel":"","context":"En &quot;Convocatorias&quot;","block_context":{"text":"Convocatorias","link":"https:\/\/cts-chile.cl\/weblog\/category\/convocatorias\/"},"img":{"alt_text":"Screen Shot 2016-01-17 at 17.06.36","src":"http:\/\/cts-chile.cl\/wp-content\/uploads\/2014\/09\/cropped-Photo-Jun-07-11-31-45-AM.jpg","width":320,"height":0,"srcset":"http:\/\/cts-chile.cl\/wp-content\/uploads\/2014\/09\/cropped-Photo-Jun-07-11-31-45-AM.jpg 1x, http:\/\/cts-chile.cl\/wp-content\/uploads\/2014\/09\/cropped-Photo-Jun-07-11-31-45-AM.jpg 1.5x, http:\/\/cts-chile.cl\/wp-content\/uploads\/2014\/09\/cropped-Photo-Jun-07-11-31-45-AM.jpg 2x"},"classes":[]}],"_links":{"self":[{"href":"https:\/\/cts-chile.cl\/weblog\/wp-json\/wp\/v2\/posts\/2079","targetHints":{"allow":["GET"]}}],"collection":[{"href":"https:\/\/cts-chile.cl\/weblog\/wp-json\/wp\/v2\/posts"}],"about":[{"href":"https:\/\/cts-chile.cl\/weblog\/wp-json\/wp\/v2\/types\/post"}],"author":[{"embeddable":true,"href":"https:\/\/cts-chile.cl\/weblog\/wp-json\/wp\/v2\/users\/1"}],"replies":[{"embeddable":true,"href":"https:\/\/cts-chile.cl\/weblog\/wp-json\/wp\/v2\/comments?post=2079"}],"version-history":[{"count":0,"href":"https:\/\/cts-chile.cl\/weblog\/wp-json\/wp\/v2\/posts\/2079\/revisions"}],"wp:featuredmedia":[{"embeddable":true,"href":"https:\/\/cts-chile.cl\/weblog\/wp-json\/"}],"wp:attachment":[{"href":"https:\/\/cts-chile.cl\/weblog\/wp-json\/wp\/v2\/media?parent=2079"}],"wp:term":[{"taxonomy":"category","embeddable":true,"href":"https:\/\/cts-chile.cl\/weblog\/wp-json\/wp\/v2\/categories?post=2079"},{"taxonomy":"post_tag","embeddable":true,"href":"https:\/\/cts-chile.cl\/weblog\/wp-json\/wp\/v2\/tags?post=2079"}],"curies":[{"name":"wp","href":"https:\/\/api.w.org\/{rel}","templated":true}]}}