{"id":2068,"date":"2017-07-31T18:18:03","date_gmt":"2017-07-31T15:18:03","guid":{"rendered":"http:\/\/www.cts-chile.cl\/?p=2068"},"modified":"2017-07-31T18:18:03","modified_gmt":"2017-07-31T15:18:03","slug":"comite-organizador-define-temas-para-el-encuentro-cts-chile-2018","status":"publish","type":"post","link":"https:\/\/cts-chile.cl\/weblog\/2017\/07\/31\/comite-organizador-define-temas-para-el-encuentro-cts-chile-2018\/","title":{"rendered":"Comit\u00e9 organizador propone temas para el Encuentro CTS-Chile 2018"},"content":{"rendered":"<p style=\"text-align: center;\"><em>El pasado viernes 07 de julio en dependencias de la Universidad Cat\u00f3lica del Maule (UCM), en Curic\u00f3 se desarroll\u00f3 la segunda reuni\u00f3n de preparaci\u00f3n del pr\u00f3ximo encuentro de la Red CTS \u2013 Chile a realizarse entre el 17 y 19 enero de 2018, en dicha casa de estudios.<\/em><\/p>\n<p>En la oportunidad se trabaj\u00f3 en las tem\u00e1ticas que buscar\u00e1n relevar discusiones en torno a comunicaci\u00f3n, sustentabilidad y ruralidad, a partir de las combinaciones y rupturas propiciadas por contextos tecnol\u00f3gicos diversos. El t\u00edtulo propuesto fue \u201c<strong>Surcar campos tecnol\u00f3gicos: rupturas y amalgamas en torno a sustentabilidad y ruralidad\u201d.<\/strong><\/p>\n<p>Este encuentro contar\u00e1 con una visita al Cerro Niche donde se conocer\u00e1 el patrimonio hist\u00f3rico y ambiental que cobija el cerro Condell en Curic\u00f3 y la segunda ser\u00e1 al Centro Demostrativo ubicado en Los Niches, que pretende continuar con lo realizado en el IV Encuentro realizado en Valdivia, como un espacio para articular el quehacer de las organizaciones comunitarias y la universidad, con el objeto de preservar tecnolog\u00edas tradicionales y promover la sustentabilidad.<\/p>\n<p>Por ello, el comit\u00e9 organizador recibi\u00f3 sugerencias y comentarios a la propuesta del V Encuentro Red CTS Chile, hasta 28 de julio del presente a\u00f1o y que est\u00e1n siendo revisadas.<\/p>\n<p>Los ejes tem\u00e1ticos propuestos son<\/p>\n<ol>\n<li>Avances tecnol\u00f3gicos e impactos socioterritoriales<\/li>\n<li>Apropiaci\u00f3n social de tecnolog\u00eda y vida cotidiana<\/li>\n<li>Educaci\u00f3n, identidad \u00a0e innovaci\u00f3n<\/li>\n<li>G\u00e9nero, diversidad y tecnolog\u00eda<\/li>\n<li>Desigualdad urbano\/rural y desarrollo social e institucional<\/li>\n<li>Sustentabilidad y comunicaci\u00f3n de CyT<\/li>\n<\/ol>\n<p>Es importante se\u00f1alar que la convocatoria para presentaci\u00f3n de propuestas se abrir\u00e1 en agosto pr\u00f3ximo y permanecer\u00e1 abierta hasta el 31 de octubre.<\/p>\n<p>&nbsp;<\/p>\n<p>&nbsp;<\/p>\n","protected":false},"excerpt":{"rendered":"<p>El pasado viernes 07 de julio en dependencias de la Universidad Cat\u00f3lica del Maule (UCM), en Curic\u00f3 se desarroll\u00f3 la segunda reuni\u00f3n de preparaci\u00f3n del pr\u00f3ximo encuentro de la Red CTS \u2013 Chile a realizarse entre el 17 y 19 enero de 2018, en dicha casa de estudios. En la oportunidad se trabaj\u00f3 en las<\/p>\n","protected":false},"author":1,"featured_media":2069,"comment_status":"open","ping_status":"closed","sticky":false,"template":"","format":"standard","meta":{"jetpack_post_was_ever_published":false,"_jetpack_newsletter_access":"","_jetpack_dont_email_post_to_subs":false,"_jetpack_newsletter_tier_id":0,"_jetpack_memberships_contains_paywalled_content":false,"_jetpack_memberships_contains_paid_content":false,"footnotes":"","jetpack_publicize_message":"","jetpack_publicize_feature_enabled":true,"jetpack_social_post_already_shared":true,"jetpack_social_options":{"image_generator_settings":{"template":"highway","default_image_id":0,"font":"","enabled":false},"version":2}},"categories":[5],"tags":[80,81],"class_list":["post-2068","post","type-post","status-publish","format-standard","has-post-thumbnail","hentry","category-events","tag-curico","tag-v-cts-chile"],"jetpack_publicize_connections":[],"jetpack_featured_media_url":"","jetpack_sharing_enabled":true,"jetpack-related-posts":[{"id":2129,"url":"https:\/\/cts-chile.cl\/weblog\/2017\/10\/25\/participa-del-v-encuentro-cts-chile\/","url_meta":{"origin":2068,"position":0},"title":"Participa del V Encuentro CTS- Chile, Curic\u00f3 2018","author":"admin","date":"Octubre 25, 2017","format":false,"excerpt":"La Universidad Cat\u00f3lica del Maule, campus Nuestra Sra. Del Carmen, ser\u00e1 la sede del V Encuentro de la Red Chilena de Ciencia, Tecnolog\u00eda y Sociedad CTS-Chile, que se desarrollar\u00e1 entre el 17 y 19 de enero del 2018. El encuentro, titulado \"Surcar campos tecnol\u00f3gicos: rupturas y amalgamas en torno a\u2026","rel":"","context":"En &quot;Eventos&quot;","block_context":{"text":"Eventos","link":"https:\/\/cts-chile.cl\/weblog\/category\/events\/"},"img":{"alt_text":"","src":"http:\/\/www.cts-chile.cl\/wp-content\/uploads\/2017\/10\/recorrido-cerro-300x174.png","width":320,"height":0},"classes":[]},{"id":2157,"url":"https:\/\/cts-chile.cl\/weblog\/2017\/11\/01\/se-extiende-plazo-para-el-envio-de-ponencias-al-v-encuentro-cts-chile-2018\/","url_meta":{"origin":2068,"position":1},"title":"Se extiende plazo para el env\u00edo de ponencias al V Encuentro CTS-Chile 2018","author":"admin","date":"Noviembre 1, 2017","format":false,"excerpt":"Nuevo plazo de recepci\u00f3n de res\u00famenes y propuestas de paneles se extiende hasta el\u00a022 DE NOVIEMBRE. A la fecha,\u00a0se han recibido propuestas desde Colombia, Per\u00fa, Brasil, Argentina,\u00a0Inglaterra y Chile.\u00a0Quienes no han enviado a\u00fan sus res\u00famenes, podr\u00e1n hacerlo hasta\u00a0el pr\u00f3ximo 22 de noviembre. Todas las propuestas deben ser\u00a0ingresadas a trav\u00e9s del\u2026","rel":"","context":"En &quot;Eventos&quot;","block_context":{"text":"Eventos","link":"https:\/\/cts-chile.cl\/weblog\/category\/events\/"},"img":{"alt_text":"","src":"","width":0,"height":0},"classes":[]},{"id":2115,"url":"https:\/\/cts-chile.cl\/weblog\/2017\/10\/21\/programa-de-encuentro-cts-chile-2018-incluye-visitas-a-proyectos-locales-que-promueven-el-desarrollo-sustentable\/","url_meta":{"origin":2068,"position":2},"title":"Programa de Encuentro CTS-Chile 2018 incluye visitas a proyectos locales que promueven el desarrollo sustentable","author":"admin","date":"Octubre 21, 2017","format":false,"excerpt":"\u201cRecorrido hist\u00f3rico-biol\u00f3gico por el cerro isla Carlos Condell\u201d (17 de enero) \u201cVisita al Centro Demostrativo FOSIS-UCM: Habitar rural\u201d (18 de enero) Con el prop\u00f3sito de conocer y vivenciar proyectos locales que hoy promueven el desarrollo sustentable y preservaci\u00f3n de la identidad local, la V versi\u00f3n del Encuentro CTS-Chile incluye un\u2026","rel":"","context":"En &quot;Eventos&quot;","block_context":{"text":"Eventos","link":"https:\/\/cts-chile.cl\/weblog\/category\/events\/"},"img":{"alt_text":"","src":"http:\/\/www.cts-chile.cl\/wp-content\/uploads\/2017\/10\/DSC08312-300x200.jpg","width":320,"height":0},"classes":[]},{"id":2195,"url":"https:\/\/cts-chile.cl\/weblog\/2018\/01\/04\/todos-invitados-a-registrarse-para-el-v-encuentro-cts-chile\/","url_meta":{"origin":2068,"position":3},"title":"V Encuentro CTS-Chile en Curic\u00f3","author":"admin","date":"Enero 4, 2018","format":false,"excerpt":"El V Encuentro CTS- Chile realizado en Curic\u00f3, en la Universidad Cat\u00f3lica del Maule. Curic\u00f3, que en mapudungun significa \u201cAguas Negras\u201d, fundada en 1743, por el gobernador Jos\u00e9 Antonio Manso de Velasco, atendiendo a la pol\u00edtica de fundar villas y ciudades, que los borbones desde Espa\u00f1a hab\u00edan estipulado. Desde sus\u2026","rel":"","context":"En &quot;Convocatorias&quot;","block_context":{"text":"Convocatorias","link":"https:\/\/cts-chile.cl\/weblog\/category\/convocatorias\/"},"img":{"alt_text":"","src":"","width":0,"height":0},"classes":[]},{"id":1993,"url":"https:\/\/cts-chile.cl\/weblog\/2017\/06\/22\/curico-sera-anfitrion-del-v-encuentro-cts-chile\/","url_meta":{"origin":2068,"position":4},"title":"Curic\u00f3 ser\u00e1 anfitri\u00f3n del V Encuentro CTS-Chile","author":"admin","date":"Junio 22, 2017","format":false,"excerpt":"Ya comenzaron los preparativos del V Encuentro de la Red Chilena de Ciencia, Tecnolog\u00eda y Sociedad CTS-Chile, que se desarrollar\u00e1 en la Universidad Cat\u00f3lica del Maule (UCM), en su Sede Curic\u00f3, los pr\u00f3ximos 17, 18 y 19 de enero del 2018. \"Esta propuesta surge en el marco de dar mayor\u2026","rel":"","context":"En &quot;Eventos&quot;","block_context":{"text":"Eventos","link":"https:\/\/cts-chile.cl\/weblog\/category\/events\/"},"img":{"alt_text":"","src":"","width":0,"height":0},"classes":[]},{"id":2092,"url":"https:\/\/cts-chile.cl\/weblog\/2017\/09\/01\/ya-estan-disponibles-los-ejes-tematicos-de-v-encuentro-red-cts-chile\/","url_meta":{"origin":2068,"position":5},"title":"Ya est\u00e1n disponibles los ejes tem\u00e1ticos de V Encuentro Red CTS-Chile","author":"admin","date":"Septiembre 1, 2017","format":false,"excerpt":"Les invitamos a presentar propuestas de ponencias y\/o paneles para nuestro V Encuentro titulado \u201cSurcar campos tecnol\u00f3gicos: rupturas y amalgamas en torno a los trazos territoriales\u201d, que tendr\u00e1 lugar los d\u00edas 17 a 19 de enero de 2018 . Ejes tem\u00e1ticos: Avances tecnol\u00f3gicos e impactos socioterritoriales Apropiaci\u00f3n social de tecnolog\u00eda\u2026","rel":"","context":"En &quot;Convocatorias&quot;","block_context":{"text":"Convocatorias","link":"https:\/\/cts-chile.cl\/weblog\/category\/convocatorias\/"},"img":{"alt_text":"","src":"","width":0,"height":0},"classes":[]}],"_links":{"self":[{"href":"https:\/\/cts-chile.cl\/weblog\/wp-json\/wp\/v2\/posts\/2068","targetHints":{"allow":["GET"]}}],"collection":[{"href":"https:\/\/cts-chile.cl\/weblog\/wp-json\/wp\/v2\/posts"}],"about":[{"href":"https:\/\/cts-chile.cl\/weblog\/wp-json\/wp\/v2\/types\/post"}],"author":[{"embeddable":true,"href":"https:\/\/cts-chile.cl\/weblog\/wp-json\/wp\/v2\/users\/1"}],"replies":[{"embeddable":true,"href":"https:\/\/cts-chile.cl\/weblog\/wp-json\/wp\/v2\/comments?post=2068"}],"version-history":[{"count":0,"href":"https:\/\/cts-chile.cl\/weblog\/wp-json\/wp\/v2\/posts\/2068\/revisions"}],"wp:featuredmedia":[{"embeddable":true,"href":"https:\/\/cts-chile.cl\/weblog\/wp-json\/"}],"wp:attachment":[{"href":"https:\/\/cts-chile.cl\/weblog\/wp-json\/wp\/v2\/media?parent=2068"}],"wp:term":[{"taxonomy":"category","embeddable":true,"href":"https:\/\/cts-chile.cl\/weblog\/wp-json\/wp\/v2\/categories?post=2068"},{"taxonomy":"post_tag","embeddable":true,"href":"https:\/\/cts-chile.cl\/weblog\/wp-json\/wp\/v2\/tags?post=2068"}],"curies":[{"name":"wp","href":"https:\/\/api.w.org\/{rel}","templated":true}]}}