{"id":2020,"date":"2017-06-23T04:59:29","date_gmt":"2017-06-23T01:59:29","guid":{"rendered":"http:\/\/www.cts-chile.cl\/?p=2020"},"modified":"2017-06-23T04:59:29","modified_gmt":"2017-06-23T01:59:29","slug":"invitacion-al-simposio-objetos-poderosos","status":"publish","type":"post","link":"https:\/\/cts-chile.cl\/weblog\/2017\/06\/23\/invitacion-al-simposio-objetos-poderosos\/","title":{"rendered":"Invitaci\u00f3n al Simposio &#8220;Objetos Poderosos&#8221;"},"content":{"rendered":"<div>Organizado por estudiantes del mag\u00edster en Antropolog\u00eda Sociocultural de la Universidad de Chile, y que se realizar\u00e1 el d\u00eda 30 de noviembre de este a\u00f1o.<\/div>\n<div><a href=\"https:\/\/materialidadypolitica.wordpress.com\/\">Sitio Simposio<\/a><\/div>\n<div><\/div>\n<div>Para cualquier pregunta contactarse con Ricardo Labra\u00a0(<a href=\"mailto:ricardo.labram@gmail.com\" target=\"_blank\" rel=\"noopener noreferrer\">ricardo.labram@gmail.com<\/a>).<\/div>\n","protected":false},"excerpt":{"rendered":"<p>Organizado por estudiantes del mag\u00edster en Antropolog\u00eda Sociocultural de la Universidad de Chile, y que se realizar\u00e1 el d\u00eda 30 de noviembre de este a\u00f1o. Sitio Simposio Para cualquier pregunta contactarse con Ricardo Labra\u00a0(ricardo.labram@gmail.com).<\/p>\n","protected":false},"author":1,"featured_media":2021,"comment_status":"open","ping_status":"closed","sticky":false,"template":"","format":"standard","meta":{"jetpack_post_was_ever_published":false,"_jetpack_newsletter_access":"","_jetpack_dont_email_post_to_subs":false,"_jetpack_newsletter_tier_id":0,"_jetpack_memberships_contains_paywalled_content":false,"_jetpack_memberships_contains_paid_content":false,"footnotes":"","jetpack_publicize_message":"","jetpack_publicize_feature_enabled":true,"jetpack_social_post_already_shared":true,"jetpack_social_options":{"image_generator_settings":{"template":"highway","default_image_id":0,"font":"","enabled":false},"version":2}},"categories":[5],"tags":[],"class_list":["post-2020","post","type-post","status-publish","format-standard","has-post-thumbnail","hentry","category-events"],"jetpack_publicize_connections":[],"jetpack_featured_media_url":"","jetpack_sharing_enabled":true,"jetpack-related-posts":[{"id":2076,"url":"https:\/\/cts-chile.cl\/weblog\/2017\/08\/03\/v-simposio-de-la-red-latinoamericana-de-estudios-sobre-vigilancia-tecnologia-y-sociedad-lavits\/","url_meta":{"origin":2020,"position":0},"title":"V Simposio de la Red Latinoamericana de Estudios sobre Vigilancia, Tecnolog\u00eda  y Sociedad &#8211; LAVITS","author":"admin","date":"Agosto 3, 2017","format":false,"excerpt":"Desde el \u00a0Instituto de la Comunicaci\u00f3n e Imagen - ICEI\u00a0de la Universidad de Chile y la\u00a0Fundaci\u00f3n Datos Protegidos\u00a0se invita a presentar propuestas al V Simposio de la\u00a0Red Latinoamericana de Estudios sobre Vigilancia, Tecnolog\u00eda \u00a0y Sociedad -\u00a0LAVITS\u00a0\u00a0que estaremos realizando El tema de este a\u00f1o es \" Vigilancia, Democracia y Privacidad en\u2026","rel":"","context":"En &quot;Convocatorias&quot;","block_context":{"text":"Convocatorias","link":"https:\/\/cts-chile.cl\/weblog\/category\/convocatorias\/"},"img":{"alt_text":"","src":"","width":0,"height":0},"classes":[]},{"id":2278,"url":"https:\/\/cts-chile.cl\/weblog\/2018\/03\/28\/v-encuentro-internacional-ciencias-sociales-y-represas-vence-plazo-envio-simposio-2-abril-y-mesas-redondas-16-abril\/","url_meta":{"origin":2020,"position":1},"title":"V ENCUENTRO INTERNACIONAL CIENCIAS SOCIALES y REPRESAS Vence PLAZO env\u00edo Simposio (2 Abril) y Mesas Redondas (16 Abril)","author":"admin","date":"Marzo 28, 2018","format":false,"excerpt":"SITIO WEB La Universidad de Santiago de Chile les da las m\u00e1s cordial bienvenida al\u00a0V Encuentro Internacional de Ciencias Sociales y Represas \"Medio Ambiente, Represas y Cultura\", iniciativa que se realizar\u00e1 en la ciudad de Santiago de Chile entre los d\u00edas\u00a026 y 29 de Septiembre del 2018.\u00a0 El Instituto de\u2026","rel":"","context":"En &quot;Eventos&quot;","block_context":{"text":"Eventos","link":"https:\/\/cts-chile.cl\/weblog\/category\/events\/"},"img":{"alt_text":"","src":"http:\/\/www.cts-chile.cl\/wp-content\/uploads\/2018\/03\/Slide1-300x225.jpg","width":320,"height":0},"classes":[]}],"_links":{"self":[{"href":"https:\/\/cts-chile.cl\/weblog\/wp-json\/wp\/v2\/posts\/2020","targetHints":{"allow":["GET"]}}],"collection":[{"href":"https:\/\/cts-chile.cl\/weblog\/wp-json\/wp\/v2\/posts"}],"about":[{"href":"https:\/\/cts-chile.cl\/weblog\/wp-json\/wp\/v2\/types\/post"}],"author":[{"embeddable":true,"href":"https:\/\/cts-chile.cl\/weblog\/wp-json\/wp\/v2\/users\/1"}],"replies":[{"embeddable":true,"href":"https:\/\/cts-chile.cl\/weblog\/wp-json\/wp\/v2\/comments?post=2020"}],"version-history":[{"count":0,"href":"https:\/\/cts-chile.cl\/weblog\/wp-json\/wp\/v2\/posts\/2020\/revisions"}],"wp:featuredmedia":[{"embeddable":true,"href":"https:\/\/cts-chile.cl\/weblog\/wp-json\/"}],"wp:attachment":[{"href":"https:\/\/cts-chile.cl\/weblog\/wp-json\/wp\/v2\/media?parent=2020"}],"wp:term":[{"taxonomy":"category","embeddable":true,"href":"https:\/\/cts-chile.cl\/weblog\/wp-json\/wp\/v2\/categories?post=2020"},{"taxonomy":"post_tag","embeddable":true,"href":"https:\/\/cts-chile.cl\/weblog\/wp-json\/wp\/v2\/tags?post=2020"}],"curies":[{"name":"wp","href":"https:\/\/api.w.org\/{rel}","templated":true}]}}