{"id":2017,"date":"2017-06-23T04:49:23","date_gmt":"2017-06-23T01:49:23","guid":{"rendered":"http:\/\/www.cts-chile.cl\/?p=2017"},"modified":"2017-06-23T04:49:23","modified_gmt":"2017-06-23T01:49:23","slug":"llamado-a-contribuciones-para-la-conferencia-internacional-anual-de-coes","status":"publish","type":"post","link":"https:\/\/cts-chile.cl\/weblog\/2017\/06\/23\/llamado-a-contribuciones-para-la-conferencia-internacional-anual-de-coes\/","title":{"rendered":"Llamado a contribuciones para la conferencia internacional anual de COES"},"content":{"rendered":"<blockquote>\n<div>\n<div dir=\"ltr\">\n<div class=\"gmail_quote\">\n<div><center><\/p>\n<table id=\"m_3642753648527700781bodyTable\" border=\"0\" width=\"100%\" cellspacing=\"0\" cellpadding=\"0\" align=\"center\">\n<tbody>\n<tr>\n<td id=\"m_3642753648527700781bodyCell\" align=\"center\" valign=\"top\">\n<table class=\"m_3642753648527700781templateContainer\" border=\"0\" width=\"100%\" cellspacing=\"0\" cellpadding=\"0\">\n<tbody>\n<tr>\n<td id=\"m_3642753648527700781templateHeader\" valign=\"top\">\n<table class=\"m_3642753648527700781mcnTextBlock\" border=\"0\" width=\"100%\" cellspacing=\"0\" cellpadding=\"0\">\n<tbody class=\"m_3642753648527700781mcnTextBlockOuter\">\n<tr>\n<td class=\"m_3642753648527700781mcnTextBlockInner\" valign=\"top\">\n<table class=\"m_3642753648527700781mcnTextContentContainer\" border=\"0\" width=\"100%\" cellspacing=\"0\" cellpadding=\"0\" align=\"left\">\n<tbody>\n<tr>\n<td class=\"m_3642753648527700781mcnTextContent\" valign=\"top\"><a href=\"http:\/\/www.coes-conference.cl\/llamado-a-publicaciones-convocatoria-conferencia-anual-coes-2017\/?utm_source=COES+ACTIVOS&amp;utm_campaign=b6fc2dda6f-EMAIL_CAMPAIGN_2016_11_25&amp;utm_medium=email&amp;utm_term=0_5785cecc6e-b6fc2dda6f-247158897\">Llamado a publicaciones \/ Call for papers<\/a><\/p>\n<p>Conferencia Anual COES 2017<br \/>\nV\u00ednculos sociales y Ciudadan\u00eda: Interacciones y cohesi\u00f3n social<\/p>\n<p><strong>9 y 10 noviembre<br \/>\nVi\u00f1a del Mar, Chile<\/strong><\/p>\n<p>En Chile y Latinoam\u00e9rica existen brechas espaciales y socioecon\u00f3micas que operan como fronteras de segregaci\u00f3n, limitando las experiencias de interacci\u00f3n entre diferentes grupos de la sociedad. Esto genera tensiones sociales y procesos de reproducci\u00f3n de desigualdades, de capitales, oportunidades y expectativas de vida. La conferencia COES 2017 invita a presentar y discutir investigaci\u00f3n disciplinaria e interdisciplinaria, que d\u00e9 cuenta del importante rol que juegan la socializaci\u00f3n pol\u00edtica, la participaci\u00f3n, la interacci\u00f3n interpersonal, la formaci\u00f3n de redes sociales, los v\u00ednculos con otros y las percepciones y juicios sobre la sociedad en el fortalecimiento y reinvenci\u00f3n de la cohesi\u00f3n social.<\/p>\n<p>Cuatro ejes articulan la conferencia:<\/p>\n<ul>\n<li>Ciudadan\u00eda y Participaci\u00f3n<\/li>\n<li>Redes e Interacciones Sociales<\/li>\n<li>Sujeto e identidad<\/li>\n<li>Justicia Social y Desigualdades<\/li>\n<\/ul>\n<p>Tipos de convocatorias<br \/>\nLa conferencia COES 2017 recibe tres tipos de postulaciones:\u00a0<strong>presentaciones orales individuales, paneles y p\u00f3sters acad\u00e9micos<\/strong>\u00a0(todas deben hacerse a trav\u00e9s del formulario de postulaci\u00f3n en l\u00ednea).<\/p>\n<p>Plazos y env\u00edo de publicaciones<br \/>\nEl plazo para el env\u00edo de postulaciones es el <strong>30 de junio de 2017 <\/strong>y llevarse a cabo en l\u00ednea a trav\u00e9s de los <strong>formularios<\/strong> disponibles en el sitio web.<\/p>\n<p>Los resultados ser\u00e1n comunicados el <strong>31 de julio de 2017<\/strong> a los postulantes.<\/td>\n<\/tr>\n<\/tbody>\n<\/table>\n<\/td>\n<\/tr>\n<\/tbody>\n<\/table>\n<\/td>\n<\/tr>\n<\/tbody>\n<\/table>\n<\/td>\n<\/tr>\n<\/tbody>\n<\/table>\n<p><\/center><\/div>\n<\/div>\n<\/div>\n<\/div>\n<\/blockquote>\n","protected":false},"excerpt":{"rendered":"<p>Llamado a publicaciones \/ Call for papers Conferencia Anual COES 2017 V\u00ednculos sociales y Ciudadan\u00eda: Interacciones y cohesi\u00f3n social 9 y 10 noviembre Vi\u00f1a del Mar, Chile En Chile y Latinoam\u00e9rica existen brechas espaciales y socioecon\u00f3micas que operan como fronteras de segregaci\u00f3n, limitando las experiencias de interacci\u00f3n entre diferentes grupos de la sociedad. Esto genera<\/p>\n","protected":false},"author":1,"featured_media":2018,"comment_status":"open","ping_status":"closed","sticky":false,"template":"","format":"standard","meta":{"jetpack_post_was_ever_published":false,"_jetpack_newsletter_access":"","_jetpack_dont_email_post_to_subs":false,"_jetpack_newsletter_tier_id":0,"_jetpack_memberships_contains_paywalled_content":false,"_jetpack_memberships_contains_paid_content":false,"footnotes":"","jetpack_publicize_message":"","jetpack_publicize_feature_enabled":true,"jetpack_social_post_already_shared":true,"jetpack_social_options":{"image_generator_settings":{"template":"highway","default_image_id":0,"font":"","enabled":false},"version":2}},"categories":[26],"tags":[],"class_list":["post-2017","post","type-post","status-publish","format-standard","has-post-thumbnail","hentry","category-convocatorias"],"jetpack_publicize_connections":[],"jetpack_featured_media_url":"","jetpack_sharing_enabled":true,"jetpack-related-posts":[{"id":2079,"url":"https:\/\/cts-chile.cl\/weblog\/2017\/08\/03\/convocatoria-conferencia-registrando-la-violencia-politica-tecnologias-usos-y-efectos\/","url_meta":{"origin":2017,"position":0},"title":"Convocatoria Conferencia: Registrando la Violencia Pol\u00edtica: Tecnolog\u00edas, Usos Y Efectos","author":"admin","date":"Agosto 3, 2017","format":false,"excerpt":"CONVOCATORIA PARA LA PRESENTACI\u00d3N DE PONENCIAS Y EXHIBICIONES ART\u00cdSTICAS El Proyecto de investigaci\u00f3n\u00a0\u201cTecnolog\u00edas Pol\u00edticas de la memoria: una genealog\u00eda de los dispositivos de registro y denuncia de las violaciones a los derechos humanos por la dictadura militar en Chile (1973-2013)\u201d, de la Universidad Alberto Hurtado y el Programa Interdisciplinar de\u2026","rel":"","context":"En &quot;Convocatorias&quot;","block_context":{"text":"Convocatorias","link":"https:\/\/cts-chile.cl\/weblog\/category\/convocatorias\/"},"img":{"alt_text":"","src":"","width":0,"height":0},"classes":[]},{"id":2434,"url":"https:\/\/cts-chile.cl\/weblog\/2018\/08\/25\/cts-chile-a-la-4s-sydney-2018\/","url_meta":{"origin":2017,"position":1},"title":"\u00a1CTS-Chile a la 4S &#8211; Sydney, 2018!","author":"admin","date":"Agosto 25, 2018","format":false,"excerpt":"Por Nicol\u00e1s Sanhueza La pr\u00f3xima semana comienza el esperado Encuentro Anual de la Sociedad para el Estudio Social de la Ciencia (Society for Social Studies of Science\/4S) en la ciudad de Sydney (Australia) y nuevamente la\u00a0 comunidad Chilena y en especial miembros de nuestra comunidad CTS-Chile se hacen presente a\u2026","rel":"","context":"En &quot;Eventos&quot;","block_context":{"text":"Eventos","link":"https:\/\/cts-chile.cl\/weblog\/category\/events\/"},"img":{"alt_text":"","src":"","width":0,"height":0},"classes":[]},{"id":2586,"url":"https:\/\/cts-chile.cl\/weblog\/2016\/04\/07\/llamado-colaboracin-iv-encuentro-cts-chile\/","url_meta":{"origin":2017,"position":2},"title":"Llamado Colaboraci\u00f3n IV Encuentro CTS-Chile","author":"admin","date":"Abril 7, 2016","format":false,"excerpt":"Estimados colegas y amigos: La comisi\u00f3n organizadora del pr\u00f3ximo encuentro CTS Chile, que tendr\u00e1 lugar en Valdivia, les informa que la fecha propuesta es la semana de entre el 16 al 20 de enero de 2017. El encuentro tendr\u00e1 una duraci\u00f3n de tres d\u00edas (a\u00fan falta definir qu\u00e9 d\u00edas de\u2026","rel":"","context":"En &quot;Convocatorias&quot;","block_context":{"text":"Convocatorias","link":"https:\/\/cts-chile.cl\/weblog\/category\/convocatorias\/"},"img":{"alt_text":"","src":"","width":0,"height":0},"classes":[]},{"id":2310,"url":"https:\/\/cts-chile.cl\/weblog\/2018\/04\/17\/conferencia-internacional-medicos-enfermeras-y-salubristas-en-el-mexico-posrevolucionario-1920-1940\/","url_meta":{"origin":2017,"position":3},"title":"Conferencia internacional M\u00e9dicos, enfermeras y salubristas en el M\u00e9xico Posrevolucionario, 1920-1940","author":"admin","date":"Abril 17, 2018","format":false,"excerpt":"Conferencia internacional M\u00e9dicos, enfermeras y salubristas en el M\u00e9xico Posrevolucionario, 1920-1940\u00a0 Mi\u00e9rcoles 18 de abril, 18:30 horas, Sala de Investigaci\u00f3n Casa Esperanza (Erasmo Escala 1822). Inscripci\u00f3n Organizado por el Departamento de Historia de la Universidad Alberto Hurtado y la Escuela de Trabajo Social de la Universidad Santo Tom\u00e1s Seminario Dictado\u2026","rel":"","context":"En &quot;Eventos&quot;","block_context":{"text":"Eventos","link":"https:\/\/cts-chile.cl\/weblog\/category\/events\/"},"img":{"alt_text":"","src":"","width":0,"height":0},"classes":[]},{"id":1811,"url":"https:\/\/cts-chile.cl\/weblog\/2017\/02\/28\/llamado-a-resumenes-encuentro-anual-de-la-sociedad-de-estudios-sociales-de-la-ciencia-4s-boston-massachusetts-agosto-30-septiembre-2-2017-fecha-limite-para-envios-marzo-1-2017\/","url_meta":{"origin":2017,"position":4},"title":"Llamado a res\u00famenes Encuentro Anual de la Sociedad de Estudios Sociales de la Ciencia (4S). Boston, Massachusetts 2017","author":"admin","date":"Febrero 28, 2017","format":false,"excerpt":"LLAMADO ESPECIAL A PARTICIPAR EN PANELES ORGANIZADOS POR PARTICIPANTES DE CTS-CHILE PANEL 88:\u00a0\u201cIn the making, on the move\u201d: perspectivas globales sobre la apropiaci\u00f3n tecnol\u00f3gica. PANEL 50. Can the Subaltern Research? Panel: \u201cIn the making, on the move\u201d: perspectivas globales sobre la apropiaci\u00f3n tecnol\u00f3gica. Organizado por: Mart\u00edn P\u00e9rez Comisso, Universidad de\u2026","rel":"","context":"En &quot;Convocatorias&quot;","block_context":{"text":"Convocatorias","link":"https:\/\/cts-chile.cl\/weblog\/category\/convocatorias\/"},"img":{"alt_text":"","src":"","width":0,"height":0},"classes":[]},{"id":2827,"url":"https:\/\/cts-chile.cl\/weblog\/2024\/10\/14\/xii-encuentro-cts-chile-2025-convocatoria\/","url_meta":{"origin":2017,"position":5},"title":"XII Encuentro CTS-Chile 2025 &#8211; Convocatoria","author":"Post Email","date":"Octubre 14, 2024","format":false,"excerpt":"Compartimos informaci\u00f3n sobre el\u00a0XII Encuentro CTS-Chile, a realizarse entre los d\u00edas\u00a06 y 8 de enero de 2025\u00a0en la Universidad T\u00e9cnica Federico Santa Mar\u00eda en Valpara\u00edso. El plazo para la presentaci\u00f3n de contribuciones es el pr\u00f3ximo\u00a0domingo 20 de octubre\u27a1\ufe0f\u00a0https:\/\/cts-chile.cl\/xiiencuentro\/convocatoria\/ Dentro de las pr\u00f3ximas se compartir\u00e1 nueva informaci\u00f3n sobre la realizaci\u00f3n del\u2026","rel":"","context":"En &quot;Contribuciones&quot;","block_context":{"text":"Contribuciones","link":"https:\/\/cts-chile.cl\/weblog\/category\/contribuciones\/"},"img":{"alt_text":"","src":"https:\/\/i0.wp.com\/cts-chile.cl\/weblog\/wp-content\/uploads\/Grafica-CTS_web-IG02-07_low.jpg?fit=960%2C1200&quality=99&ssl=1","width":320,"height":0,"srcset":"https:\/\/i0.wp.com\/cts-chile.cl\/weblog\/wp-content\/uploads\/Grafica-CTS_web-IG02-07_low.jpg?fit=960%2C1200&quality=99&ssl=1 1x, https:\/\/i0.wp.com\/cts-chile.cl\/weblog\/wp-content\/uploads\/Grafica-CTS_web-IG02-07_low.jpg?fit=960%2C1200&quality=99&ssl=1 1.5x, https:\/\/i0.wp.com\/cts-chile.cl\/weblog\/wp-content\/uploads\/Grafica-CTS_web-IG02-07_low.jpg?fit=960%2C1200&quality=99&ssl=1 2x, https:\/\/i0.wp.com\/cts-chile.cl\/weblog\/wp-content\/uploads\/Grafica-CTS_web-IG02-07_low.jpg?fit=960%2C1200&quality=99&ssl=1 3x"},"classes":[]}],"_links":{"self":[{"href":"https:\/\/cts-chile.cl\/weblog\/wp-json\/wp\/v2\/posts\/2017","targetHints":{"allow":["GET"]}}],"collection":[{"href":"https:\/\/cts-chile.cl\/weblog\/wp-json\/wp\/v2\/posts"}],"about":[{"href":"https:\/\/cts-chile.cl\/weblog\/wp-json\/wp\/v2\/types\/post"}],"author":[{"embeddable":true,"href":"https:\/\/cts-chile.cl\/weblog\/wp-json\/wp\/v2\/users\/1"}],"replies":[{"embeddable":true,"href":"https:\/\/cts-chile.cl\/weblog\/wp-json\/wp\/v2\/comments?post=2017"}],"version-history":[{"count":0,"href":"https:\/\/cts-chile.cl\/weblog\/wp-json\/wp\/v2\/posts\/2017\/revisions"}],"wp:featuredmedia":[{"embeddable":true,"href":"https:\/\/cts-chile.cl\/weblog\/wp-json\/"}],"wp:attachment":[{"href":"https:\/\/cts-chile.cl\/weblog\/wp-json\/wp\/v2\/media?parent=2017"}],"wp:term":[{"taxonomy":"category","embeddable":true,"href":"https:\/\/cts-chile.cl\/weblog\/wp-json\/wp\/v2\/categories?post=2017"},{"taxonomy":"post_tag","embeddable":true,"href":"https:\/\/cts-chile.cl\/weblog\/wp-json\/wp\/v2\/tags?post=2017"}],"curies":[{"name":"wp","href":"https:\/\/api.w.org\/{rel}","templated":true}]}}