{"id":2012,"date":"2017-06-23T04:30:51","date_gmt":"2017-06-23T01:30:51","guid":{"rendered":"http:\/\/www.cts-chile.cl\/?p=2012"},"modified":"2017-06-23T04:30:51","modified_gmt":"2017-06-23T01:30:51","slug":"invitacion-a-coloquio-en-colombia","status":"publish","type":"post","link":"https:\/\/cts-chile.cl\/weblog\/2017\/06\/23\/invitacion-a-coloquio-en-colombia\/","title":{"rendered":"Invitaci\u00f3n a Coloquio en Colombia"},"content":{"rendered":"<p style=\"text-align: center;\"><strong>Segundo Coloquio Nacional de Estudios Sociales de las Ciencias y las Tecnolog\u00edas <\/strong><\/p>\n<p style=\"text-align: center;\"><strong>HACER LA PAZ EN UN MUNDO POSVERDAD <\/strong><\/p>\n<p style=\"text-align: center;\"><strong>Convocatoria: 21, 22, 23 y 25 de septiembre, 2017 <\/strong><\/p>\n<p>&nbsp;<\/p>\n<p>Los estudios sociales de las ciencias y las tecnolog\u00edas (ESCT) a trav\u00e9s del estudio de la coproducci\u00f3n de la tecnociencia contempor\u00e1nea y sus h\u00edbridos pueden y deben contribuir en la construcci\u00f3n de una sociedad reflexiva e incluyente. La pregunta por c\u00f3mo tecnociencia y sociedad se coproducen de m\u00faltiples formas, en diferentes lugares, siguiendo asuntos de inter\u00e9s p\u00fablico que ensamblan actores heterog\u00e9neos ha ampliado el \u00e1mbito de indagaci\u00f3n de las ciencias sociales contempor\u00e1- neas. La proliferaci\u00f3n actual de controversias sobre temas complejos que involucran y movilizan conocimientos, tecnolog\u00edas y sociedades ha sido un campo de acci\u00f3n e indagaci\u00f3n central para entender las din\u00e1micas de producci\u00f3n de sociedad, democracia y tecnociencia que hoy son propios de este campo de estudio. Preocupaciones en torno al agua, la aspersi\u00f3n a\u00e9rea de glifosato, los sistemas de transporte p\u00fablico y las movilidades; la estandarizaci\u00f3n de semillas y cultivos; la regulaci\u00f3n de las industrias farmac\u00e9uticas, los sistemas de prestaci\u00f3n de salud y las terapias alternativas, as\u00ed como la redefinici\u00f3n de las fronteras entre vida y muerte en discusiones como el aborto y la eutanasia son ejemplos, entre otros, de aquellos objetos de inter\u00e9s que se comprenden bien con las perspectivas propias de los ESCT.<\/p>\n<p>En la sociedad contempor\u00e1nea el riesgo parece estar en todas partes y proliferan las controversias en torno a las experticias que contribuyen a su producci\u00f3n, manejo y comunicaci\u00f3n. Hay quienes se preguntan por qu\u00e9 las personas resisten los llamados que se hacen desde la experticia a evacuar una zona en riesgo; c\u00f3mo se puede propiciar la producci\u00f3n colaborativa de conocimiento sobre los riesgos de modo que se vinculen tambi\u00e9n las experticias locales de quienes no tienen acreditaci\u00f3n, pero s\u00ed conocen bien el mundo que viven y habitan. Estas cuestiones, esenciales para comprender la formulaci\u00f3n de pol\u00edtica cient\u00edfica y tecnol\u00f3gica, las din\u00e1micas de producci\u00f3n, democratizaci\u00f3n, comunicaci\u00f3n y apropiaci\u00f3n social del conocimiento, por supuesto no se refieren exclusivamente al conocimiento cient\u00edfico y tecnol\u00f3gico sino tambi\u00e9n a la reflexi\u00f3n cr\u00edtica que cuestiona los \u201cm\u00e9todos\u201d y las pol\u00edticas de explicaci\u00f3n m\u00e1s tradicionales en las ciencias sociales y humanas. El g\u00e9nero, los cuerpos, las sexualidades, as\u00ed como los diferentes instrumentos involucrados en sus pr\u00e1cticas han sido un objeto espec\u00edfico de reflexi\u00f3n desde diferentes perspectivas feministas y de estudios sociales que convergen para entender fen\u00f3menos complejos de las sociedades contempor\u00e1neas.<\/p>\n<p>Todos los temas mencionados son importantes y han sido parte de nuestro campo. No obstante hay otros asuntos que concitan inter\u00e9s y que requieren nuestra atenci\u00f3n. En la sociedad colombiana de hoy tambi\u00e9n es preciso preguntarnos por otras agendas de conocimiento.<\/p>\n<p>Convocamos a quienes se interesan por estos y otros asuntos que hacen parte de la agenda de nuestro campo, y que nos plantean el reensamblaje de nuestra sociedad, a participar en el Segundo Coloquio Nacional de Estudios Sociales de las Ciencias y las Tecnolog\u00edas, que se realizar\u00e1 en la Universidad Nacional de Colombia, sede Bogot\u00e1, los d\u00edas 21 a 23 de septiembre de 2017.<\/p>\n<p>El segundo Coloquio de Estudios Sociales de las Ciencias y las Tecnolog\u00edas, contar\u00e1 con la presencia de 8 conferencistas centrales, 5 nacionales y 3 internacionales que, nos permitir\u00e1n discutir en torno a nuevos debates, perspectivas y agendas de investigaci\u00f3n.<\/p>\n<p>Invitados Internacionales<\/p>\n<p>GEOFFREY BOWKER Director, Values in Design Laboratory, University of California,<\/p>\n<p>Irvine STEVE WOOLGAR Senior Research Fellow Sa\u00efd Business School, University of Oxford. Department of Thematic Studies &#8211; Technology and Social Change. Link\u00f6ping University<\/p>\n<p>DIMITRIS PAPADOPOULOS University of Leicester<\/p>\n<p>LEANDRO RODR\u00cdGUEZ MEDINA Universidad de las Am\u00e9ricas &#8211; Puebla Invitados Nacionales<\/p>\n<p>ASTRID PERAF\u00c1N Profesora del programa de Antropolog\u00eda de la Universidad del Magdalena, Magister en Antropolog\u00eda de la Universidad de Montreal, Doctora en Antropolog\u00eda de la Universidad del Cauca.<\/p>\n<p>WILLIAM MART\u00cdNEZ Profesor del programa de Antropolog\u00eda de la Universidad del Magdalena. Magister en Antropolog\u00eda de la Universidad de Montreal, Doctor en Antropolog\u00eda de la Universidad del Cauca.<\/p>\n<p>STEFAN POHL VALERO Profesor asociado, Escuela de Medicina y Ciencias de la Salud de la Universidad del Rosario. Magister y Doctor en Historia de la Ciencia de la Universidad Aut\u00f3noma de Barcelona.<\/p>\n<p>MAURICIO NIETO OLARTE Profesor titular, Departamento de Historia, Universidad de los Andes. Magister y Doctor en Historia y filosof\u00eda de la Ciencia de la Universidad de Londres<\/p>\n<p>OSCAR MALDONADO Profesor principal, programa de Sociolog\u00eda de la Universidad del Rosario. Magister en Sociolog\u00eda de la Universidad Nacional, Doctor en Sociolog\u00eda de la Universidad de Lancaster con dos a\u00f1os de estancia posdoctoral en la Universidad de Linkoping, Suecia<\/p>\n<p>FREDY MORA G\u00c1MEZ Magister en estudios sociales de la ciencia y PhD de la Universidad de Leicester. Actual investigador posdoctoral del Departamento de Estudios Tem\u00e1ticos (TEMA) en la Universidad de Linkoping, Suecia.<\/p>\n<p>&nbsp;<\/p>\n<p>El objetivo de las sesiones del coloquio es hacer visible las agendas de investigaci\u00f3n consolidadas, los resultados finales de investigaciones realizadas o bien los avances de proyectos en desarrollo, y sobre estas bases proyectar futuras v\u00edas de colaboraci\u00f3n acad\u00e9mica e intercambio. Se considerar\u00e1 la realizaci\u00f3n de una sesi\u00f3n de posters si la afluencia de trabajos as\u00ed lo exige.<\/p>\n<p>Este Segundo coloquio es una iniciativa colaborativa de la Maestr\u00eda de Estudios Sociales de la Ciencia, el Doctorado en Ciencias Humanas y Sociales y el Grupo de Estudios Sociales de la Ciencia, la Tecnolog\u00eda y la Medicina (GESCTM) de la Universidad Nacional de Colombia, de la Escuela de Ingenier\u00eda Industrial de la Universidad del Valle, y la Vicerrector\u00eda de Extensi\u00f3n y Desarrollo Social de la Universidad del Quind\u00edo.<\/p>\n<p>Costos<\/p>\n<p>El evento no tendr\u00e1 costos ni de inscripci\u00f3n ni de participaci\u00f3n, se dar\u00e1 prioridad a estudiantes de las instituciones organizadoras y resultados de proyectos de investigaci\u00f3n.<\/p>\n<p>Sede<\/p>\n<p>Las sesiones de los d\u00edas 21, 22 y 23 de Septiembre se realizar\u00e1n en el edificio de posgrados de Ciencias Humanas de la Universidad Nacional de Colombia- sede Bogot\u00e1, en donde se presentar\u00e1n las presentaciones de los ponentes. Adem\u00e1s, se realizar\u00e1n presentaciones de los invitados en ciudad de Armenia en las instalaciones de la Universidad del Quind\u00edo y en Cali en las instalaciones de la Universidad del Valle el d\u00eda 25 de Septiembre.<\/p>\n<p>Cronograma de propuestas, ponencias<strong> Recepci\u00f3n de propuestas Cierra el 10 de agosto<\/strong>, enviarlas a: coloquiocolombia.esocite@gmail.com<\/p>\n<p>Resultados: 20 de agosto, las propuestas seleccionadas en esta fecha deber\u00e1n enviar una versi\u00f3n en ingl\u00e9s del trabajo con el fin de ayudar la interlocuci\u00f3n con los invitados internacionales.<\/p>\n<p>Caracter\u00edsticas de las Entregas Para las propuestas M\u00e1ximo 1000 palabras, m\u00ednimo 800 palabras incluyendo t\u00edtulo y adscripci\u00f3n institucional, la extensi\u00f3n no incluye bibliograf\u00eda, el documento se debe enviar en Word.<\/p>\n<p>M\u00e1s Informaci\u00f3n www.gesctm.unal.edu.co<\/p>\n","protected":false},"excerpt":{"rendered":"<p>Segundo Coloquio Nacional de Estudios Sociales de las Ciencias y las Tecnolog\u00edas HACER LA PAZ EN UN MUNDO POSVERDAD Convocatoria: 21, 22, 23 y 25 de septiembre, 2017 &nbsp; Los estudios sociales de las ciencias y las tecnolog\u00edas (ESCT) a trav\u00e9s del estudio de la coproducci\u00f3n de la tecnociencia contempor\u00e1nea y sus h\u00edbridos pueden y<\/p>\n","protected":false},"author":1,"featured_media":2013,"comment_status":"open","ping_status":"closed","sticky":false,"template":"","format":"standard","meta":{"jetpack_post_was_ever_published":false,"_jetpack_newsletter_access":"","_jetpack_dont_email_post_to_subs":false,"_jetpack_newsletter_tier_id":0,"_jetpack_memberships_contains_paywalled_content":false,"_jetpack_memberships_contains_paid_content":false,"footnotes":"","jetpack_publicize_message":"","jetpack_publicize_feature_enabled":true,"jetpack_social_post_already_shared":true,"jetpack_social_options":{"image_generator_settings":{"template":"highway","default_image_id":0,"font":"","enabled":false},"version":2}},"categories":[5],"tags":[],"class_list":["post-2012","post","type-post","status-publish","format-standard","has-post-thumbnail","hentry","category-events"],"jetpack_publicize_connections":[],"jetpack_featured_media_url":"","jetpack_sharing_enabled":true,"jetpack-related-posts":[{"id":781,"url":"https:\/\/cts-chile.cl\/weblog\/2015\/09\/11\/iii-encuentro-cts-chile-valparaiso-chile\/","url_meta":{"origin":2012,"position":0},"title":"Llamado a presentar res\u00famenes, III Encuentro CTS-Chile, Valpara\u00edso, Chile","author":"admin","date":"Septiembre 11, 2015","format":"image","excerpt":"\"Ciudadan\u00eda, Colectivo, Conocimiento y Poder. Logros y Desaf\u00edos para los estudios de Ciencia, Tecnolog\u00eda y Sociedad\" Los modos de comprender la articulaci\u00f3n del poder y el conocimiento est\u00e1n abriendo m\u00faltiples vetas de reflexi\u00f3n, intervenci\u00f3n y cr\u00edtica. En nuestro tercer encuentro queremos ahondar en estos modos situ\u00e1ndonos en nuestra am\u00e9rica latina\u2026","rel":"","context":"En &quot;Eventos&quot;","block_context":{"text":"Eventos","link":"https:\/\/cts-chile.cl\/weblog\/category\/events\/"},"img":{"alt_text":"logo","src":"http:\/\/cts-chile.cl\/wp-content\/uploads\/2014\/09\/cropped-Photo-Jun-07-11-31-45-AM.jpg","width":320,"height":0,"srcset":"http:\/\/cts-chile.cl\/wp-content\/uploads\/2014\/09\/cropped-Photo-Jun-07-11-31-45-AM.jpg 1x, http:\/\/cts-chile.cl\/wp-content\/uploads\/2014\/09\/cropped-Photo-Jun-07-11-31-45-AM.jpg 1.5x, http:\/\/cts-chile.cl\/wp-content\/uploads\/2014\/09\/cropped-Photo-Jun-07-11-31-45-AM.jpg 2x"},"classes":[]},{"id":868,"url":"https:\/\/cts-chile.cl\/weblog\/2015\/10\/31\/extension-de-plazo-para-presentar-resumenes\/","url_meta":{"origin":2012,"position":1},"title":"Extensi\u00f3n de plazo para presentar res\u00famenes","author":"admin","date":"Octubre 31, 2015","format":"image","excerpt":"El Comit\u00e9 Organizador ha\u00a0extendido el plazo hasta el d\u00eda 15 de Noviembre, 2015. III Encuentro CTS-Chile \u201cCiudadan\u00eda, Colectivo, Conocimiento y Poder.Logros y Desaf\u00edos para los estudios de Ciencia, Tecnolog\u00eda y Sociedad\u201d Los modos de comprender la articulaci\u00f3n del poder y el conocimiento est\u00e1n abriendo m\u00faltiples vetas de reflexi\u00f3n, intervenci\u00f3n y\u2026","rel":"","context":"En &quot;Convocatorias&quot;","block_context":{"text":"Convocatorias","link":"https:\/\/cts-chile.cl\/weblog\/category\/convocatorias\/"},"img":{"alt_text":"Logo","src":"http:\/\/cts-chile.cl\/wp-content\/uploads\/2014\/09\/cropped-Photo-Jun-07-11-31-45-AM.jpg","width":320,"height":0},"classes":[]},{"id":1660,"url":"https:\/\/cts-chile.cl\/weblog\/2016\/11\/03\/coloquios-isuc-noviembre-2016\/","url_meta":{"origin":2012,"position":2},"title":"Coloquios ISUC noviembre 2016","author":"admin","date":"Noviembre 3, 2016","format":false,"excerpt":"La serie Coloquios ISUC invita a tres presentaciones a llevarse a cabo en el mes de noviembre, en que participar\u00e1n Oriana Bernasconi, Beltr\u00e1n Undurraga y Manuel Tironi. Todos\/as est\u00e1n cordialmente invitados\/as: 9 de noviembre: Dispositivos de registro y denuncia del terrorismo de Estado por la dictadura c\u00edvico militar chilena, Oriana\u2026","rel":"","context":"En &quot;Eventos&quot;","block_context":{"text":"Eventos","link":"https:\/\/cts-chile.cl\/weblog\/category\/events\/"},"img":{"alt_text":"","src":"","width":0,"height":0},"classes":[]},{"id":920,"url":"https:\/\/cts-chile.cl\/weblog\/2015\/11\/16\/nikolas-rose-coloquio-internacional-biopolitica-biociencia-y-gubernamentalidad\/","url_meta":{"origin":2012,"position":3},"title":"Nikolas Rose: Coloquio Internacional Biopol\u00edtica, Biociencia y Gubernamentalidad.","author":"admin","date":"Noviembre 16, 2015","format":"image","excerpt":"El Director del Departamento de Sociolog\u00eda en King\u2019s College de Londres (Inglaterra) dictar\u00e1 dos conferencias y participar\u00e1 en un Coloquio organizado por la Facultad de Ciencias Jur\u00eddicas y Sociales de la Universidad de Talca en conjunto con el Doctorado en Psicolog\u00eda UDP, los d\u00edas, 17, 18 y 19 de noviembre\u2026","rel":"","context":"En &quot;Eventos&quot;","block_context":{"text":"Eventos","link":"https:\/\/cts-chile.cl\/weblog\/category\/events\/"},"img":{"alt_text":"Screen Shot 2015 11 16 at 23 31 18","src":"http:\/\/cts-chile.cl\/wp-content\/uploads\/2014\/09\/cropped-Photo-Jun-07-11-31-45-AM.jpg","width":320,"height":0},"classes":[]},{"id":2349,"url":"https:\/\/cts-chile.cl\/weblog\/2018\/05\/29\/cts-peru\/","url_meta":{"origin":2012,"position":4},"title":"CTS Per\u00fa","author":"admin","date":"Mayo 29, 2018","format":false,"excerpt":"\u00a0 Primer Encuentro CTS-Per\u00fa \u00a0 Del 19 al 21 de Setiembre de 2018,ser\u00e1 la primera edici\u00f3n del Encuentro Ciencia, Tecnolog\u00eda y Sociedad Per\u00fa \"Retomando el debate: replanteando desaf\u00edos de caminos trazados\", en la Facultad de Ciencias Sociales de la Universidad Nacional Mayor de San Marcos. Esta primera edici\u00f3n busca retomar\u2026","rel":"","context":"En &quot;Eventos&quot;","block_context":{"text":"Eventos","link":"https:\/\/cts-chile.cl\/weblog\/category\/events\/"},"img":{"alt_text":"","src":"","width":0,"height":0},"classes":[]},{"id":2497,"url":"https:\/\/cts-chile.cl\/weblog\/2019\/01\/10\/programa-vi-encuentro-osorno-2019\/","url_meta":{"origin":2012,"position":5},"title":"Revisa el Programa (ampliado) del VI Encuentro &#8211; Osorno, 2019","author":"admin","date":"Enero 10, 2019","format":false,"excerpt":"Presentamos el programa de actividades del VI Encuentro de la Red CTS-Chile 2019, en donde se especifican las nueve mesas de trabajo que se han constituido en esta ocasi\u00f3n, as\u00ed como sus diferentes encargados, l\u00edneas de trabajo y ponencias recibidas. Este a\u00f1o las mesas de trabajo son: \u201cEns\u00e1mblate como puedas!\u2026","rel":"","context":"En &quot;Convocatorias&quot;","block_context":{"text":"Convocatorias","link":"https:\/\/cts-chile.cl\/weblog\/category\/convocatorias\/"},"img":{"alt_text":"","src":"","width":0,"height":0},"classes":[]}],"_links":{"self":[{"href":"https:\/\/cts-chile.cl\/weblog\/wp-json\/wp\/v2\/posts\/2012","targetHints":{"allow":["GET"]}}],"collection":[{"href":"https:\/\/cts-chile.cl\/weblog\/wp-json\/wp\/v2\/posts"}],"about":[{"href":"https:\/\/cts-chile.cl\/weblog\/wp-json\/wp\/v2\/types\/post"}],"author":[{"embeddable":true,"href":"https:\/\/cts-chile.cl\/weblog\/wp-json\/wp\/v2\/users\/1"}],"replies":[{"embeddable":true,"href":"https:\/\/cts-chile.cl\/weblog\/wp-json\/wp\/v2\/comments?post=2012"}],"version-history":[{"count":0,"href":"https:\/\/cts-chile.cl\/weblog\/wp-json\/wp\/v2\/posts\/2012\/revisions"}],"wp:featuredmedia":[{"embeddable":true,"href":"https:\/\/cts-chile.cl\/weblog\/wp-json\/"}],"wp:attachment":[{"href":"https:\/\/cts-chile.cl\/weblog\/wp-json\/wp\/v2\/media?parent=2012"}],"wp:term":[{"taxonomy":"category","embeddable":true,"href":"https:\/\/cts-chile.cl\/weblog\/wp-json\/wp\/v2\/categories?post=2012"},{"taxonomy":"post_tag","embeddable":true,"href":"https:\/\/cts-chile.cl\/weblog\/wp-json\/wp\/v2\/tags?post=2012"}],"curies":[{"name":"wp","href":"https:\/\/api.w.org\/{rel}","templated":true}]}}