{"id":1993,"date":"2017-06-22T23:07:13","date_gmt":"2017-06-22T20:07:13","guid":{"rendered":"http:\/\/www.cts-chile.cl\/?p=1993"},"modified":"2017-06-22T23:07:13","modified_gmt":"2017-06-22T20:07:13","slug":"curico-sera-anfitrion-del-v-encuentro-cts-chile","status":"publish","type":"post","link":"https:\/\/cts-chile.cl\/weblog\/2017\/06\/22\/curico-sera-anfitrion-del-v-encuentro-cts-chile\/","title":{"rendered":"Curic\u00f3 ser\u00e1 anfitri\u00f3n del V Encuentro CTS-Chile"},"content":{"rendered":"<p><em>Ya comenzaron los preparativos del V Encuentro de la Red Chilena de Ciencia, Tecnolog\u00eda y Sociedad CTS-Chile, que se desarrollar\u00e1 en la Universidad Cat\u00f3lica del Maule (UCM), en su Sede Curic\u00f3, los pr\u00f3ximos 17, 18 y 19 de enero del 2018.<\/em><\/p>\n<p>&#8220;Esta propuesta surge en el marco de dar mayor visibilidad y madurez al trabajo que hemos venido desarrollando durante los \u00faltimos a\u00f1os, en temas asociados al trabajo social, internet y tecnolog\u00eda&#8221;, comenta Luis Guti\u00e9rrez, acad\u00e9mico de la Facultad de Ciencias Sociales y Econ\u00f3micas de la U. Cat\u00f3lica del Maule, quien adem\u00e1s es miembro del comit\u00e9 organizador del encuentro, respecto al desaf\u00edo de exponer sobre c\u00f3mo se piensa el desarrollo tecnol\u00f3gico, en el pa\u00eds y en el propio entorno marcado por la ruralidad.<\/p>\n<p>En esa l\u00ednea, Patricia Pe\u00f1a, acad\u00e9mica del Instituto de la Comunicaci\u00f3n e Imagen de la Universidad de Chile, sostiene que estos temas tecnol\u00f3gicos y su alcance en el desarrollo social, en general, no se estudian en una carrera y que &#8220;justamente en los encuentros ha salido esta necesidad de c\u00f3mo las universidades van a ir incorporando un campo de especializaci\u00f3n o un campo de estudio dentro de ciertas mallas de carreras&#8221;, apuntando a la discusi\u00f3n previa ante un futuro Ministerio de Ciencia y Tecnolog\u00eda.<\/p>\n<p>La red CTS-Chile nace para articular los intereses de un grupo heterog\u00e9neo de docentes de ciencia, acad\u00e9micos, investigadores y activistas en relaci\u00f3n al estudio de los aspectos sociales y pol\u00edticos de la ciencia y tecnolog\u00eda. Durante mayo, se efectu\u00f3 en Curic\u00f3 la primera reuni\u00f3n preparativa y de coordinaci\u00f3n de la actividad, en la cual participaron los acad\u00e9micos de la U. de Concepci\u00f3n, Tabita Moreno;\u00a0Patricia Pe\u00f1a de la U. de Chile; y Luis Guti\u00e9rrez de la U. Cat\u00f3lica del Maule. Participan tambi\u00e9n de la organizaci\u00f3n investigadores de\u00a0la Universidad de Los Lagos y profesionales independientes.<\/p>\n<p>Cabe se\u00f1alar que este evento lo organizan la UCM, la U. de Chile, ULagos y la U. de Concepci\u00f3n, abordar\u00e1 tem\u00e1ticas vinculadas a la tecnolog\u00eda y su impacto en la ruralidad, desarrollo social, y desigualdad, entre otros. La primera versi\u00f3n de este Encuentro se realiz\u00f3 en Santiago en la Universidad Alberto Hurtado, y posteriormente fue replicado en regiones, dando paso a las ciudades de Temuco, \u00a0Valpara\u00edso y Valdivia.<\/p>\n<p>&nbsp;<\/p>\n","protected":false},"excerpt":{"rendered":"<p>Ya comenzaron los preparativos del V Encuentro de la Red Chilena de Ciencia, Tecnolog\u00eda y Sociedad CTS-Chile, que se desarrollar\u00e1 en la Universidad Cat\u00f3lica del Maule (UCM), en su Sede Curic\u00f3, los pr\u00f3ximos 17, 18 y 19 de enero del 2018. &#8220;Esta propuesta surge en el marco de dar mayor visibilidad y madurez al trabajo<\/p>\n","protected":false},"author":1,"featured_media":1995,"comment_status":"open","ping_status":"closed","sticky":false,"template":"","format":"standard","meta":{"jetpack_post_was_ever_published":false,"_jetpack_newsletter_access":"","_jetpack_dont_email_post_to_subs":false,"_jetpack_newsletter_tier_id":0,"_jetpack_memberships_contains_paywalled_content":false,"_jetpack_memberships_contains_paid_content":false,"footnotes":"","jetpack_publicize_message":"","jetpack_publicize_feature_enabled":true,"jetpack_social_post_already_shared":true,"jetpack_social_options":{"image_generator_settings":{"template":"highway","default_image_id":0,"font":"","enabled":false},"version":2}},"categories":[5],"tags":[],"class_list":["post-1993","post","type-post","status-publish","format-standard","has-post-thumbnail","hentry","category-events"],"jetpack_publicize_connections":[],"jetpack_featured_media_url":"","jetpack_sharing_enabled":true,"jetpack-related-posts":[{"id":2195,"url":"https:\/\/cts-chile.cl\/weblog\/2018\/01\/04\/todos-invitados-a-registrarse-para-el-v-encuentro-cts-chile\/","url_meta":{"origin":1993,"position":0},"title":"V Encuentro CTS-Chile en Curic\u00f3","author":"admin","date":"Enero 4, 2018","format":false,"excerpt":"El V Encuentro CTS- Chile realizado en Curic\u00f3, en la Universidad Cat\u00f3lica del Maule. Curic\u00f3, que en mapudungun significa \u201cAguas Negras\u201d, fundada en 1743, por el gobernador Jos\u00e9 Antonio Manso de Velasco, atendiendo a la pol\u00edtica de fundar villas y ciudades, que los borbones desde Espa\u00f1a hab\u00edan estipulado. Desde sus\u2026","rel":"","context":"En &quot;Convocatorias&quot;","block_context":{"text":"Convocatorias","link":"https:\/\/cts-chile.cl\/weblog\/category\/convocatorias\/"},"img":{"alt_text":"","src":"","width":0,"height":0},"classes":[]},{"id":2129,"url":"https:\/\/cts-chile.cl\/weblog\/2017\/10\/25\/participa-del-v-encuentro-cts-chile\/","url_meta":{"origin":1993,"position":1},"title":"Participa del V Encuentro CTS- Chile, Curic\u00f3 2018","author":"admin","date":"Octubre 25, 2017","format":false,"excerpt":"La Universidad Cat\u00f3lica del Maule, campus Nuestra Sra. Del Carmen, ser\u00e1 la sede del V Encuentro de la Red Chilena de Ciencia, Tecnolog\u00eda y Sociedad CTS-Chile, que se desarrollar\u00e1 entre el 17 y 19 de enero del 2018. El encuentro, titulado \"Surcar campos tecnol\u00f3gicos: rupturas y amalgamas en torno a\u2026","rel":"","context":"En &quot;Eventos&quot;","block_context":{"text":"Eventos","link":"https:\/\/cts-chile.cl\/weblog\/category\/events\/"},"img":{"alt_text":"","src":"http:\/\/www.cts-chile.cl\/wp-content\/uploads\/2017\/10\/recorrido-cerro-300x174.png","width":320,"height":0},"classes":[]},{"id":2068,"url":"https:\/\/cts-chile.cl\/weblog\/2017\/07\/31\/comite-organizador-define-temas-para-el-encuentro-cts-chile-2018\/","url_meta":{"origin":1993,"position":2},"title":"Comit\u00e9 organizador propone temas para el Encuentro CTS-Chile 2018","author":"admin","date":"Julio 31, 2017","format":false,"excerpt":"El pasado viernes 07 de julio en dependencias de la Universidad Cat\u00f3lica del Maule (UCM), en Curic\u00f3 se desarroll\u00f3 la segunda reuni\u00f3n de preparaci\u00f3n del pr\u00f3ximo encuentro de la Red CTS \u2013 Chile a realizarse entre el 17 y 19 enero de 2018, en dicha casa de estudios. En la\u2026","rel":"","context":"En &quot;Eventos&quot;","block_context":{"text":"Eventos","link":"https:\/\/cts-chile.cl\/weblog\/category\/events\/"},"img":{"alt_text":"","src":"","width":0,"height":0},"classes":[]},{"id":2115,"url":"https:\/\/cts-chile.cl\/weblog\/2017\/10\/21\/programa-de-encuentro-cts-chile-2018-incluye-visitas-a-proyectos-locales-que-promueven-el-desarrollo-sustentable\/","url_meta":{"origin":1993,"position":3},"title":"Programa de Encuentro CTS-Chile 2018 incluye visitas a proyectos locales que promueven el desarrollo sustentable","author":"admin","date":"Octubre 21, 2017","format":false,"excerpt":"\u201cRecorrido hist\u00f3rico-biol\u00f3gico por el cerro isla Carlos Condell\u201d (17 de enero) \u201cVisita al Centro Demostrativo FOSIS-UCM: Habitar rural\u201d (18 de enero) Con el prop\u00f3sito de conocer y vivenciar proyectos locales que hoy promueven el desarrollo sustentable y preservaci\u00f3n de la identidad local, la V versi\u00f3n del Encuentro CTS-Chile incluye un\u2026","rel":"","context":"En &quot;Eventos&quot;","block_context":{"text":"Eventos","link":"https:\/\/cts-chile.cl\/weblog\/category\/events\/"},"img":{"alt_text":"","src":"http:\/\/www.cts-chile.cl\/wp-content\/uploads\/2017\/10\/DSC08312-300x200.jpg","width":320,"height":0},"classes":[]},{"id":2157,"url":"https:\/\/cts-chile.cl\/weblog\/2017\/11\/01\/se-extiende-plazo-para-el-envio-de-ponencias-al-v-encuentro-cts-chile-2018\/","url_meta":{"origin":1993,"position":4},"title":"Se extiende plazo para el env\u00edo de ponencias al V Encuentro CTS-Chile 2018","author":"admin","date":"Noviembre 1, 2017","format":false,"excerpt":"Nuevo plazo de recepci\u00f3n de res\u00famenes y propuestas de paneles se extiende hasta el\u00a022 DE NOVIEMBRE. A la fecha,\u00a0se han recibido propuestas desde Colombia, Per\u00fa, Brasil, Argentina,\u00a0Inglaterra y Chile.\u00a0Quienes no han enviado a\u00fan sus res\u00famenes, podr\u00e1n hacerlo hasta\u00a0el pr\u00f3ximo 22 de noviembre. Todas las propuestas deben ser\u00a0ingresadas a trav\u00e9s del\u2026","rel":"","context":"En &quot;Eventos&quot;","block_context":{"text":"Eventos","link":"https:\/\/cts-chile.cl\/weblog\/category\/events\/"},"img":{"alt_text":"","src":"","width":0,"height":0},"classes":[]},{"id":1790,"url":"https:\/\/cts-chile.cl\/weblog\/2017\/01\/22\/asamblea-iv-encuentro-cts-chile\/","url_meta":{"origin":1993,"position":5},"title":"Asamblea IV Encuentro CTS-Chile","author":"admin","date":"Enero 22, 2017","format":false,"excerpt":"Aproximadamente a las 4 de la tarde del viernes 20 de enero, y despu\u00e9s de una colorida y movilizada jornada de reflexi\u00f3n a cargo de Mart\u00edn P\u00e9rez Comisso y Mar\u00eda Teresa Santander -preparada tambi\u00e9n junto a Gloria Baigorrotegui y Manuel Tironi-, sobre las experiencias en torno a CTS-Chile, se inici\u00f3\u2026","rel":"","context":"En &quot;Eventos&quot;","block_context":{"text":"Eventos","link":"https:\/\/cts-chile.cl\/weblog\/category\/events\/"},"img":{"alt_text":"","src":"http:\/\/cts-chile.cl\/wp-content\/uploads\/2017\/01\/img_5013-1.jpg","width":320,"height":0,"srcset":"http:\/\/cts-chile.cl\/wp-content\/uploads\/2017\/01\/img_5013-1.jpg 1x, http:\/\/cts-chile.cl\/wp-content\/uploads\/2017\/01\/img_5013-1.jpg 1.5x, http:\/\/cts-chile.cl\/wp-content\/uploads\/2017\/01\/img_5013-1.jpg 2x, http:\/\/cts-chile.cl\/wp-content\/uploads\/2017\/01\/img_5013-1.jpg 3x, http:\/\/cts-chile.cl\/wp-content\/uploads\/2017\/01\/img_5013-1.jpg 4x"},"classes":[]}],"_links":{"self":[{"href":"https:\/\/cts-chile.cl\/weblog\/wp-json\/wp\/v2\/posts\/1993","targetHints":{"allow":["GET"]}}],"collection":[{"href":"https:\/\/cts-chile.cl\/weblog\/wp-json\/wp\/v2\/posts"}],"about":[{"href":"https:\/\/cts-chile.cl\/weblog\/wp-json\/wp\/v2\/types\/post"}],"author":[{"embeddable":true,"href":"https:\/\/cts-chile.cl\/weblog\/wp-json\/wp\/v2\/users\/1"}],"replies":[{"embeddable":true,"href":"https:\/\/cts-chile.cl\/weblog\/wp-json\/wp\/v2\/comments?post=1993"}],"version-history":[{"count":0,"href":"https:\/\/cts-chile.cl\/weblog\/wp-json\/wp\/v2\/posts\/1993\/revisions"}],"wp:featuredmedia":[{"embeddable":true,"href":"https:\/\/cts-chile.cl\/weblog\/wp-json\/"}],"wp:attachment":[{"href":"https:\/\/cts-chile.cl\/weblog\/wp-json\/wp\/v2\/media?parent=1993"}],"wp:term":[{"taxonomy":"category","embeddable":true,"href":"https:\/\/cts-chile.cl\/weblog\/wp-json\/wp\/v2\/categories?post=1993"},{"taxonomy":"post_tag","embeddable":true,"href":"https:\/\/cts-chile.cl\/weblog\/wp-json\/wp\/v2\/tags?post=1993"}],"curies":[{"name":"wp","href":"https:\/\/api.w.org\/{rel}","templated":true}]}}