{"id":1881,"date":"2017-05-24T05:02:20","date_gmt":"2017-05-24T02:02:20","guid":{"rendered":"http:\/\/www.cts-chile.cl\/?p=1881"},"modified":"2017-05-24T05:02:20","modified_gmt":"2017-05-24T02:02:20","slug":"conocimientoculturaecologias-kce2017","status":"publish","type":"post","link":"https:\/\/cts-chile.cl\/weblog\/2017\/05\/24\/conocimientoculturaecologias-kce2017\/","title":{"rendered":"Conocimiento\/Cultura\/Ecolog\u00edas \u2013 KCE2017"},"content":{"rendered":"<p><strong><span class=\"s1\">La convocatoria para ponencias y trabajos audiovisuales cierra el 26 de mayo, 2017.\u00a0Los res\u00famenes de ponencias deben ser enviados a trav\u00e9s del <\/span><\/strong><strong><span class=\"s1\"><a href=\"https:\/\/docs.google.com\/forms\/d\/e\/1FAIpQLSfNGyABRKGZnI0UgNeh4VSk24hKRHmu68tV5dQLKA1Mn1YtNQ\/viewform?c=0&amp;w=1\">formulario en l\u00ednea<\/a>.\u00a0 <\/span><\/strong><strong><span class=\"s1\">Para mas informaci\u00f3n ver la <a href=\"http:\/\/knowledgeculture.org\/es\/submissions\/\">convocatoria general.<\/a><\/span><\/strong><\/p>\n","protected":false},"excerpt":{"rendered":"<p>La convocatoria para ponencias y trabajos audiovisuales cierra el 26 de mayo, 2017.\u00a0Los res\u00famenes de ponencias deben ser enviados a trav\u00e9s del formulario en l\u00ednea.\u00a0 Para mas informaci\u00f3n ver la convocatoria general.<\/p>\n","protected":false},"author":1,"featured_media":1882,"comment_status":"open","ping_status":"closed","sticky":false,"template":"","format":"standard","meta":{"jetpack_post_was_ever_published":false,"_jetpack_newsletter_access":"","_jetpack_dont_email_post_to_subs":false,"_jetpack_newsletter_tier_id":0,"_jetpack_memberships_contains_paywalled_content":false,"_jetpack_memberships_contains_paid_content":false,"footnotes":"","jetpack_publicize_message":"","jetpack_publicize_feature_enabled":true,"jetpack_social_post_already_shared":true,"jetpack_social_options":{"image_generator_settings":{"template":"highway","default_image_id":0,"font":"","enabled":false},"version":2}},"categories":[5],"tags":[40],"class_list":["post-1881","post","type-post","status-publish","format-standard","has-post-thumbnail","hentry","category-events","tag-seminario"],"jetpack_publicize_connections":[],"jetpack_featured_media_url":"","jetpack_sharing_enabled":true,"jetpack-related-posts":[{"id":2079,"url":"https:\/\/cts-chile.cl\/weblog\/2017\/08\/03\/convocatoria-conferencia-registrando-la-violencia-politica-tecnologias-usos-y-efectos\/","url_meta":{"origin":1881,"position":0},"title":"Convocatoria Conferencia: Registrando la Violencia Pol\u00edtica: Tecnolog\u00edas, Usos Y Efectos","author":"admin","date":"Agosto 3, 2017","format":false,"excerpt":"CONVOCATORIA PARA LA PRESENTACI\u00d3N DE PONENCIAS Y EXHIBICIONES ART\u00cdSTICAS El Proyecto de investigaci\u00f3n\u00a0\u201cTecnolog\u00edas Pol\u00edticas de la memoria: una genealog\u00eda de los dispositivos de registro y denuncia de las violaciones a los derechos humanos por la dictadura militar en Chile (1973-2013)\u201d, de la Universidad Alberto Hurtado y el Programa Interdisciplinar de\u2026","rel":"","context":"En &quot;Convocatorias&quot;","block_context":{"text":"Convocatorias","link":"https:\/\/cts-chile.cl\/weblog\/category\/convocatorias\/"},"img":{"alt_text":"","src":"","width":0,"height":0},"classes":[]},{"id":856,"url":"https:\/\/cts-chile.cl\/weblog\/2015\/10\/29\/nuevo-plazo-para-el-envio-de-ponencias\/","url_meta":{"origin":1881,"position":1},"title":"Coloquio Interdisciplinar DES-Hechos.","author":"admin","date":"Octubre 29, 2015","format":"image","excerpt":"El Departamento de Humanidades de la Universidad T\u00e9cnica Federico Santa Mar\u00eda, junto al Departamento de Ingenier\u00eda Industrial y el Instituto de Estudios Avanzados, de la Universidad de Santiago de Chile, organizan el Coloquio Interdisciplinar DES-Hechos, lo que no se ve de lo tecnol\u00f3gico como desaf\u00edo; queriendo DESvelar el impacto del\u2026","rel":"","context":"En &quot;Convocatorias&quot;","block_context":{"text":"Convocatorias","link":"https:\/\/cts-chile.cl\/weblog\/category\/convocatorias\/"},"img":{"alt_text":"Deshechos","src":"http:\/\/cts-chile.cl\/wp-content\/uploads\/2014\/09\/cropped-Photo-Jun-07-11-31-45-AM.jpg","width":320,"height":0},"classes":[]},{"id":2444,"url":"https:\/\/cts-chile.cl\/weblog\/2018\/11\/20\/amplia-plazo-de-propuestas-de-ejes-tematicos-hasta-el-07-de-dic\/","url_meta":{"origin":1881,"position":2},"title":"Hasta el 7 de diciembre se reciben ponencias a las Mesas Tem\u00e1ticas","author":"admin","date":"Noviembre 20, 2018","format":false,"excerpt":"La comisi\u00f3n organizadora del VI Encuentro CTS:\u00a0\u201cInfraestructuras, Temporalidades y Espacialidades: creaciones, tensiones y continuidades\u201d, tiene al agrado de informarles que la presentaci\u00f3n de ponencias ser\u00e1 hasta el 07 de diciembre de 2018. Mesas Tem\u00e1ticas MESA 1 - \"Activismos, espacialidad y CTS desde una perspectiva de g\u00e9nero\" MESA 2 - \"CTS\u2026","rel":"","context":"En &quot;Convocatorias&quot;","block_context":{"text":"Convocatorias","link":"https:\/\/cts-chile.cl\/weblog\/category\/convocatorias\/"},"img":{"alt_text":"","src":"","width":0,"height":0},"classes":[]},{"id":2054,"url":"https:\/\/cts-chile.cl\/weblog\/2017\/07\/07\/llamado-a-ponencias-numies-transiciones-energeticas-desde-el-sur\/","url_meta":{"origin":1881,"position":3},"title":"Llamado a ponencias NUMIES: Transiciones energ\u00e9ticas desde el Sur","author":"admin","date":"Julio 7, 2017","format":false,"excerpt":"Desde el N\u00facleo Milenio de Investigaci\u00f3n sobre Energ\u00eda y Sociedad (NUMIES)\u00a0se est\u00e1\u00a0organizando una Escuela de Primavera para estudiantes de postgrado y j\u00f3venes investigadores a realizarse en la ciudad de P\u00fac\u00f3n los d\u00edas 28 y 29 de septiembre de 2017. El titulo de la escuela es \"Transiciones energ\u00e9ticas desde el Sur:\u2026","rel":"","context":"En &quot;Convocatorias&quot;","block_context":{"text":"Convocatorias","link":"https:\/\/cts-chile.cl\/weblog\/category\/convocatorias\/"},"img":{"alt_text":"","src":"","width":0,"height":0},"classes":[]},{"id":2157,"url":"https:\/\/cts-chile.cl\/weblog\/2017\/11\/01\/se-extiende-plazo-para-el-envio-de-ponencias-al-v-encuentro-cts-chile-2018\/","url_meta":{"origin":1881,"position":4},"title":"Se extiende plazo para el env\u00edo de ponencias al V Encuentro CTS-Chile 2018","author":"admin","date":"Noviembre 1, 2017","format":false,"excerpt":"Nuevo plazo de recepci\u00f3n de res\u00famenes y propuestas de paneles se extiende hasta el\u00a022 DE NOVIEMBRE. A la fecha,\u00a0se han recibido propuestas desde Colombia, Per\u00fa, Brasil, Argentina,\u00a0Inglaterra y Chile.\u00a0Quienes no han enviado a\u00fan sus res\u00famenes, podr\u00e1n hacerlo hasta\u00a0el pr\u00f3ximo 22 de noviembre. Todas las propuestas deben ser\u00a0ingresadas a trav\u00e9s del\u2026","rel":"","context":"En &quot;Eventos&quot;","block_context":{"text":"Eventos","link":"https:\/\/cts-chile.cl\/weblog\/category\/events\/"},"img":{"alt_text":"","src":"","width":0,"height":0},"classes":[]},{"id":2581,"url":"https:\/\/cts-chile.cl\/weblog\/2016\/01\/17\/call-for-papers-revue-danthropologie-des-connaissances-rac-y-fronteras-iii-encuentro-cts-chile\/","url_meta":{"origin":1881,"position":5},"title":"Call for Papers &#8211; Revue d&#8217;anthropologie des connaissances (RAC) y Fronteras, III Encuentro CTS-Chile","author":"admin","date":"Enero 17, 2016","format":false,"excerpt":"CONVOCATORIA CERRADA EL 20 DE ENERO . Revue d'Anthropologie des Connaissances (RAC) Revue d'anthropologie des connaissances (RAC) Quienes deseen postular su ponencia a la publicaci\u00f3n del n\u00famero especial de la revista Anthropologie des Connaissances (RAC), les recordamos que esperamos sus ponencias para el 20\u00a0de enero [nueva fecha], en versi\u00f3n castellano\u2026","rel":"","context":"En &quot;Convocatorias&quot;","block_context":{"text":"Convocatorias","link":"https:\/\/cts-chile.cl\/weblog\/category\/convocatorias\/"},"img":{"alt_text":"Screen Shot 2016-01-17 at 17.06.36","src":"http:\/\/cts-chile.cl\/wp-content\/uploads\/2014\/09\/cropped-Photo-Jun-07-11-31-45-AM.jpg","width":320,"height":0,"srcset":"http:\/\/cts-chile.cl\/wp-content\/uploads\/2014\/09\/cropped-Photo-Jun-07-11-31-45-AM.jpg 1x, http:\/\/cts-chile.cl\/wp-content\/uploads\/2014\/09\/cropped-Photo-Jun-07-11-31-45-AM.jpg 1.5x, http:\/\/cts-chile.cl\/wp-content\/uploads\/2014\/09\/cropped-Photo-Jun-07-11-31-45-AM.jpg 2x"},"classes":[]}],"_links":{"self":[{"href":"https:\/\/cts-chile.cl\/weblog\/wp-json\/wp\/v2\/posts\/1881","targetHints":{"allow":["GET"]}}],"collection":[{"href":"https:\/\/cts-chile.cl\/weblog\/wp-json\/wp\/v2\/posts"}],"about":[{"href":"https:\/\/cts-chile.cl\/weblog\/wp-json\/wp\/v2\/types\/post"}],"author":[{"embeddable":true,"href":"https:\/\/cts-chile.cl\/weblog\/wp-json\/wp\/v2\/users\/1"}],"replies":[{"embeddable":true,"href":"https:\/\/cts-chile.cl\/weblog\/wp-json\/wp\/v2\/comments?post=1881"}],"version-history":[{"count":0,"href":"https:\/\/cts-chile.cl\/weblog\/wp-json\/wp\/v2\/posts\/1881\/revisions"}],"wp:featuredmedia":[{"embeddable":true,"href":"https:\/\/cts-chile.cl\/weblog\/wp-json\/"}],"wp:attachment":[{"href":"https:\/\/cts-chile.cl\/weblog\/wp-json\/wp\/v2\/media?parent=1881"}],"wp:term":[{"taxonomy":"category","embeddable":true,"href":"https:\/\/cts-chile.cl\/weblog\/wp-json\/wp\/v2\/categories?post=1881"},{"taxonomy":"post_tag","embeddable":true,"href":"https:\/\/cts-chile.cl\/weblog\/wp-json\/wp\/v2\/tags?post=1881"}],"curies":[{"name":"wp","href":"https:\/\/api.w.org\/{rel}","templated":true}]}}