{"id":1878,"date":"2017-05-24T04:56:36","date_gmt":"2017-05-24T01:56:36","guid":{"rendered":"http:\/\/www.cts-chile.cl\/?p=1878"},"modified":"2017-05-24T04:56:36","modified_gmt":"2017-05-24T01:56:36","slug":"1878-2","status":"publish","type":"post","link":"https:\/\/cts-chile.cl\/weblog\/2017\/05\/24\/1878-2\/","title":{"rendered":"Clase magistral USACH: Risk and community issues of ewaste management, the case of Thailand"},"content":{"rendered":"<p>CLASE MAGISTRAL: Risk and community issues of ewaste management, the case of Thailand<\/p>\n<p>Mi\u00e9rcoles 24 de Mayo, Rom\u00e1n D\u00edaz 89, Providencia. Inscripciones: idea@usach.cl<\/p>\n","protected":false},"excerpt":{"rendered":"<p>CLASE MAGISTRAL: Risk and community issues of ewaste management, the case of Thailand Mi\u00e9rcoles 24 de Mayo, Rom\u00e1n D\u00edaz 89, Providencia. Inscripciones: idea@usach.cl<\/p>\n","protected":false},"author":1,"featured_media":1879,"comment_status":"open","ping_status":"closed","sticky":false,"template":"","format":"standard","meta":{"jetpack_post_was_ever_published":false,"_jetpack_newsletter_access":"","_jetpack_dont_email_post_to_subs":false,"_jetpack_newsletter_tier_id":0,"_jetpack_memberships_contains_paywalled_content":false,"_jetpack_memberships_contains_paid_content":false,"footnotes":"","jetpack_publicize_message":"","jetpack_publicize_feature_enabled":true,"jetpack_social_post_already_shared":true,"jetpack_social_options":{"image_generator_settings":{"template":"highway","default_image_id":0,"font":"","enabled":false},"version":2}},"categories":[5],"tags":[40],"class_list":["post-1878","post","type-post","status-publish","format-standard","has-post-thumbnail","hentry","category-events","tag-seminario"],"jetpack_publicize_connections":[],"jetpack_featured_media_url":"","jetpack_sharing_enabled":true,"jetpack-related-posts":[{"id":2580,"url":"https:\/\/cts-chile.cl\/weblog\/2016\/01\/16\/en-el-limite-de-la-experimentalidad-presentacion-de-javier-lezaun-en-cts-chile\/","url_meta":{"origin":1878,"position":0},"title":"En el l\u00edmite de la experimentalidad: presentaci\u00f3n de Javier Lezaun en CTS-Chile","author":"admin","date":"Enero 16, 2016","format":"image","excerpt":"Javier Lezaun ha compartido amablemente el soporte de su presentaci\u00f3n en la Clase Magistral que ha brindado en el III Encuentro CTS-Chile, en Valpara\u00edso. El trabajo analiza las aproximaciones a la noci\u00f3n de participaci\u00f3n en los estudios de la ciencia y la tecnolog\u00eda. Puede descargarse desde el siguiente\u00a0enlace.","rel":"","context":"En &quot;Convocatorias&quot;","block_context":{"text":"Convocatorias","link":"https:\/\/cts-chile.cl\/weblog\/category\/convocatorias\/"},"img":{"alt_text":"","src":"http:\/\/cts-chile.cl\/wp-content\/uploads\/2014\/09\/cropped-Photo-Jun-07-11-31-45-AM.jpg","width":320,"height":0,"srcset":"http:\/\/cts-chile.cl\/wp-content\/uploads\/2014\/09\/cropped-Photo-Jun-07-11-31-45-AM.jpg 1x, http:\/\/cts-chile.cl\/wp-content\/uploads\/2014\/09\/cropped-Photo-Jun-07-11-31-45-AM.jpg 1.5x, http:\/\/cts-chile.cl\/wp-content\/uploads\/2014\/09\/cropped-Photo-Jun-07-11-31-45-AM.jpg 2x, http:\/\/cts-chile.cl\/wp-content\/uploads\/2014\/09\/cropped-Photo-Jun-07-11-31-45-AM.jpg 3x"},"classes":[]},{"id":3717,"url":"https:\/\/cts-chile.cl\/weblog\/2025\/12\/29\/libro-transantiago-o-el-fallido-ensamblaje-de-una-sociedad-de-clase-mundial\/","url_meta":{"origin":1878,"position":1},"title":"Libro. Transantiago: o el fallido ensamblaje de una sociedad de clase mundial.","author":"Post Email","date":"Diciembre 29, 2025","format":false,"excerpt":"Para iniciar el registro en esta secci\u00f3n, presentamos el libro de Sebasti\u00e1n Ureta, titulado \u201cTransantiago: o el fallido ensamblaje de una sociedad de clase mundial\u201d (2017), que consiste en el tratamiento del caso en castellano, trabajada por Ediciones Universidad Alberto Hurtado de \"Assembling Policy: Transantiago, Human Devices, and the Dream\u2026","rel":"","context":"En &quot;Publicaci\u00f3n&quot;","block_context":{"text":"Publicaci\u00f3n","link":"https:\/\/cts-chile.cl\/weblog\/category\/publicacion\/"},"img":{"alt_text":"","src":"https:\/\/i0.wp.com\/cts-chile.cl\/weblog\/wp-content\/uploads\/Transantiago-web.jpg?fit=400%2C615&quality=99&ssl=1","width":320,"height":0},"classes":[]},{"id":1811,"url":"https:\/\/cts-chile.cl\/weblog\/2017\/02\/28\/llamado-a-resumenes-encuentro-anual-de-la-sociedad-de-estudios-sociales-de-la-ciencia-4s-boston-massachusetts-agosto-30-septiembre-2-2017-fecha-limite-para-envios-marzo-1-2017\/","url_meta":{"origin":1878,"position":2},"title":"Llamado a res\u00famenes Encuentro Anual de la Sociedad de Estudios Sociales de la Ciencia (4S). Boston, Massachusetts 2017","author":"admin","date":"Febrero 28, 2017","format":false,"excerpt":"LLAMADO ESPECIAL A PARTICIPAR EN PANELES ORGANIZADOS POR PARTICIPANTES DE CTS-CHILE PANEL 88:\u00a0\u201cIn the making, on the move\u201d: perspectivas globales sobre la apropiaci\u00f3n tecnol\u00f3gica. PANEL 50. Can the Subaltern Research? Panel: \u201cIn the making, on the move\u201d: perspectivas globales sobre la apropiaci\u00f3n tecnol\u00f3gica. Organizado por: Mart\u00edn P\u00e9rez Comisso, Universidad de\u2026","rel":"","context":"En &quot;Convocatorias&quot;","block_context":{"text":"Convocatorias","link":"https:\/\/cts-chile.cl\/weblog\/category\/convocatorias\/"},"img":{"alt_text":"","src":"","width":0,"height":0},"classes":[]},{"id":2955,"url":"https:\/\/cts-chile.cl\/weblog\/2024\/10\/30\/lanzamiento-del-nucleo-milenio-sobre-tecnociencia-ciudadana-para-la-transformacion-socioambiental-citec\/","url_meta":{"origin":1878,"position":3},"title":"Lanzamiento del N\u00facleo Milenio sobre Tecnociencia Ciudadana para la Transformaci\u00f3n Socioambiental (CITEC)","author":"Post Email","date":"Octubre 30, 2024","format":false,"excerpt":"Esta es una invitaci\u00f3n al Seminario de Lanzamiento del N\u00facleo Milenio sobre Tecnociencia Ciudadana para la Transformaci\u00f3n Socioambiental (CITEC), que se realizara el 19 de noviembre de 14:00 a 18:00 en el auditorio de College UC en el Campus San Joaqu\u00edn de la UC. Adem\u00e1s de dos mesas de discusi\u00f3n\u2026","rel":"","context":"En &quot;Contribuciones&quot;","block_context":{"text":"Contribuciones","link":"https:\/\/cts-chile.cl\/weblog\/category\/contribuciones\/"},"img":{"alt_text":"","src":"https:\/\/i0.wp.com\/cts-chile.cl\/weblog\/wp-content\/uploads\/WhatsApp-Image-2024-10-30-at-12.26.56-1.jpeg?fit=1200%2C942&quality=99&ssl=1","width":320,"height":0,"srcset":"https:\/\/i0.wp.com\/cts-chile.cl\/weblog\/wp-content\/uploads\/WhatsApp-Image-2024-10-30-at-12.26.56-1.jpeg?fit=1200%2C942&quality=99&ssl=1 1x, https:\/\/i0.wp.com\/cts-chile.cl\/weblog\/wp-content\/uploads\/WhatsApp-Image-2024-10-30-at-12.26.56-1.jpeg?fit=1200%2C942&quality=99&ssl=1 1.5x, https:\/\/i0.wp.com\/cts-chile.cl\/weblog\/wp-content\/uploads\/WhatsApp-Image-2024-10-30-at-12.26.56-1.jpeg?fit=1200%2C942&quality=99&ssl=1 2x, https:\/\/i0.wp.com\/cts-chile.cl\/weblog\/wp-content\/uploads\/WhatsApp-Image-2024-10-30-at-12.26.56-1.jpeg?fit=1200%2C942&quality=99&ssl=1 3x"},"classes":[]},{"id":2285,"url":"https:\/\/cts-chile.cl\/weblog\/2018\/03\/28\/postulaciones-al-anthropocene-campus-melbourne-2018-acm18\/","url_meta":{"origin":1878,"position":4},"title":"Postulaciones al Anthropocene Campus Melbourne 2018 (ACM18)","author":"admin","date":"Marzo 28, 2018","format":false,"excerpt":"Est\u00e1 pronto a cerrarse el plazo para postular al Anthropocene Campus Melbourne 2018 SITIO del EVENTO Applications to participate in Anthropocene Campus Melbourne 2018 (ACM18) are closing at midnight AEDT on Tuesday 3 April 2018. Applicants will be informed of the outcome of their application by Monday 23 April 2018.\u2026","rel":"","context":"En &quot;Convocatorias&quot;","block_context":{"text":"Convocatorias","link":"https:\/\/cts-chile.cl\/weblog\/category\/convocatorias\/"},"img":{"alt_text":"","src":"","width":0,"height":0},"classes":[]},{"id":2083,"url":"https:\/\/cts-chile.cl\/weblog\/2017\/08\/03\/jueves-3-de-agosto-16-hrs-charla-en-idea-la-politica-de-patentes-y-los-movimientos-sociales-en-un-caso-comparado-sobre-ee-uu-y-europa\/","url_meta":{"origin":1878,"position":5},"title":"JUEVES 3 de AGOSTO, 16 hrs, CHARLA EN IDEA: La Pol\u00edtica de Patentes y los Movimientos Sociales en un caso comparado sobre EE.UU. y Europa","author":"admin","date":"Agosto 3, 2017","format":false,"excerpt":"La Pol\u00edtica de Patentes y los Movimientos Sociales en un caso comparado sobre EE.UU. y Europa Dra. Shobita\u00a0Parthasarathy Jueves 3 de agosto,\u00a0a las 16 hrs., en el Instituto de Estudios Avanzados (IDEA), ubicado en calle Rom\u00e1n D\u00edaz 89,\u00a0Providencia, Santiago. La Dra. Parthasarathy es graduada en Estudios de Ciencia y Tecnolog\u00eda,\u2026","rel":"","context":"En &quot;Eventos&quot;","block_context":{"text":"Eventos","link":"https:\/\/cts-chile.cl\/weblog\/category\/events\/"},"img":{"alt_text":"","src":"","width":0,"height":0},"classes":[]}],"_links":{"self":[{"href":"https:\/\/cts-chile.cl\/weblog\/wp-json\/wp\/v2\/posts\/1878","targetHints":{"allow":["GET"]}}],"collection":[{"href":"https:\/\/cts-chile.cl\/weblog\/wp-json\/wp\/v2\/posts"}],"about":[{"href":"https:\/\/cts-chile.cl\/weblog\/wp-json\/wp\/v2\/types\/post"}],"author":[{"embeddable":true,"href":"https:\/\/cts-chile.cl\/weblog\/wp-json\/wp\/v2\/users\/1"}],"replies":[{"embeddable":true,"href":"https:\/\/cts-chile.cl\/weblog\/wp-json\/wp\/v2\/comments?post=1878"}],"version-history":[{"count":0,"href":"https:\/\/cts-chile.cl\/weblog\/wp-json\/wp\/v2\/posts\/1878\/revisions"}],"wp:featuredmedia":[{"embeddable":true,"href":"https:\/\/cts-chile.cl\/weblog\/wp-json\/"}],"wp:attachment":[{"href":"https:\/\/cts-chile.cl\/weblog\/wp-json\/wp\/v2\/media?parent=1878"}],"wp:term":[{"taxonomy":"category","embeddable":true,"href":"https:\/\/cts-chile.cl\/weblog\/wp-json\/wp\/v2\/categories?post=1878"},{"taxonomy":"post_tag","embeddable":true,"href":"https:\/\/cts-chile.cl\/weblog\/wp-json\/wp\/v2\/tags?post=1878"}],"curies":[{"name":"wp","href":"https:\/\/api.w.org\/{rel}","templated":true}]}}