{"id":1870,"date":"2017-05-03T02:12:48","date_gmt":"2017-05-02T23:12:48","guid":{"rendered":"http:\/\/cts-chile.cl\/?p=1870"},"modified":"2017-05-03T02:12:48","modified_gmt":"2017-05-02T23:12:48","slug":"ciencia-para-el-bien-comun-los-desafios-de-la-transparencia-y-el-acceso-a-informacion-en-chile","status":"publish","type":"post","link":"https:\/\/cts-chile.cl\/weblog\/2017\/05\/03\/ciencia-para-el-bien-comun-los-desafios-de-la-transparencia-y-el-acceso-a-informacion-en-chile\/","title":{"rendered":"\u00bfCiencia para el bien com\u00fan? los desaf\u00edos de la transparencia y el acceso a informaci\u00f3n en Chile"},"content":{"rendered":"<p>El N\u00facleo Milenio en Biolog\u00eda Sint\u00e9tica y Sistemas Vegetales invita a los integrantes de la Red CTS-Chile\u00a0al<br \/>\nconversatorio <b>\u201c\u00bfCiencia para el bien com\u00fan? los desaf\u00edos de la transparencia y el acceso a informaci\u00f3n en Chil<\/b><\/p>\n<div><\/div>\n<div><b>FECHA: 4 de mayo 2017\u00a0<\/b><\/div>\n<div><b>HORA: 9:30-12:30 AM\u00a0<\/b><\/div>\n<div><b>LUGAR: Auditorio Abate Molina, Casa Central de la Pontificia Universidad Cat\u00f3lica de Chile.<\/b><\/p>\n<p>Registro y programa detallado del evento en <a href=\"http:\/\/webmail.vtr.net\/SRedirect\/035DA54B\/ciencia_bien_comun.eventbrite.com\" target=\"_blank\" rel=\"noopener noreferrer\">https:\/\/ciencia_bien_comun.eventbrite.com<\/a><\/div>\n","protected":false},"excerpt":{"rendered":"<p>El N\u00facleo Milenio en Biolog\u00eda Sint\u00e9tica y Sistemas Vegetales invita a los integrantes de la Red CTS-Chile\u00a0al conversatorio \u201c\u00bfCiencia para el bien com\u00fan? los desaf\u00edos de la transparencia y el acceso a informaci\u00f3n en Chil FECHA: 4 de mayo 2017\u00a0 HORA: 9:30-12:30 AM\u00a0 LUGAR: Auditorio Abate Molina, Casa Central de la Pontificia Universidad Cat\u00f3lica de<\/p>\n","protected":false},"author":1,"featured_media":1871,"comment_status":"open","ping_status":"closed","sticky":false,"template":"","format":"standard","meta":{"jetpack_post_was_ever_published":false,"_jetpack_newsletter_access":"","_jetpack_dont_email_post_to_subs":false,"_jetpack_newsletter_tier_id":0,"_jetpack_memberships_contains_paywalled_content":false,"_jetpack_memberships_contains_paid_content":false,"footnotes":"","jetpack_publicize_message":"","jetpack_publicize_feature_enabled":true,"jetpack_social_post_already_shared":true,"jetpack_social_options":{"image_generator_settings":{"template":"highway","default_image_id":0,"font":"","enabled":false},"version":2}},"categories":[5],"tags":[],"class_list":["post-1870","post","type-post","status-publish","format-standard","has-post-thumbnail","hentry","category-events"],"jetpack_publicize_connections":[],"jetpack_featured_media_url":"","jetpack_sharing_enabled":true,"jetpack-related-posts":[{"id":1629,"url":"https:\/\/cts-chile.cl\/weblog\/2016\/10\/06\/ii-encuentro-de-comunicacion-y-cultura-cientifica\/","url_meta":{"origin":1870,"position":0},"title":"II Encuentro de Comunicaci\u00f3n y Cultura Cient\u00edfica","author":"admin","date":"Octubre 6, 2016","format":false,"excerpt":"\u00bfLa cultura cient\u00edfica ha muerto? \u00a1Viva la cultura cient\u00edfica! La Encuesta Nacional de Percepci\u00f3n Social de la Ciencia y la Tecnolog\u00eda en Chile 2016 realizada por la Comisi\u00f3n Nacional de Investigaci\u00f3n Cient\u00edfica y Tecnol\u00f3gica (CONICYT) \u00a0se enmarca en un esfuerzo creciente por mejorar la comunicaci\u00f3n de la ciencia en el\u2026","rel":"","context":"En &quot;Convocatorias&quot;","block_context":{"text":"Convocatorias","link":"https:\/\/cts-chile.cl\/weblog\/category\/convocatorias\/"},"img":{"alt_text":"608cb88c-232f-428c-83ac-53985be8d1e8","src":"http:\/\/cts-chile.cl\/wp-content\/uploads\/2016\/10\/608CB88C-232F-428C-83AC-53985BE8D1E8.jpg","width":320,"height":0,"srcset":"http:\/\/cts-chile.cl\/wp-content\/uploads\/2016\/10\/608CB88C-232F-428C-83AC-53985BE8D1E8.jpg 1x, http:\/\/cts-chile.cl\/wp-content\/uploads\/2016\/10\/608CB88C-232F-428C-83AC-53985BE8D1E8.jpg 1.5x"},"classes":[]},{"id":1850,"url":"https:\/\/cts-chile.cl\/weblog\/2017\/04\/12\/jornada-antropoceno-en-chile-desafios-actuales-futuros-posibles\/","url_meta":{"origin":1870,"position":1},"title":"Jornada \u201cAntropoceno en Chile: Desaf\u00edos Actuales, Futuros Posibles\u201d","author":"admin","date":"Abril 12, 2017","format":false,"excerpt":"Jornada Antropoceno en Chile, Las Cruces 28 y 29 de Abril 2017 El Antropoceno es el t\u00e9rmino propuesto para reconocer la capacidad\u00a0geol\u00f3gica de la humanidad para alterar irreversiblemente los sistemas\u00a0biof\u00edsicos del planeta. El t\u00e9rmino ha generado una explosiva respuesta al interior\u00a0de las ciencias sociales, las humanidades y las artes. El\u2026","rel":"","context":"En &quot;Eventos&quot;","block_context":{"text":"Eventos","link":"https:\/\/cts-chile.cl\/weblog\/category\/events\/"},"img":{"alt_text":"","src":"http:\/\/cts-chile.cl\/wp-content\/uploads\/2017\/04\/Antropeocenojornada-300x225.jpg","width":320,"height":0},"classes":[]},{"id":2406,"url":"https:\/\/cts-chile.cl\/weblog\/2018\/08\/01\/infraestructuras-temporalidades-y-espacialidades-creaciones-tensiones-y-continuidades\/","url_meta":{"origin":1870,"position":2},"title":"VI Encuentro de la red CTS-Chile 2019:\u00a0&#8220;Infraestructuras, Temporalidades y Espacialidades: creaciones, tensiones y continuidades&#8221;","author":"admin","date":"Agosto 1, 2018","format":false,"excerpt":"Osorno es puerta de entrada a una de las regiones m\u00e1s emblem\u00e1ticas: la Patagonia Chilena y el 2019 ser\u00e1 sede del VI Encuentro de Ciencia, Tecnolog\u00eda y Sociedad CTS-Chile. Para esta ocasi\u00f3n se establece una importante l\u00ednea de reflexi\u00f3n que propone una lectura de las Infraestructuras \u2013tanto materiales como inmateriales-\u2026","rel":"","context":"En &quot;Eventos&quot;","block_context":{"text":"Eventos","link":"https:\/\/cts-chile.cl\/weblog\/category\/events\/"},"img":{"alt_text":"","src":"","width":0,"height":0},"classes":[]},{"id":2129,"url":"https:\/\/cts-chile.cl\/weblog\/2017\/10\/25\/participa-del-v-encuentro-cts-chile\/","url_meta":{"origin":1870,"position":3},"title":"Participa del V Encuentro CTS- Chile, Curic\u00f3 2018","author":"admin","date":"Octubre 25, 2017","format":false,"excerpt":"La Universidad Cat\u00f3lica del Maule, campus Nuestra Sra. Del Carmen, ser\u00e1 la sede del V Encuentro de la Red Chilena de Ciencia, Tecnolog\u00eda y Sociedad CTS-Chile, que se desarrollar\u00e1 entre el 17 y 19 de enero del 2018. El encuentro, titulado \"Surcar campos tecnol\u00f3gicos: rupturas y amalgamas en torno a\u2026","rel":"","context":"En &quot;Eventos&quot;","block_context":{"text":"Eventos","link":"https:\/\/cts-chile.cl\/weblog\/category\/events\/"},"img":{"alt_text":"","src":"http:\/\/www.cts-chile.cl\/wp-content\/uploads\/2017\/10\/recorrido-cerro-300x174.png","width":320,"height":0},"classes":[]},{"id":2638,"url":"https:\/\/cts-chile.cl\/weblog\/2019\/10\/10\/se-amplia-plazo-para-envio-de-ponencias-vii-encuentro-cts-chile-2020\/","url_meta":{"origin":1870,"position":4},"title":"VII Encuentro CTS-Chile 2020","author":"admin","date":"Octubre 10, 2019","format":false,"excerpt":"\u00a1Se amplia el plazo para env\u00edo de res\u00famenes hasta el d\u00eda 21 de Octubre. Te invitamos a enviar tu ponencia a alguno de los 20 paneles abiertos que tiene el VII Encuentro Anual de la Red CTS-Chile: Desaf\u00edos jur\u00eddico-pol\u00edticos en tecnolog\u00eda y entornos digitales, Pol\u00edticas de ciencia, tecnolog\u00eda e innovaci\u00f3n,\u2026","rel":"","context":"En &quot;Eventos&quot;","block_context":{"text":"Eventos","link":"https:\/\/cts-chile.cl\/weblog\/category\/events\/"},"img":{"alt_text":"","src":"","width":0,"height":0},"classes":[]},{"id":2575,"url":"https:\/\/cts-chile.cl\/weblog\/2014\/10\/17\/el-valor-de-los-estudios-de-ciencia-y-tecnologia-en-chile\/","url_meta":{"origin":1870,"position":5},"title":"El valor de los estudios de ciencia y tecnolog\u00eda en Chile","author":"admin","date":"Octubre 17, 2014","format":"image","excerpt":"Por\u00a0Yuri Carvajal,\u00a0Profesor, M\u00e9dico y editor de la Revista Chilena de Salud P\u00fablica. Octubre 15, 2014. Publicado en:\u00a0Sentidos Comunes. Es dif\u00edcil explicar el valor de una aproximaci\u00f3n practicada con alegr\u00eda e intensidad en los \u00faltimos 5 a\u00f1os, por un investigador. Los argumentos se mezclan con los gustos, las afinidades electivas, el\u2026","rel":"","context":"En &quot;Columnas&quot;","block_context":{"text":"Columnas","link":"https:\/\/cts-chile.cl\/weblog\/category\/columnas\/"},"img":{"alt_text":"LABORATORIO","src":"http:\/\/cts-chile.cl\/wp-content\/uploads\/2014\/09\/cropped-Photo-Jun-07-11-31-45-AM.jpg","width":320,"height":0,"srcset":"http:\/\/cts-chile.cl\/wp-content\/uploads\/2014\/09\/cropped-Photo-Jun-07-11-31-45-AM.jpg 1x, http:\/\/cts-chile.cl\/wp-content\/uploads\/2014\/09\/cropped-Photo-Jun-07-11-31-45-AM.jpg 1.5x"},"classes":[]}],"_links":{"self":[{"href":"https:\/\/cts-chile.cl\/weblog\/wp-json\/wp\/v2\/posts\/1870","targetHints":{"allow":["GET"]}}],"collection":[{"href":"https:\/\/cts-chile.cl\/weblog\/wp-json\/wp\/v2\/posts"}],"about":[{"href":"https:\/\/cts-chile.cl\/weblog\/wp-json\/wp\/v2\/types\/post"}],"author":[{"embeddable":true,"href":"https:\/\/cts-chile.cl\/weblog\/wp-json\/wp\/v2\/users\/1"}],"replies":[{"embeddable":true,"href":"https:\/\/cts-chile.cl\/weblog\/wp-json\/wp\/v2\/comments?post=1870"}],"version-history":[{"count":0,"href":"https:\/\/cts-chile.cl\/weblog\/wp-json\/wp\/v2\/posts\/1870\/revisions"}],"wp:featuredmedia":[{"embeddable":true,"href":"https:\/\/cts-chile.cl\/weblog\/wp-json\/"}],"wp:attachment":[{"href":"https:\/\/cts-chile.cl\/weblog\/wp-json\/wp\/v2\/media?parent=1870"}],"wp:term":[{"taxonomy":"category","embeddable":true,"href":"https:\/\/cts-chile.cl\/weblog\/wp-json\/wp\/v2\/categories?post=1870"},{"taxonomy":"post_tag","embeddable":true,"href":"https:\/\/cts-chile.cl\/weblog\/wp-json\/wp\/v2\/tags?post=1870"}],"curies":[{"name":"wp","href":"https:\/\/api.w.org\/{rel}","templated":true}]}}