{"id":1863,"date":"2017-04-22T04:32:28","date_gmt":"2017-04-22T01:32:28","guid":{"rendered":"http:\/\/cts-chile.cl\/?p=1863"},"modified":"2017-04-22T04:32:28","modified_gmt":"2017-04-22T01:32:28","slug":"jorge-gilbert-por-que-marcho-manana","status":"publish","type":"post","link":"https:\/\/cts-chile.cl\/weblog\/2017\/04\/22\/jorge-gilbert-por-que-marcho-manana\/","title":{"rendered":"JORGE GIBERT: \u00bfPor qu\u00e9 marcho ma\u00f1ana?"},"content":{"rendered":"<div style=\"text-align: right;\">Por Jorge Gi<img data-recalc-dims=\"1\" loading=\"lazy\" decoding=\"async\" class=\"alignnone size-full wp-image-1867 alignleft\" src=\"https:\/\/i0.wp.com\/cts-chile.cl\/wp-content\/uploads\/2017\/04\/Jorge-Gibert.jpg?resize=109%2C150&#038;quality=99\" alt=\"\" width=\"109\" height=\"150\" \/>bert<\/div>\n<div><\/div>\n<div>La Marcha por la Ciencia es un evento complejo y puede tener varias lecturas. La primera es generalista, asociada al impetu movimientista de inicios del siglo XXI, que se traducen en Occupy Wall Street, M-15 y la protesta de los taxistas contra Uber. Ellas son parte de un \u00e1rbol geneal\u00f3gico cuyas ra\u00edces probablemente est\u00e1n en el esp\u00edritu anti-globalizacion o anti-consecuencias de ella. Por diversas casualidades, me toc\u00f3 vivir todos ellos y pienso que la motivaci\u00f3n sin ser clara, refleja una posici\u00f3n: la posici\u00f3n del excluido. Y ser cient\u00edfico en Chile implica una posici\u00f3n de exclusi\u00f3n, desde el minuto que un joven Ph.D. gana menos de lo que gana, en much\u00edsimas areas, un t\u00e9cnico universitario. Para no hablar de un cient\u00edfico consagrado, con una obra en su disciplina, cuya renta es muy inferior a la de un sub-gerente de empresa mediana. Pero no es solo un asunto de dinero, tambi\u00e9n es un asunto de prestigio social, ya que en el Chile neoliberal vales socialmente por lo que tienes.<\/div>\n<div><\/div>\n<div><\/div>\n<div>Una segunda lectura puede ser: hacer ciencia en Chile es &#8220;raro&#8221;, ser innovador es una &#8220;insolencia&#8221; y, desde las esferas empresariales pero tambi\u00e9n pol\u00edticas, constituye un &#8220;desperdicio&#8221;. Y adem\u00e1s, \u00bfque tanto alegan (dir\u00e1n desde las alturas del poder) cuando los presupuestos, becas y demases incentivos a la ciencia se han multiplicado varias veces desde la llegada de la democracia? Pero lo cierto es que el mundo cient\u00edfico, tecnol\u00f3gico y de la innovaci\u00f3n no alegan desde la pobreza (creo), sino m\u00e1s bien por la gran farra que significa para un pais esclavo de sus recursos naturales que no le agreguemos valor a estas exportaciones. Al menos desde la econom\u00eda pol\u00edtica, uno constata que en 1970 hab\u00edan exportaciones mineras con m\u00e1s valor agregado que hoy: Chile exportaba m\u00e1s alambr\u00f3n de cobre en 1970. Hoy lo hace menos: en un container de mineral, el 70% es escoria, por lo que podemos afirmar que la mayor exportaci\u00f3n de Chile es escoria, NO cobre. Alegamos por las oportunidades perdidas, por hipotecar el futuro.<\/div>\n<div><\/div>\n<div><\/div>\n<div>Una tercera lectura es de mercado laboral. En efecto, las becas Chile han multiplicado la fuerza de trabajo cient\u00edfica y, en cierto sentido, se han generado condiciones para una suerte de sindicalizacion cient\u00edfica: los cient\u00edficos queremos ser reconocidos en nuestros derechos laborales. Pero como no somos obreros, en vez de sindicatos se ha elegido la constituci\u00f3n de fundaciones, corporaciones y ONGs pro-ciencia, que han entrado a la lucha por el poder, al menos medi\u00e1tico. Es mediante la conexi\u00f3n ciencia-pol\u00edtica que los cient\u00edficos han puesto en el debate la creaci\u00f3n de un Ministerio de Ciencia y Tecnologia para Chile. Esto no es nuevo: se pueden rastrear muchas posturas favorables al respecto, desde los a\u00f1os 80 inclusive. Un rol importante en esa materia la han tenido los activistas pro-ciencia, que no siempre son cientificos, pero que aportan al desarrollo de la ciencia, como los periodistas por ejemplo. En ese sentido, la marcha es expresi\u00f3n del deseo de dotar a Chile de un Ministerio de CyT, as\u00ed como de aumentar el presupuesto estatal para la ciencia y llegar al 1% del PIB.<\/div>\n<div><\/div>\n<div><\/div>\n<div>Una cuarta es que la ciencia como tal hoy posee un leve car\u00e1cter de espect\u00e1culo &#8211; al igual que la politica &#8211; y muchos cient\u00edficos y activistas pro-ciencia destinan su tiempo a visibilizar la actividad cient\u00edfica, a hacerle propaganda. En ese sentido, la marcha es eso: publicidad pro-ciencia. Hay maneras de hacer esto, muchas. El Congreso del Futuro es una, aunque para m\u00ed al menos, sea algo triste tener que apelar a una mala analog\u00eda para llamar la atenci\u00f3n del p\u00fablico (como por ejemplo, que las plantas son inteligentes y tienen sentimientos, o que el universo posee un dise\u00f1o).<\/div>\n<div><\/div>\n<div><\/div>\n<div>En fin, podria seguir y quiz\u00e1s aprovechar de escribir un paper sensacionalista, para llamar la atenci\u00f3n de alg\u00fan editor y ojal\u00e1 ponerlo en problemas ya sea con el t\u00edtulo, mi condici\u00f3n de g\u00e9nero o de etnia, para que pensando en una futura demanda por discriminaci\u00f3n, me publique el trabajo de todas formas, aunque sea malo el paper&#8230;pues debo mejorar mis indicadores de &#8220;productividad&#8221; para la OCDE.<\/div>\n<div><\/div>\n<div><\/div>\n<div>Es muy complejo. <strong>PERO YO VOY<\/strong>. Y mis razones son absoluta y completamente pasadas de moda. Soy m\u00e1s bien un ilustrado, que cree en la posibilidad y deseabilidad de la verdad, que cree que la ciencia permite comprender mejor la realidad y que el progreso intelectual (ciencia+humanidades+arte) permite avanzar a la civilizaci\u00f3n hacia un futuro mas emocionante y luminoso. Por eso voy.<\/div>\n","protected":false},"excerpt":{"rendered":"<p>Por Jorge Gibert La Marcha por la Ciencia es un evento complejo y puede tener varias lecturas. La primera es generalista, asociada al impetu movimientista de inicios del siglo XXI, que se traducen en Occupy Wall Street, M-15 y la protesta de los taxistas contra Uber. Ellas son parte de un \u00e1rbol geneal\u00f3gico cuyas ra\u00edces<\/p>\n","protected":false},"author":1,"featured_media":1855,"comment_status":"open","ping_status":"closed","sticky":false,"template":"","format":"standard","meta":{"jetpack_post_was_ever_published":false,"_jetpack_newsletter_access":"","_jetpack_dont_email_post_to_subs":true,"_jetpack_newsletter_tier_id":0,"_jetpack_memberships_contains_paywalled_content":false,"_jetpack_memberships_contains_paid_content":false,"footnotes":"","jetpack_publicize_message":"","jetpack_publicize_feature_enabled":true,"jetpack_social_post_already_shared":true,"jetpack_social_options":{"image_generator_settings":{"template":"highway","default_image_id":0,"font":"","enabled":false},"version":2}},"categories":[5],"tags":[79],"class_list":["post-1863","post","type-post","status-publish","format-standard","has-post-thumbnail","hentry","category-events","tag-marcha"],"jetpack_publicize_connections":[],"jetpack_featured_media_url":"","jetpack_sharing_enabled":true,"jetpack-related-posts":[{"id":1854,"url":"https:\/\/cts-chile.cl\/weblog\/2017\/04\/21\/preparando-la-marcha-taller-de-politica-cientifica\/","url_meta":{"origin":1863,"position":0},"title":"Preparando la Marcha: Taller de Pol\u00edtica Cient\u00edfica","author":"admin","date":"Abril 21, 2017","format":false,"excerpt":"Taller Abierto de Pol\u00edtica Cient\u00edfica: Reflexionando sobre c\u00f3mo gobernar el conocimiento \u00a0 Organizada por\u00a0el Centro de Investigaci\u00f3n e Innovaci\u00f3n de la Universidad Central, junto con Centro Periferia, Universidad Santo Tom\u00e1s, y bajo la convocatoria de la Marcha de la Ciencia, el s\u00e1bado 8 de Abril se llev\u00f3 a cabo el\u2026","rel":"","context":"En &quot;Eventos&quot;","block_context":{"text":"Eventos","link":"https:\/\/cts-chile.cl\/weblog\/category\/events\/"},"img":{"alt_text":"","src":"","width":0,"height":0},"classes":[]},{"id":886,"url":"https:\/\/cts-chile.cl\/weblog\/2015\/11\/06\/convocatoria-revista-estudios-social-dossier-internacionalizacion-y-movilidad-academica-trayectorias-programas-agencias\/","url_meta":{"origin":1863,"position":1},"title":"Convocatoria Revista Estudios Sociales, Dossier &#8220;Internacionalizaci\u00f3n y movilidad acad\u00e9mica: trayectorias, programas, agencias&#8221;","author":"admin","date":"Noviembre 6, 2015","format":false,"excerpt":"Llamado a la presentaci\u00f3n de art\u00edculos cient\u00edficos para la Revista Estudios Sociales Contempor\u00e1neos N\u00b013 Instituto Multidisciplinario de Estudios Sociales Contempor\u00e1neos IMESC - IDEHESI \u2013 CONICET\u00a0 Dossier:\u00a0\u00a0Internacionalizaci\u00f3n y movilidad acad\u00e9mica: trayectorias, programas, agencias Coordinadores: Fernando Quesada y Osvaldo Gallardo La\u00a0Revista Estudios Sociales Contempor\u00e1neos\u00a0es una publicaci\u00f3n del Instituto Multidisciplinario de Estudios Sociales\u2026","rel":"","context":"En &quot;Convocatorias&quot;","block_context":{"text":"Convocatorias","link":"https:\/\/cts-chile.cl\/weblog\/category\/convocatorias\/"},"img":{"alt_text":"Logo est soc cont 1","src":"http:\/\/cts-chile.cl\/wp-content\/uploads\/2014\/09\/cropped-Photo-Jun-07-11-31-45-AM.jpg","width":320,"height":0},"classes":[]},{"id":2581,"url":"https:\/\/cts-chile.cl\/weblog\/2016\/01\/17\/call-for-papers-revue-danthropologie-des-connaissances-rac-y-fronteras-iii-encuentro-cts-chile\/","url_meta":{"origin":1863,"position":2},"title":"Call for Papers &#8211; Revue d&#8217;anthropologie des connaissances (RAC) y Fronteras, III Encuentro CTS-Chile","author":"admin","date":"Enero 17, 2016","format":false,"excerpt":"CONVOCATORIA CERRADA EL 20 DE ENERO . Revue d'Anthropologie des Connaissances (RAC) Revue d'anthropologie des connaissances (RAC) Quienes deseen postular su ponencia a la publicaci\u00f3n del n\u00famero especial de la revista Anthropologie des Connaissances (RAC), les recordamos que esperamos sus ponencias para el 20\u00a0de enero [nueva fecha], en versi\u00f3n castellano\u2026","rel":"","context":"En &quot;Convocatorias&quot;","block_context":{"text":"Convocatorias","link":"https:\/\/cts-chile.cl\/weblog\/category\/convocatorias\/"},"img":{"alt_text":"Screen Shot 2016-01-17 at 17.06.36","src":"http:\/\/cts-chile.cl\/wp-content\/uploads\/2014\/09\/cropped-Photo-Jun-07-11-31-45-AM.jpg","width":320,"height":0,"srcset":"http:\/\/cts-chile.cl\/wp-content\/uploads\/2014\/09\/cropped-Photo-Jun-07-11-31-45-AM.jpg 1x, http:\/\/cts-chile.cl\/wp-content\/uploads\/2014\/09\/cropped-Photo-Jun-07-11-31-45-AM.jpg 1.5x, http:\/\/cts-chile.cl\/wp-content\/uploads\/2014\/09\/cropped-Photo-Jun-07-11-31-45-AM.jpg 2x"},"classes":[]},{"id":1790,"url":"https:\/\/cts-chile.cl\/weblog\/2017\/01\/22\/asamblea-iv-encuentro-cts-chile\/","url_meta":{"origin":1863,"position":3},"title":"Asamblea IV Encuentro CTS-Chile","author":"admin","date":"Enero 22, 2017","format":false,"excerpt":"Aproximadamente a las 4 de la tarde del viernes 20 de enero, y despu\u00e9s de una colorida y movilizada jornada de reflexi\u00f3n a cargo de Mart\u00edn P\u00e9rez Comisso y Mar\u00eda Teresa Santander -preparada tambi\u00e9n junto a Gloria Baigorrotegui y Manuel Tironi-, sobre las experiencias en torno a CTS-Chile, se inici\u00f3\u2026","rel":"","context":"En &quot;Eventos&quot;","block_context":{"text":"Eventos","link":"https:\/\/cts-chile.cl\/weblog\/category\/events\/"},"img":{"alt_text":"","src":"http:\/\/cts-chile.cl\/wp-content\/uploads\/2017\/01\/img_5013-1.jpg","width":320,"height":0,"srcset":"http:\/\/cts-chile.cl\/wp-content\/uploads\/2017\/01\/img_5013-1.jpg 1x, http:\/\/cts-chile.cl\/wp-content\/uploads\/2017\/01\/img_5013-1.jpg 1.5x, http:\/\/cts-chile.cl\/wp-content\/uploads\/2017\/01\/img_5013-1.jpg 2x, http:\/\/cts-chile.cl\/wp-content\/uploads\/2017\/01\/img_5013-1.jpg 3x, http:\/\/cts-chile.cl\/wp-content\/uploads\/2017\/01\/img_5013-1.jpg 4x"},"classes":[]},{"id":907,"url":"https:\/\/cts-chile.cl\/weblog\/2015\/11\/16\/conversatorio-condiciones-de-posibilidad-social-del-conocimiento-la-ciencia-periferica-sur-sur\/","url_meta":{"origin":1863,"position":4},"title":"Conversatorio &#8220;Condiciones de posibilidad social del conocimiento, la ciencia perif\u00e9rica sur-sur&#8221;","author":"admin","date":"Noviembre 16, 2015","format":"image","excerpt":"Estimados(as) miembros de la red, Andr\u00e9s G\u00f3mez Seguel invita junto a Jorge Giber a un conservatorio cuyo prop\u00f3sito ser\u00e1 de abordar, bajo un esquema distendido (no menos riguroso), las condiciones de posibilidad social del conocimiento en la periferia. La ocasi\u00f3n pretende conectar con la tambaleante condici\u00f3n de nuestro sistema ciencia\u2026","rel":"","context":"En &quot;Eventos&quot;","block_context":{"text":"Eventos","link":"https:\/\/cts-chile.cl\/weblog\/category\/events\/"},"img":{"alt_text":"Invitaci\u00f3n 3 Tecnolog\u00eda","src":"http:\/\/cts-chile.cl\/wp-content\/uploads\/2014\/09\/cropped-Photo-Jun-07-11-31-45-AM.jpg","width":320,"height":0,"srcset":"http:\/\/cts-chile.cl\/wp-content\/uploads\/2014\/09\/cropped-Photo-Jun-07-11-31-45-AM.jpg 1x, http:\/\/cts-chile.cl\/wp-content\/uploads\/2014\/09\/cropped-Photo-Jun-07-11-31-45-AM.jpg 1.5x"},"classes":[]},{"id":1629,"url":"https:\/\/cts-chile.cl\/weblog\/2016\/10\/06\/ii-encuentro-de-comunicacion-y-cultura-cientifica\/","url_meta":{"origin":1863,"position":5},"title":"II Encuentro de Comunicaci\u00f3n y Cultura Cient\u00edfica","author":"admin","date":"Octubre 6, 2016","format":false,"excerpt":"\u00bfLa cultura cient\u00edfica ha muerto? \u00a1Viva la cultura cient\u00edfica! La Encuesta Nacional de Percepci\u00f3n Social de la Ciencia y la Tecnolog\u00eda en Chile 2016 realizada por la Comisi\u00f3n Nacional de Investigaci\u00f3n Cient\u00edfica y Tecnol\u00f3gica (CONICYT) \u00a0se enmarca en un esfuerzo creciente por mejorar la comunicaci\u00f3n de la ciencia en el\u2026","rel":"","context":"En &quot;Convocatorias&quot;","block_context":{"text":"Convocatorias","link":"https:\/\/cts-chile.cl\/weblog\/category\/convocatorias\/"},"img":{"alt_text":"608cb88c-232f-428c-83ac-53985be8d1e8","src":"http:\/\/cts-chile.cl\/wp-content\/uploads\/2016\/10\/608CB88C-232F-428C-83AC-53985BE8D1E8.jpg","width":320,"height":0,"srcset":"http:\/\/cts-chile.cl\/wp-content\/uploads\/2016\/10\/608CB88C-232F-428C-83AC-53985BE8D1E8.jpg 1x, http:\/\/cts-chile.cl\/wp-content\/uploads\/2016\/10\/608CB88C-232F-428C-83AC-53985BE8D1E8.jpg 1.5x"},"classes":[]}],"_links":{"self":[{"href":"https:\/\/cts-chile.cl\/weblog\/wp-json\/wp\/v2\/posts\/1863","targetHints":{"allow":["GET"]}}],"collection":[{"href":"https:\/\/cts-chile.cl\/weblog\/wp-json\/wp\/v2\/posts"}],"about":[{"href":"https:\/\/cts-chile.cl\/weblog\/wp-json\/wp\/v2\/types\/post"}],"author":[{"embeddable":true,"href":"https:\/\/cts-chile.cl\/weblog\/wp-json\/wp\/v2\/users\/1"}],"replies":[{"embeddable":true,"href":"https:\/\/cts-chile.cl\/weblog\/wp-json\/wp\/v2\/comments?post=1863"}],"version-history":[{"count":0,"href":"https:\/\/cts-chile.cl\/weblog\/wp-json\/wp\/v2\/posts\/1863\/revisions"}],"wp:featuredmedia":[{"embeddable":true,"href":"https:\/\/cts-chile.cl\/weblog\/wp-json\/"}],"wp:attachment":[{"href":"https:\/\/cts-chile.cl\/weblog\/wp-json\/wp\/v2\/media?parent=1863"}],"wp:term":[{"taxonomy":"category","embeddable":true,"href":"https:\/\/cts-chile.cl\/weblog\/wp-json\/wp\/v2\/categories?post=1863"},{"taxonomy":"post_tag","embeddable":true,"href":"https:\/\/cts-chile.cl\/weblog\/wp-json\/wp\/v2\/tags?post=1863"}],"curies":[{"name":"wp","href":"https:\/\/api.w.org\/{rel}","templated":true}]}}