{"id":1854,"date":"2017-04-21T06:52:24","date_gmt":"2017-04-21T03:52:24","guid":{"rendered":"http:\/\/cts-chile.cl\/?p=1854"},"modified":"2017-04-21T06:52:24","modified_gmt":"2017-04-21T03:52:24","slug":"preparando-la-marcha-taller-de-politica-cientifica","status":"publish","type":"post","link":"https:\/\/cts-chile.cl\/weblog\/2017\/04\/21\/preparando-la-marcha-taller-de-politica-cientifica\/","title":{"rendered":"Preparando la Marcha: Taller de Pol\u00edtica Cient\u00edfica"},"content":{"rendered":"<p>Taller Abierto de Pol\u00edtica Cient\u00edfica: Reflexionando sobre c\u00f3mo gobernar el conocimiento<\/p>\n<p>&nbsp;<\/p>\n<p>Organizada por\u00a0el Centro de Investigaci\u00f3n e Innovaci\u00f3n de la Universidad Central, junto con Centro Periferia, Universidad Santo Tom\u00e1s, y bajo la convocatoria de la Marcha de la Ciencia, el s\u00e1bado 8 de Abril se llev\u00f3 a cabo el Taller Abierto de Pol\u00edtica Cient\u00edfica, una sesi\u00f3n de discusi\u00f3n y trabajo sobre los \u00e1mbitos y dimensiones de la pol\u00edtica p\u00fablica sobre ciencia para introducir a investigadores en los estudios actuales al respecto. En esta jornada, la mayor\u00eda de los ponentes son miembros de nuestra Red CTS, as\u00ed como las tem\u00e1ticas discutidas fueron abordadas desde la perspectiva multidisciplinar de nuestro campo.<\/p>\n<p>&nbsp;<\/p>\n<p>En la jornada matutina se realizaron tres presentaciones, las cuales enmarcaron a los asistentes en los conceptos y corrientes sobre el tema en Chile y el mundo. La primera presentaci\u00f3n fue hecha por la Dra. Cecilia Ibarra (CR2 &#8211; Universidad de Chile) la cual entreg\u00f3 definiciones y conceptos sobre pol\u00edtica cient\u00edfica a los asistentes. Luego, Mart\u00edn P\u00e9rez Comisso (Universidad de Chile &#8211; Centro Periferia) relat\u00f3 los principales hitos en la pol\u00edtica cient\u00edfica latinoamericana, presentando un modelo de cuatro fases hist\u00f3ricas. Posteriormente, la Dra. Carla Alvial expuso las tensiones entre ciencia y pol\u00edtica, discutiendo modelos de gobernanza y gesti\u00f3n actuales bajo diversos paradigmas.<\/p>\n<p>&nbsp;<\/p>\n<p>La sesi\u00f3n de la tarde se centr\u00f3 en el trabajo de los asistentes, con dos presentaciones sobre problem\u00e1ticas actuales: la Dra. Soledad Quiroz (Universidad Santo Tom\u00e1s) expuso sobre las consecuencias para la investigaci\u00f3n biom\u00e9dica de la ley Ricarte Soto y Ricardo Hartley (Universidad Central) sobre las dimensiones pol\u00edticas del Open Access. Estas presentaciones dispararon discusiones y preguntas que fueron finalmente abordadas en la construcci\u00f3n de ideas fuerzas para columnas sobre la relaci\u00f3n entre ciencia y pol\u00edtica. A la jornada asistieron m\u00e1s de 40 personas de instituciones de educaci\u00f3n superior de Santiago, Valpara\u00edso, Concepci\u00f3n y Temuco.<\/p>\n<p>&nbsp;<\/p>\n<p>Esta actividad es uno de los campos donde los estudios sociales de ciencia y tecnolog\u00eda pueden desplegar sus m\u00e9todos espec\u00edficos para aportar en la construcci\u00f3n de nuevos paradigmas locales del conocimiento. En Chile la gobernanza del conocimiento es un \u00e1rea a\u00fan incipiente, no obstante necesaria, en particular para aportar a la discusi\u00f3n sobre pol\u00edticas p\u00fablicas para el desarrollo de las ciencias. La problematizaci\u00f3n de ciencia y pol\u00edtica es sin duda, un gran primer paso para nuestro campo, tem\u00e1tica que esperamos continuar abordando durante 2017 y reflejar una mesa tem\u00e1tica en nuestro pr\u00f3ximo encuentro de Enero 2018.<\/p>\n<p>&nbsp;<\/p>\n","protected":false},"excerpt":{"rendered":"<p>Taller Abierto de Pol\u00edtica Cient\u00edfica: Reflexionando sobre c\u00f3mo gobernar el conocimiento &nbsp; Organizada por\u00a0el Centro de Investigaci\u00f3n e Innovaci\u00f3n de la Universidad Central, junto con Centro Periferia, Universidad Santo Tom\u00e1s, y bajo la convocatoria de la Marcha de la Ciencia, el s\u00e1bado 8 de Abril se llev\u00f3 a cabo el Taller Abierto de Pol\u00edtica Cient\u00edfica,<\/p>\n","protected":false},"author":1,"featured_media":1855,"comment_status":"open","ping_status":"closed","sticky":false,"template":"","format":"standard","meta":{"jetpack_post_was_ever_published":false,"_jetpack_newsletter_access":"","_jetpack_dont_email_post_to_subs":true,"_jetpack_newsletter_tier_id":0,"_jetpack_memberships_contains_paywalled_content":false,"_jetpack_memberships_contains_paid_content":false,"footnotes":"","jetpack_publicize_message":"","jetpack_publicize_feature_enabled":true,"jetpack_social_post_already_shared":true,"jetpack_social_options":{"image_generator_settings":{"template":"highway","default_image_id":0,"font":"","enabled":false},"version":2}},"categories":[5],"tags":[78],"class_list":["post-1854","post","type-post","status-publish","format-standard","has-post-thumbnail","hentry","category-events","tag-marcha-ciencia"],"jetpack_publicize_connections":[],"jetpack_featured_media_url":"","jetpack_sharing_enabled":true,"jetpack-related-posts":[{"id":1863,"url":"https:\/\/cts-chile.cl\/weblog\/2017\/04\/22\/jorge-gilbert-por-que-marcho-manana\/","url_meta":{"origin":1854,"position":0},"title":"JORGE GIBERT: \u00bfPor qu\u00e9 marcho ma\u00f1ana?","author":"admin","date":"Abril 22, 2017","format":false,"excerpt":"Por Jorge Gibert La Marcha por la Ciencia es un evento complejo y puede tener varias lecturas. La primera es generalista, asociada al impetu movimientista de inicios del siglo XXI, que se traducen en Occupy Wall Street, M-15 y la protesta de los taxistas contra Uber. Ellas son parte de\u2026","rel":"","context":"En &quot;Eventos&quot;","block_context":{"text":"Eventos","link":"https:\/\/cts-chile.cl\/weblog\/category\/events\/"},"img":{"alt_text":"","src":"http:\/\/cts-chile.cl\/wp-content\/uploads\/2017\/04\/Jorge-Gibert.jpg","width":320,"height":0},"classes":[]},{"id":1177,"url":"https:\/\/cts-chile.cl\/weblog\/2015\/07\/02\/charla-credibilidad-cientifica-y-conflictos-ambientales-en-chile-algunas-reflexiones-sobre-ciencia-y-democracia-javiera-barandiaran\/","url_meta":{"origin":1854,"position":1},"title":"Charla: &#8220;Credibilidad cient\u00edfica y conflictos ambientales en Chile: Algunas reflexiones sobre ciencia y democracia&#8221;. Javiera Barandiar\u00e1n.","author":"admin","date":"Julio 2, 2015","format":"image","excerpt":"El\u00a0Proyecto Fondecyt 1131099, \u2018Comunicaci\u00f3n P\u00fablica de la Ciencia y Modernizaci\u00f3n Reflexiva\u2019, en conjunto al Centro de Estudios Ambientales (CEAM) y la Escuela de Graduados, Facultad de Filosof\u00eda y Humanidades, Universidad Austral de Chile, invitan a la Charla: \"Credibilidad cient\u00edfica y conflictos ambientales en Chile: Algunas reflexiones sobre ciencia y democracia\",\u2026","rel":"","context":"En &quot;Eventos&quot;","block_context":{"text":"Eventos","link":"https:\/\/cts-chile.cl\/weblog\/category\/events\/"},"img":{"alt_text":"afiche charla y resumen Javiera Barandiaran","src":"http:\/\/cts-chile.cl\/wp-content\/uploads\/2014\/09\/cropped-Photo-Jun-07-11-31-45-AM.jpg","width":320,"height":0,"srcset":"http:\/\/cts-chile.cl\/wp-content\/uploads\/2014\/09\/cropped-Photo-Jun-07-11-31-45-AM.jpg 1x, http:\/\/cts-chile.cl\/wp-content\/uploads\/2014\/09\/cropped-Photo-Jun-07-11-31-45-AM.jpg 1.5x, http:\/\/cts-chile.cl\/wp-content\/uploads\/2014\/09\/cropped-Photo-Jun-07-11-31-45-AM.jpg 2x, http:\/\/cts-chile.cl\/wp-content\/uploads\/2014\/09\/cropped-Photo-Jun-07-11-31-45-AM.jpg 3x"},"classes":[]},{"id":1629,"url":"https:\/\/cts-chile.cl\/weblog\/2016\/10\/06\/ii-encuentro-de-comunicacion-y-cultura-cientifica\/","url_meta":{"origin":1854,"position":2},"title":"II Encuentro de Comunicaci\u00f3n y Cultura Cient\u00edfica","author":"admin","date":"Octubre 6, 2016","format":false,"excerpt":"\u00bfLa cultura cient\u00edfica ha muerto? \u00a1Viva la cultura cient\u00edfica! La Encuesta Nacional de Percepci\u00f3n Social de la Ciencia y la Tecnolog\u00eda en Chile 2016 realizada por la Comisi\u00f3n Nacional de Investigaci\u00f3n Cient\u00edfica y Tecnol\u00f3gica (CONICYT) \u00a0se enmarca en un esfuerzo creciente por mejorar la comunicaci\u00f3n de la ciencia en el\u2026","rel":"","context":"En &quot;Convocatorias&quot;","block_context":{"text":"Convocatorias","link":"https:\/\/cts-chile.cl\/weblog\/category\/convocatorias\/"},"img":{"alt_text":"608cb88c-232f-428c-83ac-53985be8d1e8","src":"http:\/\/cts-chile.cl\/wp-content\/uploads\/2016\/10\/608CB88C-232F-428C-83AC-53985BE8D1E8.jpg","width":320,"height":0,"srcset":"http:\/\/cts-chile.cl\/wp-content\/uploads\/2016\/10\/608CB88C-232F-428C-83AC-53985BE8D1E8.jpg 1x, http:\/\/cts-chile.cl\/wp-content\/uploads\/2016\/10\/608CB88C-232F-428C-83AC-53985BE8D1E8.jpg 1.5x"},"classes":[]},{"id":2579,"url":"https:\/\/cts-chile.cl\/weblog\/2015\/08\/17\/hacia-el-ensamblaje-de-estudios-cts-en-chile-notas-del-ii-encuentro-cts-chile-en-temuco\/","url_meta":{"origin":1854,"position":3},"title":"Hacia el ensamblaje de Estudios CTS en Chile: Notas del II Encuentro CTS-Chile en Temuco","author":"admin","date":"Agosto 17, 2015","format":"image","excerpt":"En v\u00edas del desarrollo del III Encuentro CTS-Chile, en la ciudad de Valpara\u00edso, difundimos una columna elaborada por Ronald Cancino y Helder Binimelis, sobre el II Encuentro desarrollado en Temuco. Se ha publicado hace unos d\u00edas en el Blog de la Society for Social Studies of Science (4S), y dice\u2026","rel":"","context":"En &quot;Columnas&quot;","block_context":{"text":"Columnas","link":"https:\/\/cts-chile.cl\/weblog\/category\/columnas\/"},"img":{"alt_text":"","src":"http:\/\/img.youtube.com\/vi\/GCgbeObGYxk\/0.jpg","width":320,"height":0},"classes":[]},{"id":2012,"url":"https:\/\/cts-chile.cl\/weblog\/2017\/06\/23\/invitacion-a-coloquio-en-colombia\/","url_meta":{"origin":1854,"position":4},"title":"Invitaci\u00f3n a Coloquio en Colombia","author":"admin","date":"Junio 23, 2017","format":false,"excerpt":"Segundo Coloquio Nacional de Estudios Sociales de las Ciencias y las Tecnolog\u00edas HACER LA PAZ EN UN MUNDO POSVERDAD Convocatoria: 21, 22, 23 y 25 de septiembre, 2017 \u00a0 Los estudios sociales de las ciencias y las tecnolog\u00edas (ESCT) a trav\u00e9s del estudio de la coproducci\u00f3n de la tecnociencia contempor\u00e1nea\u2026","rel":"","context":"En &quot;Eventos&quot;","block_context":{"text":"Eventos","link":"https:\/\/cts-chile.cl\/weblog\/category\/events\/"},"img":{"alt_text":"","src":"","width":0,"height":0},"classes":[]},{"id":3210,"url":"https:\/\/cts-chile.cl\/weblog\/2025\/03\/28\/epistemic-corruption-sergio-sismondo-en-cects\/","url_meta":{"origin":1854,"position":5},"title":"&#8220;Epistemic Corruption&#8221;. Sergio Sismondo en CECTS.","author":"Post Email","date":"Marzo 28, 2025","format":false,"excerpt":"\u00bfConflictos de inter\u00e9s? \u00bfIntegridad cient\u00edfica? \u00bfDatos v\u00e1lidos? \u00bfInvestigaci\u00f3n integrada sin problemas a la ciencia m\u00e9dica leg\u00edtima? Sergio Sismondo nos visita el 9 de abril para presentarnos sus recientes trabajos sobre corrupci\u00f3n epist\u00e9mica. \u00a1Bienvenidas y bienvenidos!Sergio Sismondo es Profesor de Filosof\u00eda en Queen's\u00a0University, Canad\u00e1, donde realiza investigaciones en CTS, en la\u2026","rel":"","context":"En &quot;Contribuciones&quot;","block_context":{"text":"Contribuciones","link":"https:\/\/cts-chile.cl\/weblog\/category\/contribuciones\/"},"img":{"alt_text":"","src":"https:\/\/i0.wp.com\/cts-chile.cl\/weblog\/wp-content\/uploads\/image.jpg?fit=552%2C690&quality=99&ssl=1","width":320,"height":0,"srcset":"https:\/\/i0.wp.com\/cts-chile.cl\/weblog\/wp-content\/uploads\/image.jpg?fit=552%2C690&quality=99&ssl=1 1x, https:\/\/i0.wp.com\/cts-chile.cl\/weblog\/wp-content\/uploads\/image.jpg?fit=552%2C690&quality=99&ssl=1 1.5x"},"classes":[]}],"_links":{"self":[{"href":"https:\/\/cts-chile.cl\/weblog\/wp-json\/wp\/v2\/posts\/1854","targetHints":{"allow":["GET"]}}],"collection":[{"href":"https:\/\/cts-chile.cl\/weblog\/wp-json\/wp\/v2\/posts"}],"about":[{"href":"https:\/\/cts-chile.cl\/weblog\/wp-json\/wp\/v2\/types\/post"}],"author":[{"embeddable":true,"href":"https:\/\/cts-chile.cl\/weblog\/wp-json\/wp\/v2\/users\/1"}],"replies":[{"embeddable":true,"href":"https:\/\/cts-chile.cl\/weblog\/wp-json\/wp\/v2\/comments?post=1854"}],"version-history":[{"count":0,"href":"https:\/\/cts-chile.cl\/weblog\/wp-json\/wp\/v2\/posts\/1854\/revisions"}],"wp:featuredmedia":[{"embeddable":true,"href":"https:\/\/cts-chile.cl\/weblog\/wp-json\/"}],"wp:attachment":[{"href":"https:\/\/cts-chile.cl\/weblog\/wp-json\/wp\/v2\/media?parent=1854"}],"wp:term":[{"taxonomy":"category","embeddable":true,"href":"https:\/\/cts-chile.cl\/weblog\/wp-json\/wp\/v2\/categories?post=1854"},{"taxonomy":"post_tag","embeddable":true,"href":"https:\/\/cts-chile.cl\/weblog\/wp-json\/wp\/v2\/tags?post=1854"}],"curies":[{"name":"wp","href":"https:\/\/api.w.org\/{rel}","templated":true}]}}