{"id":1843,"date":"2017-04-11T20:46:06","date_gmt":"2017-04-11T17:46:06","guid":{"rendered":"http:\/\/cts-chile.cl\/?p=1843"},"modified":"2024-10-10T19:03:06","modified_gmt":"2024-10-10T19:03:06","slug":"taller-energy-states-exploring-the-public-regulation-of-electricity-in-history-and-society","status":"publish","type":"post","link":"https:\/\/cts-chile.cl\/weblog\/2017\/04\/11\/taller-energy-states-exploring-the-public-regulation-of-electricity-in-history-and-society\/","title":{"rendered":"Taller &#8220;Energy States: Exploring the public regulation of electricity in history and society&#8221;"},"content":{"rendered":"<p>El pr\u00f3ximo 27 y 28 de abril el N\u00facleo Milenio de Investigaci\u00f3n sobre Energ\u00eda y Sociedad (NUMIES) llevar\u00e1 a cabo en dependencias de la Universidad Alberto Hurtado el workshop &#8220;Energy States: Exploring the public regulation of electricity in history and society&#8221;, el cual busca explorar la regulaci\u00f3n p\u00fablica de la energ\u00eda a trav\u00e9s de una \u00f3ptica de ciencias sociales. Adjuntos podr\u00e1n encontrar el programa y el poster del evento, el cual va a contar como expositores invitados a los profesores David E. Nye y Dominic Boyer, ambos expertos mundiales en el estudio social de la energ\u00eda.<\/p>\n<p><a href=\"http:\/\/www.energiaysociedad.cl\/workshop-energy-states-exploring-the-public-regulation-of-electricity-in-history-and-society\/\">La participaci\u00f3n es gratuita previa inscripci\u00f3n.<\/a><\/p>\n","protected":false},"excerpt":{"rendered":"<p>El pr\u00f3ximo 27 y 28 de abril el N\u00facleo Milenio de Investigaci\u00f3n sobre Energ\u00eda y Sociedad (NUMIES) llevar\u00e1 a cabo en dependencias de la Universidad Alberto Hurtado el workshop &#8220;Energy States: Exploring the public regulation of electricity in history and society&#8221;, el cual busca explorar la regulaci\u00f3n p\u00fablica de la energ\u00eda a trav\u00e9s de una<\/p>\n","protected":false},"author":1,"featured_media":1846,"comment_status":"open","ping_status":"closed","sticky":false,"template":"","format":"standard","meta":{"jetpack_post_was_ever_published":false,"_jetpack_newsletter_access":"","_jetpack_dont_email_post_to_subs":false,"_jetpack_newsletter_tier_id":0,"_jetpack_memberships_contains_paywalled_content":false,"_jetpack_memberships_contains_paid_content":false,"footnotes":"","jetpack_publicize_message":"","jetpack_publicize_feature_enabled":true,"jetpack_social_post_already_shared":true,"jetpack_social_options":{"image_generator_settings":{"template":"highway","default_image_id":0,"font":"","enabled":false},"version":2}},"categories":[5],"tags":[],"class_list":["post-1843","post","type-post","status-publish","format-standard","has-post-thumbnail","hentry","category-events"],"jetpack_publicize_connections":[],"jetpack_featured_media_url":"","jetpack_sharing_enabled":true,"jetpack-related-posts":[{"id":1847,"url":"https:\/\/cts-chile.cl\/weblog\/2017\/04\/12\/taller-energy-states-exploring-the-public-regulation-of-electricity-in-history-and-society-2\/","url_meta":{"origin":1843,"position":0},"title":"Taller  &#8220;Energy States: Exploring the public regulation of electricity in history and society&#8221;","author":"admin","date":"Abril 12, 2017","format":false,"excerpt":"El pr\u00f3ximo 27 y 28 de abril el N\u00facleo Milenio de Investigaci\u00f3n sobre Energ\u00eda y Sociedad (NUMIES) llevar\u00e1 a cabo en dependencias de la Universidad Alberto Hurtado el workshop \"Energy States: Exploring the public regulation of electricity in history and society\", el cual busca explorar la regulaci\u00f3n p\u00fablica de la\u2026","rel":"","context":"En &quot;Eventos&quot;","block_context":{"text":"Eventos","link":"https:\/\/cts-chile.cl\/weblog\/category\/events\/"},"img":{"alt_text":"","src":"","width":0,"height":0},"classes":[]},{"id":2285,"url":"https:\/\/cts-chile.cl\/weblog\/2018\/03\/28\/postulaciones-al-anthropocene-campus-melbourne-2018-acm18\/","url_meta":{"origin":1843,"position":1},"title":"Postulaciones al Anthropocene Campus Melbourne 2018 (ACM18)","author":"admin","date":"Marzo 28, 2018","format":false,"excerpt":"Est\u00e1 pronto a cerrarse el plazo para postular al Anthropocene Campus Melbourne 2018 SITIO del EVENTO Applications to participate in Anthropocene Campus Melbourne 2018 (ACM18) are closing at midnight AEDT on Tuesday 3 April 2018. Applicants will be informed of the outcome of their application by Monday 23 April 2018.\u2026","rel":"","context":"En &quot;Convocatorias&quot;","block_context":{"text":"Convocatorias","link":"https:\/\/cts-chile.cl\/weblog\/category\/convocatorias\/"},"img":{"alt_text":"","src":"","width":0,"height":0},"classes":[]},{"id":2105,"url":"https:\/\/cts-chile.cl\/weblog\/2017\/09\/06\/miembro-de-la-red-cts-es-premiado-en-la-reunion-anual-de-society-for-social-studies-of-science\/","url_meta":{"origin":1843,"position":2},"title":"Miembro de la red CTS es premiado en la reuni\u00f3n anual de Society for Social Studies of Science","author":"admin","date":"Septiembre 6, 2017","format":false,"excerpt":"Mart\u00edn P\u00e9rez Comiso fue distinguido en la sesi\u00f3n \"STS Making and Doing\" de la reuni\u00f3n Anual de la\u00a0Society for Social Studies of Science (4S) en su versi\u00f3n 2017, llevada a cabo en Boston entre el 30 de Agosto y 2 de Septiembre. El programa STS Making and Doing busca compartir\u2026","rel":"","context":"En &quot;Eventos&quot;","block_context":{"text":"Eventos","link":"https:\/\/cts-chile.cl\/weblog\/category\/events\/"},"img":{"alt_text":"","src":"","width":0,"height":0},"classes":[]},{"id":2083,"url":"https:\/\/cts-chile.cl\/weblog\/2017\/08\/03\/jueves-3-de-agosto-16-hrs-charla-en-idea-la-politica-de-patentes-y-los-movimientos-sociales-en-un-caso-comparado-sobre-ee-uu-y-europa\/","url_meta":{"origin":1843,"position":3},"title":"JUEVES 3 de AGOSTO, 16 hrs, CHARLA EN IDEA: La Pol\u00edtica de Patentes y los Movimientos Sociales en un caso comparado sobre EE.UU. y Europa","author":"admin","date":"Agosto 3, 2017","format":false,"excerpt":"La Pol\u00edtica de Patentes y los Movimientos Sociales en un caso comparado sobre EE.UU. y Europa Dra. Shobita\u00a0Parthasarathy Jueves 3 de agosto,\u00a0a las 16 hrs., en el Instituto de Estudios Avanzados (IDEA), ubicado en calle Rom\u00e1n D\u00edaz 89,\u00a0Providencia, Santiago. La Dra. Parthasarathy es graduada en Estudios de Ciencia y Tecnolog\u00eda,\u2026","rel":"","context":"En &quot;Eventos&quot;","block_context":{"text":"Eventos","link":"https:\/\/cts-chile.cl\/weblog\/category\/events\/"},"img":{"alt_text":"","src":"","width":0,"height":0},"classes":[]},{"id":2579,"url":"https:\/\/cts-chile.cl\/weblog\/2015\/08\/17\/hacia-el-ensamblaje-de-estudios-cts-en-chile-notas-del-ii-encuentro-cts-chile-en-temuco\/","url_meta":{"origin":1843,"position":4},"title":"Hacia el ensamblaje de Estudios CTS en Chile: Notas del II Encuentro CTS-Chile en Temuco","author":"admin","date":"Agosto 17, 2015","format":"image","excerpt":"En v\u00edas del desarrollo del III Encuentro CTS-Chile, en la ciudad de Valpara\u00edso, difundimos una columna elaborada por Ronald Cancino y Helder Binimelis, sobre el II Encuentro desarrollado en Temuco. Se ha publicado hace unos d\u00edas en el Blog de la Society for Social Studies of Science (4S), y dice\u2026","rel":"","context":"En &quot;Columnas&quot;","block_context":{"text":"Columnas","link":"https:\/\/cts-chile.cl\/weblog\/category\/columnas\/"},"img":{"alt_text":"","src":"http:\/\/img.youtube.com\/vi\/GCgbeObGYxk\/0.jpg","width":320,"height":0},"classes":[]},{"id":2434,"url":"https:\/\/cts-chile.cl\/weblog\/2018\/08\/25\/cts-chile-a-la-4s-sydney-2018\/","url_meta":{"origin":1843,"position":5},"title":"\u00a1CTS-Chile a la 4S &#8211; Sydney, 2018!","author":"admin","date":"Agosto 25, 2018","format":false,"excerpt":"Por Nicol\u00e1s Sanhueza La pr\u00f3xima semana comienza el esperado Encuentro Anual de la Sociedad para el Estudio Social de la Ciencia (Society for Social Studies of Science\/4S) en la ciudad de Sydney (Australia) y nuevamente la\u00a0 comunidad Chilena y en especial miembros de nuestra comunidad CTS-Chile se hacen presente a\u2026","rel":"","context":"En &quot;Eventos&quot;","block_context":{"text":"Eventos","link":"https:\/\/cts-chile.cl\/weblog\/category\/events\/"},"img":{"alt_text":"","src":"","width":0,"height":0},"classes":[]}],"_links":{"self":[{"href":"https:\/\/cts-chile.cl\/weblog\/wp-json\/wp\/v2\/posts\/1843","targetHints":{"allow":["GET"]}}],"collection":[{"href":"https:\/\/cts-chile.cl\/weblog\/wp-json\/wp\/v2\/posts"}],"about":[{"href":"https:\/\/cts-chile.cl\/weblog\/wp-json\/wp\/v2\/types\/post"}],"author":[{"embeddable":true,"href":"https:\/\/cts-chile.cl\/weblog\/wp-json\/wp\/v2\/users\/1"}],"replies":[{"embeddable":true,"href":"https:\/\/cts-chile.cl\/weblog\/wp-json\/wp\/v2\/comments?post=1843"}],"version-history":[{"count":1,"href":"https:\/\/cts-chile.cl\/weblog\/wp-json\/wp\/v2\/posts\/1843\/revisions"}],"predecessor-version":[{"id":2705,"href":"https:\/\/cts-chile.cl\/weblog\/wp-json\/wp\/v2\/posts\/1843\/revisions\/2705"}],"wp:featuredmedia":[{"embeddable":true,"href":"https:\/\/cts-chile.cl\/weblog\/wp-json\/"}],"wp:attachment":[{"href":"https:\/\/cts-chile.cl\/weblog\/wp-json\/wp\/v2\/media?parent=1843"}],"wp:term":[{"taxonomy":"category","embeddable":true,"href":"https:\/\/cts-chile.cl\/weblog\/wp-json\/wp\/v2\/categories?post=1843"},{"taxonomy":"post_tag","embeddable":true,"href":"https:\/\/cts-chile.cl\/weblog\/wp-json\/wp\/v2\/tags?post=1843"}],"curies":[{"name":"wp","href":"https:\/\/api.w.org\/{rel}","templated":true}]}}