{"id":1811,"date":"2017-02-28T00:35:04","date_gmt":"2017-02-27T21:35:04","guid":{"rendered":"http:\/\/cts-chile.cl\/?p=1811"},"modified":"2017-02-28T00:35:04","modified_gmt":"2017-02-27T21:35:04","slug":"llamado-a-resumenes-encuentro-anual-de-la-sociedad-de-estudios-sociales-de-la-ciencia-4s-boston-massachusetts-agosto-30-septiembre-2-2017-fecha-limite-para-envios-marzo-1-2017","status":"publish","type":"post","link":"https:\/\/cts-chile.cl\/weblog\/2017\/02\/28\/llamado-a-resumenes-encuentro-anual-de-la-sociedad-de-estudios-sociales-de-la-ciencia-4s-boston-massachusetts-agosto-30-septiembre-2-2017-fecha-limite-para-envios-marzo-1-2017\/","title":{"rendered":"Llamado a res\u00famenes Encuentro Anual de la Sociedad de Estudios Sociales de la Ciencia (4S). Boston, Massachusetts 2017"},"content":{"rendered":"<p>LLAMADO ESPECIAL A PARTICIPAR EN PANELES ORGANIZADOS POR PARTICIPANTES DE CTS-CHILE<\/p>\n<p>PANEL 88:\u00a0<strong>\u201cIn the making, on the move\u201d: perspectivas globales sobre la apropiaci\u00f3n tecnol\u00f3gica.<\/strong><\/p>\n<p><strong><em>PANEL 50. Can the Subaltern Research?<\/em><\/strong><\/p>\n<p><strong>Panel: \u201cIn the making, on the move\u201d: perspectivas globales sobre la apropiaci\u00f3n tecnol\u00f3gica.<\/strong><\/p>\n<p>Organizado por: Mart\u00edn P\u00e9rez Comisso, Universidad de Chile; Justin F. Pickard, Universidad de Sussex<\/p>\n<p><em>Las historias sobre la tecnolog\u00eda a menudo se narran desde el mito del h\u00e9roe: hombres geniales que, en momentos espec\u00edficos de lucidez, reflejan el sentimiento de una \u00e9poca, rescatan una invenci\u00f3n, una innovaci\u00f3n, para sus profesiones y pa\u00edses. Se han propuesto diferentes modelos para superar esta narrativa de h\u00e9roe: por ejemplo, cambiar el punto de observaci\u00f3n de la historia o centrarse en controversias, trayectorias u organismos que explican el momento, el impacto o la evoluci\u00f3n de un artefacto o sistema.<\/em><\/p>\n<p><em>Este panel propone que las historias de artefactos y sistemas sean (re)sensibilizadas a trav\u00e9s del estudio de apropiaci\u00f3n tecnol\u00f3gica, proceso que nos permite observar estas trayectorias desde una perspectiva anti heroica, con \u00e9nfasis en la diversidad global de grupos de usuarios, sitios, contextos, plataformas, infraestructuras involucradas en su acceso, aprendizaje, incorporaci\u00f3n y transformaci\u00f3n de tecnolog\u00edas en uso. La reescritura y reestructuraci\u00f3n de una determinada tecnolog\u00eda se puede ver desde un paradigma de movilidades (Urry et al.), Que nos permite abrir nuestros relatos a enfoques heterodoxos en las historias de las tecnolog\u00edas (postcolonial, colectivista, feminista, entre otras). Este panel espera ser un espacio de di\u00e1logo y debate sobre historias de apropiaci\u00f3n tecnol\u00f3gica. Estamos buscando trabajos comparativos, expl\u00edcitamente globales, ya sea en procesos din\u00e1micos o casos extendidos sobre los cambios culturales de una tecnolog\u00eda en una comunidad particular &#8211; por ejemplo, Estudios de capacidades compartidas, sobre la apropiaci\u00f3n en m\u00faltiples locaciones que representan las diferentes etapas de la evoluci\u00f3n de una determinada tecnolog\u00eda.<\/em><\/p>\n<p><strong>Proceso:<\/strong><\/p>\n<p>La fecha l\u00edmite para enviar un resumen es el 1 de marzo de 2017. Si desea participar en este panel abierto, deber\u00e1 seleccionarlo cuando env\u00ede su resumen a trav\u00e9s del sitio web de la conferencia 4S:\u00a0<a href=\"http:\/\/webmail.vtr.net\/Redirect\/6864EA7E\/www.4sonline.org\/meeting\">http:\/\/www.4sonline.org\/meeting<\/a>. Si desea discutir la relevancia de su trabajo en este panel, no dude en ponerse en contacto con nosotros:\u00a0<a href=\"mailto:mperezco@fen.uchile.cl\">mperezco@fen.uchile.cl<\/a>\u00a0o\u00a0<a href=\"mailto:%4a.%46.%50%69%63%6b%61%72%64@%73%75%73%73%65%78.%61%63.%75%6b\">J.F.Pickard@sussex.ac.uk<\/a><\/p>\n<p>&nbsp;<\/p>\n<p>&nbsp;<\/p>\n<p><strong><em>PANEL 50. Can the Subaltern Research?<\/em><\/strong><\/p>\n<p><strong><em>Organized by:\u00a0Ivan da Costa Marques, Universidade Federal do Rio de Janeiro; Anita Say Chan University of Illinois; David Nemer, University of Kentucky; Lars Bo Andersen, Aarhus University<\/em><\/strong><\/p>\n<p><strong><em>This panel questions research on \u2018the subaltern\u2019 by focusing on processes whereby established theory can reinscribe acts of domination and erasure of options, in a variation on Spivak\u2019s query,\u00a0 \u201cCan the Subaltern Speak?\u201d (1988) We point out three possible entry points: 1) The subaltern researcher.\u00a0 Xavier Polanco (1985) used the expression \u201cdomestic brain drain\u201d to identify \u201ca cognitive position assumed by Third World and Latin American scientists, who without emigrating from their countries guide their scientific work in terms of research fronts, reward systems and publication of developed countries.\u201d The ambivalences between simultaneously copying and rejecting the models of European civilization often lead subaltern colonized-colonizers who are approaching modernity to a hindrance. 2) Dialogue with the subaltern. A second entry point comes at the intersection of two seemingly accepted claims within the STS community: \u201cscience is capable of dialogue only on its own terms,\u201d and \u201ca respectful enough story is all one needs to go to trial with.\u201d\u00a0 The first will require that subaltern claims to knowledge be expressed and subjected to evaluation following scientific practices. On the second, \u201crespectful enough\u201d means producing a set of inscriptions which, by means of their juxtaposition, stabilize the story as an entity, that is, as something formed by a detachment from of the flux of (an ever moving) reality. 3) Conflicts and limits of authority. A third entry point would be any situation where there is a conflict between the authority of scientific knowledge or fact and the authority of a local popular non-expert knowledge that scientists classify as \u201cmere belief.\u201d On the one hand, the (colonizer) scientist, engineer or project manager is clearly privileged in determining the scientific or technological reality of what is at stake. On the other hand, subalterns may resist and evade the definition of their reality by others in numerous and sometimes quite effective ways. The panel thus welcomes any research that investigates the stakes and dynamics in such encounters between expert and subaltern knowledges and realities.<\/em><\/strong><\/p>\n<p>&nbsp;<\/p>\n<p><strong><em>PRAZO: 1 de mar\u00e7o de 2017<\/em><\/strong><\/p>\n<p><strong><em>(enviar proposta somente pelo site\u00a0<a href=\"http:\/\/webmail.vtr.net\/Redirect\/6864EA7E\/www.4sonline.org\/meeting\" target=\"_blank\" rel=\"noopener noreferrer\">http:\/\/www.4sonline.org\/m<wbr \/>eeting<\/a>, a partir de onde pode-se encontar todas as instru\u00e7\u00f5es)<\/em><\/strong><\/p>\n","protected":false},"excerpt":{"rendered":"<p>LLAMADO ESPECIAL A PARTICIPAR EN PANELES ORGANIZADOS POR PARTICIPANTES DE CTS-CHILE PANEL 88:\u00a0\u201cIn the making, on the move\u201d: perspectivas globales sobre la apropiaci\u00f3n tecnol\u00f3gica. PANEL 50. Can the Subaltern Research? Panel: \u201cIn the making, on the move\u201d: perspectivas globales sobre la apropiaci\u00f3n tecnol\u00f3gica. Organizado por: Mart\u00edn P\u00e9rez Comisso, Universidad de Chile; Justin F. Pickard, Universidad<\/p>\n","protected":false},"author":1,"featured_media":0,"comment_status":"open","ping_status":"closed","sticky":false,"template":"","format":"standard","meta":{"jetpack_post_was_ever_published":false,"_jetpack_newsletter_access":"","_jetpack_dont_email_post_to_subs":true,"_jetpack_newsletter_tier_id":0,"_jetpack_memberships_contains_paywalled_content":false,"_jetpack_memberships_contains_paid_content":false,"footnotes":"","jetpack_publicize_message":"","jetpack_publicize_feature_enabled":true,"jetpack_social_post_already_shared":true,"jetpack_social_options":{"image_generator_settings":{"template":"highway","default_image_id":0,"font":"","enabled":false},"version":2}},"categories":[26],"tags":[66],"class_list":["post-1811","post","type-post","status-publish","format-standard","hentry","category-convocatorias","tag-4s"],"jetpack_publicize_connections":[],"jetpack_featured_media_url":"","jetpack_sharing_enabled":true,"jetpack-related-posts":[{"id":2434,"url":"https:\/\/cts-chile.cl\/weblog\/2018\/08\/25\/cts-chile-a-la-4s-sydney-2018\/","url_meta":{"origin":1811,"position":0},"title":"\u00a1CTS-Chile a la 4S &#8211; Sydney, 2018!","author":"admin","date":"Agosto 25, 2018","format":false,"excerpt":"Por Nicol\u00e1s Sanhueza La pr\u00f3xima semana comienza el esperado Encuentro Anual de la Sociedad para el Estudio Social de la Ciencia (Society for Social Studies of Science\/4S) en la ciudad de Sydney (Australia) y nuevamente la\u00a0 comunidad Chilena y en especial miembros de nuestra comunidad CTS-Chile se hacen presente a\u2026","rel":"","context":"En &quot;Eventos&quot;","block_context":{"text":"Eventos","link":"https:\/\/cts-chile.cl\/weblog\/category\/events\/"},"img":{"alt_text":"","src":"","width":0,"height":0},"classes":[]},{"id":2129,"url":"https:\/\/cts-chile.cl\/weblog\/2017\/10\/25\/participa-del-v-encuentro-cts-chile\/","url_meta":{"origin":1811,"position":1},"title":"Participa del V Encuentro CTS- Chile, Curic\u00f3 2018","author":"admin","date":"Octubre 25, 2017","format":false,"excerpt":"La Universidad Cat\u00f3lica del Maule, campus Nuestra Sra. Del Carmen, ser\u00e1 la sede del V Encuentro de la Red Chilena de Ciencia, Tecnolog\u00eda y Sociedad CTS-Chile, que se desarrollar\u00e1 entre el 17 y 19 de enero del 2018. El encuentro, titulado \"Surcar campos tecnol\u00f3gicos: rupturas y amalgamas en torno a\u2026","rel":"","context":"En &quot;Eventos&quot;","block_context":{"text":"Eventos","link":"https:\/\/cts-chile.cl\/weblog\/category\/events\/"},"img":{"alt_text":"","src":"http:\/\/www.cts-chile.cl\/wp-content\/uploads\/2017\/10\/recorrido-cerro-300x174.png","width":320,"height":0},"classes":[]},{"id":2444,"url":"https:\/\/cts-chile.cl\/weblog\/2018\/11\/20\/amplia-plazo-de-propuestas-de-ejes-tematicos-hasta-el-07-de-dic\/","url_meta":{"origin":1811,"position":2},"title":"Hasta el 7 de diciembre se reciben ponencias a las Mesas Tem\u00e1ticas","author":"admin","date":"Noviembre 20, 2018","format":false,"excerpt":"La comisi\u00f3n organizadora del VI Encuentro CTS:\u00a0\u201cInfraestructuras, Temporalidades y Espacialidades: creaciones, tensiones y continuidades\u201d, tiene al agrado de informarles que la presentaci\u00f3n de ponencias ser\u00e1 hasta el 07 de diciembre de 2018. Mesas Tem\u00e1ticas MESA 1 - \"Activismos, espacialidad y CTS desde una perspectiva de g\u00e9nero\" MESA 2 - \"CTS\u2026","rel":"","context":"En &quot;Convocatorias&quot;","block_context":{"text":"Convocatorias","link":"https:\/\/cts-chile.cl\/weblog\/category\/convocatorias\/"},"img":{"alt_text":"","src":"","width":0,"height":0},"classes":[]},{"id":2157,"url":"https:\/\/cts-chile.cl\/weblog\/2017\/11\/01\/se-extiende-plazo-para-el-envio-de-ponencias-al-v-encuentro-cts-chile-2018\/","url_meta":{"origin":1811,"position":3},"title":"Se extiende plazo para el env\u00edo de ponencias al V Encuentro CTS-Chile 2018","author":"admin","date":"Noviembre 1, 2017","format":false,"excerpt":"Nuevo plazo de recepci\u00f3n de res\u00famenes y propuestas de paneles se extiende hasta el\u00a022 DE NOVIEMBRE. A la fecha,\u00a0se han recibido propuestas desde Colombia, Per\u00fa, Brasil, Argentina,\u00a0Inglaterra y Chile.\u00a0Quienes no han enviado a\u00fan sus res\u00famenes, podr\u00e1n hacerlo hasta\u00a0el pr\u00f3ximo 22 de noviembre. Todas las propuestas deben ser\u00a0ingresadas a trav\u00e9s del\u2026","rel":"","context":"En &quot;Eventos&quot;","block_context":{"text":"Eventos","link":"https:\/\/cts-chile.cl\/weblog\/category\/events\/"},"img":{"alt_text":"","src":"","width":0,"height":0},"classes":[]},{"id":107,"url":"https:\/\/cts-chile.cl\/weblog\/2019\/05\/13\/encuentrocts2020\/","url_meta":{"origin":1811,"position":4},"title":"VII Encuentro Anual de la Red CTS-Chile, enero 2020","author":"admin","date":"Mayo 13, 2019","format":false,"excerpt":"Convocatoria Alteridad. Del lat\u00edn alteritas, literalmente \u201ccualidad de ser otro\u201d, o estado de ser radicalmente ajeno al yo consciente o a una orientaci\u00f3n cultural particular. Cualidad de no ser igual; ser distinto o diferente de lo que de otra manera se experimenta o conoce. Desastres ecol\u00f3gicos a escala planetaria. Fragmentaci\u00f3n\u2026","rel":"","context":"En &quot;Encuentros&quot;","block_context":{"text":"Encuentros","link":"https:\/\/cts-chile.cl\/weblog\/category\/encuentros\/"},"img":{"alt_text":"","src":"","width":0,"height":0},"classes":[]},{"id":840,"url":"https:\/\/cts-chile.cl\/weblog\/2015\/10\/26\/extension-plazo-envio-paneles-4seasst-conference-bcn-2016\/","url_meta":{"origin":1811,"position":5},"title":"Extensi\u00f3n plazo env\u00edo paneles 4S\/EASST CONFERENCE BCN-2016","author":"admin","date":"Octubre 26, 2015","format":false,"excerpt":"Informaci\u00f3n sobre el env\u00edo de Paneles a la 4S\/EASST CONFERENCE BCN-2016: El plazo l\u00edmite para enviar propuestas de tracks se ha extendido 10 d\u00edas. La nueva fecha l\u00edmite es el 5 de noviembre. Hay 10 d\u00edas m\u00e1s para preparar los tracks si a\u00fan no lo ha hecho y no ten\u00eda\u2026","rel":"","context":"En &quot;Convocatorias&quot;","block_context":{"text":"Convocatorias","link":"https:\/\/cts-chile.cl\/weblog\/category\/convocatorias\/"},"img":{"alt_text":"","src":"","width":0,"height":0},"classes":[]}],"_links":{"self":[{"href":"https:\/\/cts-chile.cl\/weblog\/wp-json\/wp\/v2\/posts\/1811","targetHints":{"allow":["GET"]}}],"collection":[{"href":"https:\/\/cts-chile.cl\/weblog\/wp-json\/wp\/v2\/posts"}],"about":[{"href":"https:\/\/cts-chile.cl\/weblog\/wp-json\/wp\/v2\/types\/post"}],"author":[{"embeddable":true,"href":"https:\/\/cts-chile.cl\/weblog\/wp-json\/wp\/v2\/users\/1"}],"replies":[{"embeddable":true,"href":"https:\/\/cts-chile.cl\/weblog\/wp-json\/wp\/v2\/comments?post=1811"}],"version-history":[{"count":0,"href":"https:\/\/cts-chile.cl\/weblog\/wp-json\/wp\/v2\/posts\/1811\/revisions"}],"wp:attachment":[{"href":"https:\/\/cts-chile.cl\/weblog\/wp-json\/wp\/v2\/media?parent=1811"}],"wp:term":[{"taxonomy":"category","embeddable":true,"href":"https:\/\/cts-chile.cl\/weblog\/wp-json\/wp\/v2\/categories?post=1811"},{"taxonomy":"post_tag","embeddable":true,"href":"https:\/\/cts-chile.cl\/weblog\/wp-json\/wp\/v2\/tags?post=1811"}],"curies":[{"name":"wp","href":"https:\/\/api.w.org\/{rel}","templated":true}]}}