{"id":1790,"date":"2017-01-22T20:13:17","date_gmt":"2017-01-22T17:13:17","guid":{"rendered":"http:\/\/cts-chile.cl\/2017\/01\/22\/asamblea-iv-encuentro-cts-chile\/"},"modified":"2017-01-22T20:13:17","modified_gmt":"2017-01-22T17:13:17","slug":"asamblea-iv-encuentro-cts-chile","status":"publish","type":"post","link":"https:\/\/cts-chile.cl\/weblog\/2017\/01\/22\/asamblea-iv-encuentro-cts-chile\/","title":{"rendered":"Asamblea IV Encuentro CTS-Chile"},"content":{"rendered":"<p>Aproximadamente a las 4 de la tarde del viernes 20 de enero, y despu\u00e9s de una colorida y movilizada jornada de reflexi\u00f3n a cargo de Mart\u00edn P\u00e9rez Comisso y Mar\u00eda Teresa Santander -preparada tambi\u00e9n junto a Gloria Baigorrotegui y Manuel Tironi-, sobre las experiencias en torno a CTS-Chile, se inici\u00f3 la tradicional asamblea de cierre de los encuentros de la Red de Estudios de Ciencia, Tecnolog\u00eda y Sociedad en Chile. El motivo, pensarnos y repensarnos nuevamente en un escenario cient\u00edfico que ofrece escasos espacios para la reflexi\u00f3n sobre las pr\u00e1cticas de articulaci\u00f3n de mundos posibles, desde el quehacer de investigaci\u00f3n.<\/p>\n<p>La instancia fue coordinada por tres de los(as) organizadores(as) del encuentro, Jimena Carrasco, Pedro Galindo y Joaqu\u00edn Zeren\u00e9, y plante\u00f3 cuatro momentos: el cierre de las reflexiones planteadas en las mesas del encuentro, la proyecci\u00f3n del siguiente encuentro, la gesti\u00f3n de la p\u00e1gina web y la proyecci\u00f3n del Encuentro ESOCITE en Chile, a realizarse en 2018.<\/p>\n<p><a href=\"https:\/\/i0.wp.com\/cts-chile.cl\/wp-content\/uploads\/2017\/01\/img_5013-1.jpg?quality=99\"><img data-recalc-dims=\"1\" loading=\"lazy\" decoding=\"async\" class=\"alignnone size-full wp-image-1791\" src=\"https:\/\/i0.wp.com\/cts-chile.cl\/wp-content\/uploads\/2017\/01\/img_5013-1.jpg?resize=640%2C480&#038;quality=99\" alt=\"\" width=\"640\" height=\"480\" \/><\/a><br \/>\nSobre lo primero, se brind\u00f3 un plazo extendido para la revisi\u00f3n de los res\u00famenes de las ponencias que integraron las mesas, para integrarlos en un <b>libro de res\u00famenes <\/b>que ser\u00e1 distribuido entre los(as) asistentes. Al mismo tiempo, se espera el env\u00edo de s\u00edntesis de las mesas de trabajo, a cargo de los(as) coordinadores. El plazo para ambos procesos vence el <b>15 de marzo de 2017<\/b>.<\/p>\n<p>Al mismo tiempo, se transmiti\u00f3 que se publicar\u00e1 un resumen del encuentro en <b><a href=\"http:\/\/www.4sonline.org\">4S Online<\/a><\/b>, que ser\u00e1 enviado por la representante ante 4S, Gloria Baigorrotegui. Se har\u00e1 llegar al espacio el d\u00eda 10 de febrero de 2017.<\/p>\n<p>Sobre lo segundo, ya existe un lugar y encargados(as) de la organizaci\u00f3n del <b>V Encuentro de la Red CTS-Chile<\/b>: la propuesta es la sede de <b>Curic\u00f3<\/b> de la <b>Universidad Cat\u00f3lica del Maule<\/b>, y la organizaci\u00f3n estar\u00e1 a cargo inicialmente de Luis Guti\u00e9rrez, B\u00e1rbara Jerez, Patricia Pe\u00f1a, Tabita Moreno, Rodrigo Aburto y Catalina Gonz\u00e1lez.<\/p>\n<p>Acerca de la <b>p\u00e1gina web<\/b>, existir\u00e1 un relevo: Jorge Castillo-Sep\u00falveda dejar\u00e1 de estar a cargo para dar paso a Cecilia Ibarra, Pablo Paredes y Helder Binimelis (que ha participado en su gesti\u00f3n) para la administraci\u00f3n del sitio y otros canales de comunicaci\u00f3n, considerando el per\u00edodo de un a\u00f1o. Se mantendr\u00e1 la opci\u00f3n del pago a nuevos(as) miembros para que su perfil sea visibilizado en la web. El dinero permitir\u00e1 la mantenci\u00f3n del hosting y dominio. Helder Binimelis mantendr\u00e1 el registro de los dep\u00f3sitos. Asimismo, la actividad organizada antes de la asamblea servir\u00e1 como insumo para el dise\u00f1o de un nuevo logo de la red.<\/p>\n<p><a href=\"https:\/\/i0.wp.com\/cts-chile.cl\/wp-content\/uploads\/2017\/01\/img_0055.jpg?quality=99\"><img data-recalc-dims=\"1\" loading=\"lazy\" decoding=\"async\" class=\"alignnone size-full wp-image-1796\" src=\"https:\/\/i0.wp.com\/cts-chile.cl\/wp-content\/uploads\/2017\/01\/img_0055.jpg?resize=640%2C427&#038;quality=99\" alt=\"\" width=\"640\" height=\"427\" \/><\/a><br \/>\nFinalmente, sobre el <b>Encuentro de la Red de Estudios Sociales de la Ciencia y Tecnolog\u00eda de Latinoam\u00e9rica (ESOCITE)<\/b>, este se realizar\u00e1 aproximadamente en Junio de 2018 en Santiago de Chile. El siguiente grupo de miembros de la red integrar\u00e1 su organizaci\u00f3n: Ronald Cancino, Jorge Gibert, Andr\u00e9s G\u00f3mez, El\u00edas Barticevic Cornejo, Mart\u00edn P\u00e9rez Comisso, Catalina Careaga, Joaqu\u00edn Zeren\u00e9.<\/p>\n<p>Qued\u00f3 pendiente abordar una serie de elementos planteados como asuntos &#8220;varios&#8221;; como se\u00f1al\u00f3 Nelson Arellano, fue la disposici\u00f3n del espacio en la universidad (que comenzaba su per\u00edodo de vacaciones), y no las ganas, las que han limitado poder continuar la conversaci\u00f3n. Queda abierta la posibilidad de una reuni\u00f3n durante el a\u00f1o para tratar tales temas.<\/p>\n<p>Es todo cuanto podemos comentar de la \u00faltima actividad del IV Encuentro CTS-Chile en la Universidad Austral de Chile, Valdivia.<\/p>\n<p>Y claro, tal somo se mencion\u00f3, y no bastan situaciones para comentarlo, todos nuestros <b>agradecimientos<\/b> al equipo que ha organizado el IV Encuentro.<\/p>\n<p>&nbsp;<\/p>\n<p>PD: <i>Helder Binimelis ha compartido un \u00e1lbum con im\u00e1genes de algunas de las actividades del IV Encuentro. Puede encontrarse <a href=\"https:\/\/flickr.com\/photos\/73437654@N04\/sets\/72157677376967772\"><b>aqu\u00ed<\/b><\/a>.<\/i><\/p>\n","protected":false},"excerpt":{"rendered":"<p>Aproximadamente a las 4 de la tarde del viernes 20 de enero, y despu\u00e9s de una colorida y movilizada jornada de reflexi\u00f3n a cargo de Mart\u00edn P\u00e9rez Comisso y Mar\u00eda Teresa Santander -preparada tambi\u00e9n junto a Gloria Baigorrotegui y Manuel Tironi-, sobre las experiencias en torno a CTS-Chile, se inici\u00f3 la tradicional asamblea de cierre<\/p>\n","protected":false},"author":1,"featured_media":1789,"comment_status":"open","ping_status":"closed","sticky":false,"template":"","format":"standard","meta":{"jetpack_post_was_ever_published":false,"_jetpack_newsletter_access":"","_jetpack_dont_email_post_to_subs":true,"_jetpack_newsletter_tier_id":0,"_jetpack_memberships_contains_paywalled_content":false,"_jetpack_memberships_contains_paid_content":false,"footnotes":"","jetpack_publicize_message":"","jetpack_publicize_feature_enabled":true,"jetpack_social_post_already_shared":true,"jetpack_social_options":{"image_generator_settings":{"template":"highway","default_image_id":0,"font":"","enabled":false},"version":2}},"categories":[5],"tags":[76,47,48,50],"class_list":["post-1790","post","type-post","status-publish","format-standard","has-post-thumbnail","hentry","category-events","tag-asamblea","tag-cts-chile","tag-iv-encuentro","tag-valdivia"],"jetpack_publicize_connections":[],"jetpack_featured_media_url":"","jetpack_sharing_enabled":true,"jetpack-related-posts":[{"id":2577,"url":"https:\/\/cts-chile.cl\/weblog\/2014\/11\/10\/asamblea\/","url_meta":{"origin":1790,"position":0},"title":"Bruno Latour y CTS-Chile","author":"admin","date":"Noviembre 10, 2014","format":"image","excerpt":"El d\u00eda s\u00e1bado 8 de noviembre, entre las 16:30 y 18:30, una composici\u00f3n heterog\u00e9nea de integrantes de CTS-Chile tuvo un encuentro con Bruno Labour en su paso por Chile, a prop\u00f3sito de su participaci\u00f3n en Puerto de Ideas de Valpara\u00edso. La instancia de di\u00e1logo fue mediada y motivada por una\u2026","rel":"","context":"En &quot;Columnas&quot;","block_context":{"text":"Columnas","link":"https:\/\/cts-chile.cl\/weblog\/category\/columnas\/"},"img":{"alt_text":"","src":"https:\/\/www.cts-chile.cl\/wp-content\/uploads\/2014\/11\/IMG_1726-1024x376.jpg","width":320,"height":0,"srcset":"https:\/\/www.cts-chile.cl\/wp-content\/uploads\/2014\/11\/IMG_1726-1024x376.jpg 1x, https:\/\/www.cts-chile.cl\/wp-content\/uploads\/2014\/11\/IMG_1726-1024x376.jpg 1.5x, https:\/\/www.cts-chile.cl\/wp-content\/uploads\/2014\/11\/IMG_1726-1024x376.jpg 2x"},"classes":[]},{"id":2676,"url":"https:\/\/cts-chile.cl\/weblog\/2019\/11\/15\/reunion-asamblea-14-de-noviembre-2019\/","url_meta":{"origin":1790,"position":1},"title":"\u00bfQu\u00e9 es escuchar? Reuni\u00f3n-Asamblea, 14 de noviembre de 2019.","author":"admin","date":"Noviembre 15, 2019","format":false,"excerpt":"\u00bfQu\u00e9 es escuchar? Sentarse -o pararse-, respirar, mirar, activar un \u00f3rgano... O varios \u00f3rganos que en sus relaciones configuran un efecto. O bien no devenir \u00f3rganos y simplemente resonar. La escucha no se define por su naturalidad, sino por su pr\u00e1ctica. Hoy nos reunimos un peque\u00f1o grupo -quienes pudimos llegar\u2026","rel":"","context":"En &quot;Eventos&quot;","block_context":{"text":"Eventos","link":"https:\/\/cts-chile.cl\/weblog\/category\/events\/"},"img":{"alt_text":"","src":"https:\/\/i0.wp.com\/cts-chile.cl\/weblog\/wp-content\/uploads\/Screenshot-2024-10-11-at-13.04.07-scaled.jpg?fit=1200%2C887&quality=99&ssl=1","width":320,"height":0,"srcset":"https:\/\/i0.wp.com\/cts-chile.cl\/weblog\/wp-content\/uploads\/Screenshot-2024-10-11-at-13.04.07-scaled.jpg?fit=1200%2C887&quality=99&ssl=1 1x, https:\/\/i0.wp.com\/cts-chile.cl\/weblog\/wp-content\/uploads\/Screenshot-2024-10-11-at-13.04.07-scaled.jpg?fit=1200%2C887&quality=99&ssl=1 1.5x, https:\/\/i0.wp.com\/cts-chile.cl\/weblog\/wp-content\/uploads\/Screenshot-2024-10-11-at-13.04.07-scaled.jpg?fit=1200%2C887&quality=99&ssl=1 2x, https:\/\/i0.wp.com\/cts-chile.cl\/weblog\/wp-content\/uploads\/Screenshot-2024-10-11-at-13.04.07-scaled.jpg?fit=1200%2C887&quality=99&ssl=1 3x"},"classes":[]},{"id":1131,"url":"https:\/\/cts-chile.cl\/weblog\/2016\/02\/26\/el-futuro-de-la-red-cts-chile\/","url_meta":{"origin":1790,"position":2},"title":"El futuro de la Red CTS-Chile","author":"admin","date":"Febrero 26, 2016","format":"image","excerpt":"Una vez finalizado en III Encuentro Ciencia, Tecnolog\u00eda y Sociedad, de la Red CTS-Chile, efectuado entre los d\u00edas 13 al 15 de enero en dependencias de\u00a0la Pontificia Universidad Cat\u00f3lica de Valpara\u00edso, es necesario en primer lugar agradecer al Comit\u00e9 Organizador: Juan Felipe Espinosa (Escuela de\u00a0Comercio de\u00a0la Pontifica Universidad Cat\u00f3lica de\u2026","rel":"","context":"En &quot;Convocatorias&quot;","block_context":{"text":"Convocatorias","link":"https:\/\/cts-chile.cl\/weblog\/category\/convocatorias\/"},"img":{"alt_text":"IMG_1013","src":"http:\/\/cts-chile.cl\/wp-content\/uploads\/2014\/09\/cropped-Photo-Jun-07-11-31-45-AM.jpg","width":320,"height":0},"classes":[]},{"id":1629,"url":"https:\/\/cts-chile.cl\/weblog\/2016\/10\/06\/ii-encuentro-de-comunicacion-y-cultura-cientifica\/","url_meta":{"origin":1790,"position":3},"title":"II Encuentro de Comunicaci\u00f3n y Cultura Cient\u00edfica","author":"admin","date":"Octubre 6, 2016","format":false,"excerpt":"\u00bfLa cultura cient\u00edfica ha muerto? \u00a1Viva la cultura cient\u00edfica! La Encuesta Nacional de Percepci\u00f3n Social de la Ciencia y la Tecnolog\u00eda en Chile 2016 realizada por la Comisi\u00f3n Nacional de Investigaci\u00f3n Cient\u00edfica y Tecnol\u00f3gica (CONICYT) \u00a0se enmarca en un esfuerzo creciente por mejorar la comunicaci\u00f3n de la ciencia en el\u2026","rel":"","context":"En &quot;Convocatorias&quot;","block_context":{"text":"Convocatorias","link":"https:\/\/cts-chile.cl\/weblog\/category\/convocatorias\/"},"img":{"alt_text":"608cb88c-232f-428c-83ac-53985be8d1e8","src":"http:\/\/cts-chile.cl\/wp-content\/uploads\/2016\/10\/608CB88C-232F-428C-83AC-53985BE8D1E8.jpg","width":320,"height":0,"srcset":"http:\/\/cts-chile.cl\/wp-content\/uploads\/2016\/10\/608CB88C-232F-428C-83AC-53985BE8D1E8.jpg 1x, http:\/\/cts-chile.cl\/wp-content\/uploads\/2016\/10\/608CB88C-232F-428C-83AC-53985BE8D1E8.jpg 1.5x"},"classes":[]},{"id":1782,"url":"https:\/\/cts-chile.cl\/weblog\/2017\/01\/16\/programa-iv-encuentro-cts-chile-valdivia-2017\/","url_meta":{"origin":1790,"position":4},"title":"Programa IV Encuentro CTS-Chile, Valdivia 2017","author":"admin","date":"Enero 16, 2017","format":false,"excerpt":"El Comit\u00e9 Organizador del IV Encuentro CTS-Chile: \"Cartograf\u00edas L\u00edquidas y Territorios Sociot\u00e9cnicos\", Valdivia 2017, presenta el Programa de actividades de la jornada. Puede descargarse desde el siguiente enlace o haciendo click en la imagen.","rel":"","context":"En &quot;Eventos&quot;","block_context":{"text":"Eventos","link":"https:\/\/cts-chile.cl\/weblog\/category\/events\/"},"img":{"alt_text":"","src":"http:\/\/cts-chile.cl\/wp-content\/uploads\/2017\/01\/Programa-IV-Encuentro-Red-CTS-Chile-version-16-ene-2017-791x1024.jpg","width":320,"height":0,"srcset":"http:\/\/cts-chile.cl\/wp-content\/uploads\/2017\/01\/Programa-IV-Encuentro-Red-CTS-Chile-version-16-ene-2017-791x1024.jpg 1x, http:\/\/cts-chile.cl\/wp-content\/uploads\/2017\/01\/Programa-IV-Encuentro-Red-CTS-Chile-version-16-ene-2017-791x1024.jpg 1.5x, http:\/\/cts-chile.cl\/wp-content\/uploads\/2017\/01\/Programa-IV-Encuentro-Red-CTS-Chile-version-16-ene-2017-791x1024.jpg 2x"},"classes":[]},{"id":1770,"url":"https:\/\/cts-chile.cl\/weblog\/2017\/01\/05\/confirmacion-de-asistencia-iv-encuentro-cts-chile\/","url_meta":{"origin":1790,"position":5},"title":"Confirmaci\u00f3n de asistencia IV Encuentro CTS-Chile","author":"admin","date":"Enero 5, 2017","format":false,"excerpt":"Quedan pocos d\u00edas para el inicio del IV Encuentro en la ciudad de Valdivia. Ya han comenzado a ser enviadas las notificaciones de aceptaci\u00f3n de ponencias en las distintas mesas que organizar\u00e1n las presentaciones este a\u00f1o. Se recuerda que es necesario confirmar lo antes posible la participaci\u00f3n y asistencia al\u2026","rel":"","context":"En &quot;Convocatorias&quot;","block_context":{"text":"Convocatorias","link":"https:\/\/cts-chile.cl\/weblog\/category\/convocatorias\/"},"img":{"alt_text":"","src":"","width":0,"height":0},"classes":[]}],"_links":{"self":[{"href":"https:\/\/cts-chile.cl\/weblog\/wp-json\/wp\/v2\/posts\/1790","targetHints":{"allow":["GET"]}}],"collection":[{"href":"https:\/\/cts-chile.cl\/weblog\/wp-json\/wp\/v2\/posts"}],"about":[{"href":"https:\/\/cts-chile.cl\/weblog\/wp-json\/wp\/v2\/types\/post"}],"author":[{"embeddable":true,"href":"https:\/\/cts-chile.cl\/weblog\/wp-json\/wp\/v2\/users\/1"}],"replies":[{"embeddable":true,"href":"https:\/\/cts-chile.cl\/weblog\/wp-json\/wp\/v2\/comments?post=1790"}],"version-history":[{"count":0,"href":"https:\/\/cts-chile.cl\/weblog\/wp-json\/wp\/v2\/posts\/1790\/revisions"}],"wp:featuredmedia":[{"embeddable":true,"href":"https:\/\/cts-chile.cl\/weblog\/wp-json\/"}],"wp:attachment":[{"href":"https:\/\/cts-chile.cl\/weblog\/wp-json\/wp\/v2\/media?parent=1790"}],"wp:term":[{"taxonomy":"category","embeddable":true,"href":"https:\/\/cts-chile.cl\/weblog\/wp-json\/wp\/v2\/categories?post=1790"},{"taxonomy":"post_tag","embeddable":true,"href":"https:\/\/cts-chile.cl\/weblog\/wp-json\/wp\/v2\/tags?post=1790"}],"curies":[{"name":"wp","href":"https:\/\/api.w.org\/{rel}","templated":true}]}}