{"id":1131,"date":"2016-02-26T12:40:08","date_gmt":"2016-02-26T15:40:08","guid":{"rendered":"http:\/\/cts-chile.cl\/?p=1131"},"modified":"2016-02-26T12:40:08","modified_gmt":"2016-02-26T15:40:08","slug":"el-futuro-de-la-red-cts-chile","status":"publish","type":"post","link":"https:\/\/cts-chile.cl\/weblog\/2016\/02\/26\/el-futuro-de-la-red-cts-chile\/","title":{"rendered":"El futuro de la Red CTS-Chile"},"content":{"rendered":"<p style=\"text-align: justify;\">Una vez finalizado en III Encuentro Ciencia, Tecnolog\u00eda y Sociedad, de la Red CTS-Chile, efectuado entre los d\u00edas 13 al 15 de enero en dependencias de\u00a0la Pontificia Universidad Cat\u00f3lica de Valpara\u00edso, es necesario en primer lugar agradecer al Comit\u00e9 Organizador: Juan Felipe Espinosa (Escuela de\u00a0Comercio de\u00a0la Pontifica Universidad Cat\u00f3lica de Valpara\u00edso), Gloria Baigorrotegui (IDEA de\u00a0la Universidad de Santiago de Chile) y Mart\u00edn P\u00e9rez (Universidad de Chile).<\/p>\n<p style=\"text-align: justify;\">La discusi\u00f3n final en la ya habitual reuni\u00f3n anual de los miembros de la RED CTS-Chile dej\u00f3 profundos desaf\u00edos tanto en relaci\u00f3n a los Encuentros como a la organizaci\u00f3n y estructura de la Red CTS-Chile, los que ahora comentamos brevemente.<\/p>\n<h3 style=\"text-align: justify;\">Nuevas Actividades en los Encuentros<\/h3>\n<p style=\"text-align: justify;\"><img data-recalc-dims=\"1\" loading=\"lazy\" decoding=\"async\" class=\"size-medium wp-image-1133 alignleft\" src=\"https:\/\/i0.wp.com\/cts-chile.cl\/wp-content\/uploads\/2014\/09\/cropped-Photo-Jun-07-11-31-45-AM.jpg?resize=300%2C200&#038;quality=99\" alt=\"IMG_1013\" width=\"300\" height=\"200\" \/><\/p>\n<p style=\"text-align: justify;\">Una sensaci\u00f3n compartida por todos los participantes es que la organizaci\u00f3n del Encuentro y el entorno (la ciudad de Valpara\u00edso) fueron simplemente impecables. Por ello, la planificaci\u00f3n de nuevas actividades para el futuro se torna m\u00e1s desafiante. Recojo ac\u00e1 algunas propuestas de la reuni\u00f3n final en relaci\u00f3n a contenidos:<\/p>\n<ul>\n<li style=\"text-align: justify;\">Desarrollar nuevos formatos de presentaci\u00f3n como p\u00f3sters y tracks.<\/li>\n<li style=\"text-align: justify;\">Proponer mesas en temas como tecnolog\u00eda y g\u00e9nero, epistemolog\u00edas y metodolog\u00edas en estudios CTS.<\/li>\n<li style=\"text-align: justify;\">Presentaciones de libros.<\/li>\n<li style=\"text-align: justify;\">Presentaci\u00f3n de grupos de investigaci\u00f3n.<\/li>\n<li style=\"text-align: justify;\">M\u00e1s espacios de encuentro con organizaciones de la sociedad civil, a lo que se puede agregar ciclos de pel\u00edculas o documentales en tem\u00e1ticas relevantes para CTS.<\/li>\n<\/ul>\n<p style=\"text-align: justify;\">Otras propuestas de organizaci\u00f3n:<\/p>\n<ul>\n<li style=\"text-align: justify;\">Se propuso intencionar el encuentro y la reflexi\u00f3n interdisciplinar a partir de temas de investigaci\u00f3n, eliminando las mesas disciplinares.<\/li>\n<li style=\"text-align: justify;\">Se propuso tambi\u00e9n una mayor apertura hacia Latinoam\u00e9rica y sus importantes avances en lo estudios CTS.<\/li>\n<li style=\"text-align: justify;\">Finalmente, procurar mejores procesos de comunicaci\u00f3n entre los miembros de la red para organizar nuevos espacios sociales de encuentro.<\/li>\n<\/ul>\n<h3 style=\"text-align: justify;\">Pr\u00f3ximo Encuentros<\/h3>\n<p style=\"text-align: justify;\"><img data-recalc-dims=\"1\" loading=\"lazy\" decoding=\"async\" class=\"size-medium wp-image-1136 alignright\" src=\"https:\/\/i0.wp.com\/cts-chile.cl\/wp-content\/uploads\/2014\/09\/cropped-Photo-Jun-07-11-31-45-AM.jpg?resize=300%2C200&#038;quality=99\" alt=\"IMG_0903\" width=\"300\" height=\"200\" \/>Creo que todos tenemos la certeza que nos veremos nuevamente el 2017 en el IV Encuentro. Por ahora no hay un lugar o una fecha definitiva (aunque quiz\u00e1 sea un lugar muy al Sur, en una ciudad, un r\u00edo&#8230;). Por ahora, adelantamos que se constituy\u00f3 un grupo de trabajo que ha empezado a desarrollar esta posibilidad.<\/p>\n<h3 style=\"text-align: justify;\">CTS-Chile y su organizaci\u00f3n<\/h3>\n<p style=\"text-align: justify;\">M\u00e1s all\u00e1 de los encuentros, que se han constituido en la actividad central de la Red, en la reuni\u00f3n final surgi\u00f3 la preocupaci\u00f3n por su organizaci\u00f3n. \u00bfEst\u00e1 bien seguir tal como hasta ahora? \u00bfSe requiere un proceso mayor de institucionalizaci\u00f3n? \u00bfCu\u00e1les son los pros y contras en cada caso?<\/p>\n<p style=\"text-align: justify;\">No es algo que pudi\u00e9ramos resolver en tan corto tiempo, por lo que se propuso iniciar una debate abierto sobre el futuro de la Red CTS-Chile, aprovechando el espacio de discusi\u00f3n que permite nuestro sitio web.<\/p>\n<p style=\"text-align: justify;\">Esperamos entonces que\u00a0a partir de las impresiones aqu\u00ed presentadas, puedan compartir sus visiones de futuro y sus expectativas para CTS-Chile. En los pr\u00f3ximos meses nuestro sitio estar\u00e1 abierto a estas discusiones. El plazo en que nos propusimos concluir esta discusi\u00f3n es el 21 de junio, fecha en que el Pueblo Mapuche celebra el We Tripant\u00fc, el a\u00f1o nuevo. Que sea tambi\u00e9n para todos los miembros de la Red el inicio de un nuevo ciclo, de un tiempo mejor.<\/p>\n<h3 style=\"text-align: justify;\"><img data-recalc-dims=\"1\" loading=\"lazy\" decoding=\"async\" class=\"size-medium wp-image-1134 aligncenter\" src=\"https:\/\/i0.wp.com\/cts-chile.cl\/wp-content\/uploads\/2014\/09\/cropped-Photo-Jun-07-11-31-45-AM.jpg?resize=300%2C200&#038;quality=99\" alt=\"IMG_1070\" width=\"300\" height=\"200\" \/><\/h3>\n","protected":false},"excerpt":{"rendered":"<p>Una vez finalizado en III Encuentro Ciencia, Tecnolog\u00eda y Sociedad, de la Red CTS-Chile, efectuado entre los d\u00edas 13 al 15 de enero en dependencias de\u00a0la Pontificia Universidad Cat\u00f3lica de Valpara\u00edso, es necesario en primer lugar agradecer al Comit\u00e9 Organizador: Juan Felipe Espinosa (Escuela de\u00a0Comercio de\u00a0la Pontifica Universidad Cat\u00f3lica de Valpara\u00edso), Gloria Baigorrotegui (IDEA de\u00a0la<\/p>\n","protected":false},"author":1,"featured_media":1421,"comment_status":"closed","ping_status":"closed","sticky":false,"template":"","format":"image","meta":{"jetpack_post_was_ever_published":false,"_jetpack_newsletter_access":"","_jetpack_dont_email_post_to_subs":false,"_jetpack_newsletter_tier_id":0,"_jetpack_memberships_contains_paywalled_content":false,"_jetpack_memberships_contains_paid_content":false,"footnotes":"","jetpack_publicize_message":"","jetpack_publicize_feature_enabled":true,"jetpack_social_post_already_shared":true,"jetpack_social_options":{"image_generator_settings":{"template":"highway","default_image_id":0,"font":"","enabled":false},"version":2}},"categories":[26],"tags":[47,48,49],"class_list":["post-1131","post","type-post","status-publish","format-image","has-post-thumbnail","hentry","category-convocatorias","tag-cts-chile","tag-iv-encuentro","tag-organizacion","post_format-post-format-image"],"jetpack_publicize_connections":[],"jetpack_featured_media_url":"","jetpack_sharing_enabled":true,"jetpack-related-posts":[{"id":1993,"url":"https:\/\/cts-chile.cl\/weblog\/2017\/06\/22\/curico-sera-anfitrion-del-v-encuentro-cts-chile\/","url_meta":{"origin":1131,"position":0},"title":"Curic\u00f3 ser\u00e1 anfitri\u00f3n del V Encuentro CTS-Chile","author":"admin","date":"Junio 22, 2017","format":false,"excerpt":"Ya comenzaron los preparativos del V Encuentro de la Red Chilena de Ciencia, Tecnolog\u00eda y Sociedad CTS-Chile, que se desarrollar\u00e1 en la Universidad Cat\u00f3lica del Maule (UCM), en su Sede Curic\u00f3, los pr\u00f3ximos 17, 18 y 19 de enero del 2018. \"Esta propuesta surge en el marco de dar mayor\u2026","rel":"","context":"En &quot;Eventos&quot;","block_context":{"text":"Eventos","link":"https:\/\/cts-chile.cl\/weblog\/category\/events\/"},"img":{"alt_text":"","src":"","width":0,"height":0},"classes":[]},{"id":3778,"url":"https:\/\/cts-chile.cl\/weblog\/2025\/12\/31\/algunos-registros-visuales-del-iii-encuentro-cts-chile\/","url_meta":{"origin":1131,"position":1},"title":"Algunos registros visuales del III Encuentro CTS-Chile.","author":"Post Email","date":"Diciembre 31, 2025","format":false,"excerpt":"Algunos registros visuales del III Encuentro CTS-Chile, 2016, Valpara\u00edso, Pontificia Universidad Cat\u00f3lica de Valpara\u00edso, IDEA (Universidad de Santiago de Chile), Universidad de Chile, Universidad de Valpara\u00edso.","rel":"","context":"En &quot;Registro Visual&quot;","block_context":{"text":"Registro Visual","link":"https:\/\/cts-chile.cl\/weblog\/category\/registro-visual\/"},"img":{"alt_text":"","src":"https:\/\/i0.wp.com\/cts-chile.cl\/weblog\/wp-content\/uploads\/IMG_1054.jpeg?fit=1200%2C456&quality=99&ssl=1","width":320,"height":0,"srcset":"https:\/\/i0.wp.com\/cts-chile.cl\/weblog\/wp-content\/uploads\/IMG_1054.jpeg?fit=1200%2C456&quality=99&ssl=1 1x, https:\/\/i0.wp.com\/cts-chile.cl\/weblog\/wp-content\/uploads\/IMG_1054.jpeg?fit=1200%2C456&quality=99&ssl=1 1.5x, https:\/\/i0.wp.com\/cts-chile.cl\/weblog\/wp-content\/uploads\/IMG_1054.jpeg?fit=1200%2C456&quality=99&ssl=1 2x, https:\/\/i0.wp.com\/cts-chile.cl\/weblog\/wp-content\/uploads\/IMG_1054.jpeg?fit=1200%2C456&quality=99&ssl=1 3x"},"classes":[]},{"id":2579,"url":"https:\/\/cts-chile.cl\/weblog\/2015\/08\/17\/hacia-el-ensamblaje-de-estudios-cts-en-chile-notas-del-ii-encuentro-cts-chile-en-temuco\/","url_meta":{"origin":1131,"position":2},"title":"Hacia el ensamblaje de Estudios CTS en Chile: Notas del II Encuentro CTS-Chile en Temuco","author":"admin","date":"Agosto 17, 2015","format":"image","excerpt":"En v\u00edas del desarrollo del III Encuentro CTS-Chile, en la ciudad de Valpara\u00edso, difundimos una columna elaborada por Ronald Cancino y Helder Binimelis, sobre el II Encuentro desarrollado en Temuco. Se ha publicado hace unos d\u00edas en el Blog de la Society for Social Studies of Science (4S), y dice\u2026","rel":"","context":"En &quot;Columnas&quot;","block_context":{"text":"Columnas","link":"https:\/\/cts-chile.cl\/weblog\/category\/columnas\/"},"img":{"alt_text":"","src":"http:\/\/img.youtube.com\/vi\/GCgbeObGYxk\/0.jpg","width":320,"height":0},"classes":[]},{"id":781,"url":"https:\/\/cts-chile.cl\/weblog\/2015\/09\/11\/iii-encuentro-cts-chile-valparaiso-chile\/","url_meta":{"origin":1131,"position":3},"title":"Llamado a presentar res\u00famenes, III Encuentro CTS-Chile, Valpara\u00edso, Chile","author":"admin","date":"Septiembre 11, 2015","format":"image","excerpt":"\"Ciudadan\u00eda, Colectivo, Conocimiento y Poder. Logros y Desaf\u00edos para los estudios de Ciencia, Tecnolog\u00eda y Sociedad\" Los modos de comprender la articulaci\u00f3n del poder y el conocimiento est\u00e1n abriendo m\u00faltiples vetas de reflexi\u00f3n, intervenci\u00f3n y cr\u00edtica. En nuestro tercer encuentro queremos ahondar en estos modos situ\u00e1ndonos en nuestra am\u00e9rica latina\u2026","rel":"","context":"En &quot;Eventos&quot;","block_context":{"text":"Eventos","link":"https:\/\/cts-chile.cl\/weblog\/category\/events\/"},"img":{"alt_text":"logo","src":"http:\/\/cts-chile.cl\/wp-content\/uploads\/2014\/09\/cropped-Photo-Jun-07-11-31-45-AM.jpg","width":320,"height":0,"srcset":"http:\/\/cts-chile.cl\/wp-content\/uploads\/2014\/09\/cropped-Photo-Jun-07-11-31-45-AM.jpg 1x, http:\/\/cts-chile.cl\/wp-content\/uploads\/2014\/09\/cropped-Photo-Jun-07-11-31-45-AM.jpg 1.5x, http:\/\/cts-chile.cl\/wp-content\/uploads\/2014\/09\/cropped-Photo-Jun-07-11-31-45-AM.jpg 2x"},"classes":[]},{"id":982,"url":"https:\/\/cts-chile.cl\/weblog\/2016\/01\/04\/informacion-relevante-iii-encuentro-cts-chile\/","url_meta":{"origin":1131,"position":4},"title":"Informaci\u00f3n relevante III Encuentro CTS-Chile.","author":"admin","date":"Enero 4, 2016","format":"image","excerpt":"\u00a0Investigadores(as) de la comunidad CTS, Nos es un agrado c\u00f3mo Comit\u00e9 Organizador hacerles llegar la informaci\u00f3n respecto a las actividades del encuentro CTS Chile, Valpara\u00edso 2016. Organizado por la\u00a0Pontificia Universidad Cat\u00f3lica de Valpara\u00edso, con la colaboraci\u00f3n de las Universidad de Valpara\u00edso, Universidad de Santiago y Universidad de Chile.\u00a0 \u00bfD\u00f3nde y\u2026","rel":"","context":"En &quot;Convocatorias&quot;","block_context":{"text":"Convocatorias","link":"https:\/\/cts-chile.cl\/weblog\/category\/convocatorias\/"},"img":{"alt_text":"http:\/\/cts-chile.cl\/wp-content\/uploads\/2014\/09\/cropped-Photo-Jun-07-11-31-45-AM.jpg","src":"http:\/\/cts-chile.cl\/wp-content\/uploads\/2014\/09\/cropped-Photo-Jun-07-11-31-45-AM.jpg","width":320,"height":0,"srcset":"http:\/\/cts-chile.cl\/wp-content\/uploads\/2014\/09\/cropped-Photo-Jun-07-11-31-45-AM.jpg 1x, http:\/\/cts-chile.cl\/wp-content\/uploads\/2014\/09\/cropped-Photo-Jun-07-11-31-45-AM.jpg 1.5x, http:\/\/cts-chile.cl\/wp-content\/uploads\/2014\/09\/cropped-Photo-Jun-07-11-31-45-AM.jpg 2x"},"classes":[]},{"id":868,"url":"https:\/\/cts-chile.cl\/weblog\/2015\/10\/31\/extension-de-plazo-para-presentar-resumenes\/","url_meta":{"origin":1131,"position":5},"title":"Extensi\u00f3n de plazo para presentar res\u00famenes","author":"admin","date":"Octubre 31, 2015","format":"image","excerpt":"El Comit\u00e9 Organizador ha\u00a0extendido el plazo hasta el d\u00eda 15 de Noviembre, 2015. III Encuentro CTS-Chile \u201cCiudadan\u00eda, Colectivo, Conocimiento y Poder.Logros y Desaf\u00edos para los estudios de Ciencia, Tecnolog\u00eda y Sociedad\u201d Los modos de comprender la articulaci\u00f3n del poder y el conocimiento est\u00e1n abriendo m\u00faltiples vetas de reflexi\u00f3n, intervenci\u00f3n y\u2026","rel":"","context":"En &quot;Convocatorias&quot;","block_context":{"text":"Convocatorias","link":"https:\/\/cts-chile.cl\/weblog\/category\/convocatorias\/"},"img":{"alt_text":"Logo","src":"http:\/\/cts-chile.cl\/wp-content\/uploads\/2014\/09\/cropped-Photo-Jun-07-11-31-45-AM.jpg","width":320,"height":0},"classes":[]}],"_links":{"self":[{"href":"https:\/\/cts-chile.cl\/weblog\/wp-json\/wp\/v2\/posts\/1131","targetHints":{"allow":["GET"]}}],"collection":[{"href":"https:\/\/cts-chile.cl\/weblog\/wp-json\/wp\/v2\/posts"}],"about":[{"href":"https:\/\/cts-chile.cl\/weblog\/wp-json\/wp\/v2\/types\/post"}],"author":[{"embeddable":true,"href":"https:\/\/cts-chile.cl\/weblog\/wp-json\/wp\/v2\/users\/1"}],"replies":[{"embeddable":true,"href":"https:\/\/cts-chile.cl\/weblog\/wp-json\/wp\/v2\/comments?post=1131"}],"version-history":[{"count":0,"href":"https:\/\/cts-chile.cl\/weblog\/wp-json\/wp\/v2\/posts\/1131\/revisions"}],"wp:featuredmedia":[{"embeddable":true,"href":"https:\/\/cts-chile.cl\/weblog\/wp-json\/"}],"wp:attachment":[{"href":"https:\/\/cts-chile.cl\/weblog\/wp-json\/wp\/v2\/media?parent=1131"}],"wp:term":[{"taxonomy":"category","embeddable":true,"href":"https:\/\/cts-chile.cl\/weblog\/wp-json\/wp\/v2\/categories?post=1131"},{"taxonomy":"post_tag","embeddable":true,"href":"https:\/\/cts-chile.cl\/weblog\/wp-json\/wp\/v2\/tags?post=1131"}],"curies":[{"name":"wp","href":"https:\/\/api.w.org\/{rel}","templated":true}]}}